{"id":16273,"date":"2026-02-05T04:48:07","date_gmt":"2026-02-05T04:48:07","guid":{"rendered":"https:\/\/bihavadis.com\/?p=16273"},"modified":"2026-02-05T04:48:07","modified_gmt":"2026-02-05T04:48:07","slug":"baskan-ozarslandan-personelin-yuzunu-gulduren-maas-zammi","status":"publish","type":"post","link":"https:\/\/bihavadis.com\/index.php\/2026\/02\/05\/baskan-ozarslandan-personelin-yuzunu-gulduren-maas-zammi\/","title":{"rendered":"Ba\u015fkan \u00d6zarslan&#8217;dan Personelin Y\u00fcz\u00fcn\u00fc G\u00fcld\u00fcren Maa\u015f Zamm\u0131"},"content":{"rendered":"<p>Ke\u00e7i\u00f6ren Belediye Ba\u015fkan\u0131 Dr. Mesut \u00d6zarslan, Ke\u00e7i\u00f6ren Belediyesi ile Hizmet \u0130\u015f Sendikas\u0131 aras\u0131nda imzalanan toplu i\u015f s\u00f6zle\u015fmesi kapsam\u0131nda belediye \u015firket personelinin 2026 y\u0131l\u0131 maa\u015f art\u0131\u015f oranlar\u0131n\u0131 a\u00e7\u0131klad\u0131. Buna g\u00f6re \u015firket i\u015f\u00e7ilerinin maa\u015flar\u0131na ortalama y\u00fczde 30,9 zam yap\u0131l\u0131rken, en d\u00fc\u015f\u00fck maa\u015f 36 bin 451 TL\u2019den 47 bin 304 TL\u2019ye, en y\u00fcksek maa\u015f ise 52 bin 231 TL\u2019den 68 bin 369 TL\u2019ye y\u00fckseltildi. Ba\u015fkan \u00d6zarslan, ayr\u0131ca \u00e7al\u0131\u015fanlara Ramazan Bayram\u0131 \u00f6ncesi 4 bin TL, Kurban Bayram\u0131 \u00f6ncesi ise 6 bin TL bayram hediyesi verilece\u011fini duyurdu.<\/p>\n<p>Belediye \u00f6n\u00fcnde d\u00fczenlenen t\u00f6renle i\u015f\u00e7iler zam oranlar\u0131n\u0131 \u00f6\u011frenmenin sevincini ya\u015fad\u0131. Sayg\u0131 duru\u015fu ve \u0130stiklal Mar\u015f\u0131\u2019n\u0131n okunmas\u0131yla ba\u015flayan programa; Ke\u00e7i\u00f6ren Belediye Ba\u015fkan\u0131 Dr. Mesut \u00d6zarslan\u2019\u0131n yan\u0131 s\u0131ra Hizmet \u0130\u015f Sendikas\u0131 Genel Sekreteri Mehmet Ye\u015filyurt, belediye ba\u015fkan yard\u0131mc\u0131lar\u0131, meclis \u00fcyeleri, sendika temsilcileri ve belediye i\u015f\u00e7ileri kat\u0131ld\u0131. Davullu zurnal\u0131 t\u00f6rende zam miktar\u0131n\u0131 \u00f6\u011frenerek b\u00fcy\u00fck sevin\u00e7 ya\u015fayan i\u015f\u00e7iler halay \u00e7ekerek kutlama yapt\u0131. Ba\u015fkan \u00d6zarslan da i\u015f\u00e7ilerle halay \u00e7ekerek onlar\u0131n mutlulu\u011funa ortak oldu.\u00a0<\/p>\n<p><b>\u201cOrtalama y\u00fczde 30,9 zam yapt\u0131k<\/b>\u201d<\/p>\n<p><b>Ke\u00e7i\u00f6ren Belediye Ba\u015fkan\u0131 Dr. Mesut \u00d6zarslan,<\/b>\u00a0i\u015f\u00e7ilere hitaben yapt\u0131\u011f\u0131 konu\u015fmada, belediyenin imk\u00e2nlar\u0131n\u0131 zorlayacak d\u00fczeyde zam yap\u0131ld\u0131\u011f\u0131n\u0131 ve i\u015f\u00e7ilere \u00e7al\u0131\u015fma alanlar\u0131na g\u00f6re hakkaniyetli bir maa\u015f \u00f6demesi yap\u0131laca\u011f\u0131n\u0131 belirterek \u015funlar\u0131 s\u00f6yledi: \u201cK\u0131ymetli yol arkada\u015flar\u0131m, davam\u0131z insanl\u0131k davas\u0131d\u0131r. Biz \u00f6tesini bilmeyiz. Diline, dinine, rengine bakmadan b\u00fct\u00fcn insanl\u0131\u011fa ayn\u0131 hayranl\u0131kla, ayn\u0131 nazarla bakar\u0131z elhamd\u00fclillah. Bizim i\u00e7in \u2018Halka hizmet, Hakk\u2019a hizmettir\u2019 anlay\u0131\u015f\u0131nday\u0131z ve \u00f6yle de devam edece\u011fiz. Burada da sa\u011f olsun Ke\u00e7i\u00f6renli halk\u0131m\u0131z bizlere bu hizmeti yapma imk\u00e2n\u0131 verdi. Ve sizin gibi k\u0131ymetli yol arkada\u015flar\u0131m\u0131zla birlikte, kap\u0131m\u0131zdan gelene \u2018Bize oy verdiniz mi, vermediniz mi? Partilimiz misiniz, de\u011fil misiniz?\u2019 demeden halka hizmet, Hakk\u2019a hizmet anlay\u0131\u015f\u0131yla hizmetlerimize \u00e7ok \u015f\u00fck\u00fcr devam ediyoruz. Bu noktada da elimizden geldi\u011fi \u00f6l\u00e7\u00fcde, bize verilen imk\u00e2nlar \u00e7er\u00e7evesinde hizmetlerimizi siz mesai arkada\u015flar\u0131m\u0131zla birlikte y\u00fcr\u00fctmeye \u00e7al\u0131\u015f\u0131yoruz. B\u00fct\u00fcn personelim benim karde\u015fimdir, a\u011fabeyimdir, ablamd\u0131r, bac\u0131md\u0131r, yol arkada\u015f\u0131md\u0131r. Herkes benim i\u00e7in e\u015fittir ve k\u0131ymetlidir. Kimsenin kimseden \u00fcst\u00fcnl\u00fc\u011f\u00fc yoktur. Kurmaylar\u0131m\u0131zla bir araya geldik, \u00e7al\u0131\u015fmalar yapt\u0131k. Sendika temsilcilerimizle bir araya geldik. \u2018Olmas\u0131 gereken en \u00fcst \u015fartlar\u0131 zorlayarak neler yapabiliriz?\u2019 onun derdinde olduk.\u00a0<b>Ortalama y\u00fczde 30,9 zam<\/b>\u00a0yapt\u0131k. Buna g\u00f6re en alt d\u00fczeyde maa\u015f alacak k\u0131ymetli mesai arkada\u015f\u0131m\u0131n maa\u015f\u0131\u00a0<b>36 bin<\/b>\u00a0<b>451 TL\u2019den<\/b>\u00a0<b>47 bin<\/b>\u00a0<b>304 TL\u2019ye<\/b>\u00a0\u00e7\u0131k\u0131yor.\u00a0<b>52 bin<\/b>\u00a0<b>231 TL<\/b>\u00a0olan en y\u00fcksek maa\u015f da\u00a0<b>68 bin<\/b>\u00a0<b>369 TL\u2019ye<\/b>\u00a0\u00e7\u0131k\u0131yor. Allah hay\u0131rl\u0131, m\u00fcbarek etsin. Ayr\u0131ca ge\u00e7mi\u015f d\u00f6nemde olmad\u0131\u011f\u0131n\u0131 g\u00f6rd\u00fc\u011f\u00fcm\u00fcz ve evlerinize, o m\u00fcbarek bayram g\u00fcnlerinde az da olsa birer har\u00e7l\u0131k g\u00f6t\u00fcrebilmeniz i\u00e7in\u00a0<b>Ramazan Bayram\u0131 \u00f6ncesi 4 bin TL<\/b>,\u00a0<b>Kurban Bayram\u0131 \u00f6ncesi 6 bin TL<\/b>\u00a0bayram hediyesi veriyoruz. Sizleri seviyor, ba\u011fr\u0131ma bas\u0131yor, Allah\u2019a emanet ediyorum. Ne mutlu T\u00fcrk\u2019\u00fcm diyene.\u201d<\/p>\n<p><b>\u201cEmek\u00e7inin hakk\u0131n\u0131 g\u00f6zeten Belediye Ba\u015fkan\u0131m\u0131za te\u015fekk\u00fcr ediyorum\u201d<\/b><\/p>\n<p><b>Hizmet \u0130\u015f Sendikas\u0131 Genel Sekreteri Mehmet Ye\u015filyurt<\/b>\u00a0ise konu\u015fmas\u0131nda yap\u0131lan zam oran\u0131yla ilgili Ba\u015fkan \u00d6zarslan\u2019a te\u015fekk\u00fcr ederek \u015fu ifadeleri kulland\u0131:<\/p>\n<p>\u201cBelediye Ba\u015fkan\u0131m\u0131z g\u00f6reve ba\u015flad\u0131\u011f\u0131 ilk g\u00fcnden itibaren Ke\u00e7i\u00f6ren\u2019de ya\u015fayan vatanda\u015flarla kurdu\u011fu ba\u011f\u0131, birlikte mesai yapt\u0131\u011f\u0131 emek\u00e7i karde\u015flerimizle de ayn\u0131 kuvvette kurdu. \u0130lk g\u00fcnden itibaren \u2018Belediyenin imk\u00e2nlar\u0131 \u00f6l\u00e7\u00fcs\u00fcnde sizler ad\u0131na ne yapabiliriz, daha fazla ne yapabiliriz, kendimizi ve imk\u00e2nlar\u0131m\u0131z\u0131 nas\u0131l zorlar\u0131z?\u2019 diye d\u00fc\u015f\u00fcnd\u00fc, kafa yordu ve bizleri daha iyi bir noktaya getirmek i\u00e7in b\u00fcy\u00fck bir \u00f6zveri g\u00f6sterdi. Bug\u00fcn burada toplanmam\u0131z da bu gayretin bir sonucudur. Sizler ad\u0131na g\u00f6stermi\u015f oldu\u011fu samimiyet ve \u00e7aba i\u00e7in huzurlar\u0131n\u0131zda Belediye Ba\u015fkan\u0131m\u0131za te\u015fekk\u00fcr ediyorum. Allah bir ki\u015fi hakk\u0131nda hay\u0131r murat ederse onu insanlara faydal\u0131 olaca\u011f\u0131 yerde istihdam eder buyuruluyor. Bug\u00fcn de Belediye Ba\u015fkan\u0131m\u0131z hem siz emek\u00e7ilere hem de Ke\u00e7i\u00f6ren halk\u0131na hizmet etmek i\u00e7in nasip olmu\u015ftur. Se\u00e7ildi\u011fi g\u00fcnden bu yana sizler ad\u0131na en iyisini yapaca\u011f\u0131na dair inanc\u0131m\u0131z hi\u00e7 azalmad\u0131, aksine her ge\u00e7en g\u00fcn artt\u0131. \u0130nan\u0131yorum ki \u00fclkemizde refah artt\u0131k\u00e7a, imk\u00e2nlar geni\u015fledik\u00e7e bu fayday\u0131 sizlerle payla\u015fmaktan geri durmayacakt\u0131r. Emek\u00e7inin hakk\u0131n\u0131 g\u00f6zeten, korku de\u011fil abi, karde\u015f ve \u00e7al\u0131\u015fma arkada\u015fl\u0131\u011f\u0131 ili\u015fkisi kuran bu yakla\u015f\u0131m\u0131 i\u00e7in Belediye Ba\u015fkan\u0131m\u0131za te\u015fekk\u00fcr ediyorum. Sizlerden de vatanda\u015fla kurdu\u011fu bu g\u00fczel ileti\u015fime katk\u0131 sunman\u0131z\u0131 istiyorum. Belediye Ba\u015fkan\u0131m\u0131z bizleri mutlu ediyorsa, biz de Ke\u00e7i\u00f6renliyi mutlu etmek zorunday\u0131z. \u00c7ald\u0131\u011f\u0131m\u0131z her kap\u0131da g\u00fcler y\u00fczle hizmet edece\u011fiz. Ba\u015fkan\u0131m\u0131z\u0131n vatanda\u015fla kurdu\u011fu samimiyeti bizler de g\u00f6sterece\u011fiz. Kendisine Ke\u00e7i\u00f6renlilere ve emek\u00e7ilere g\u00f6sterdi\u011fi bu muhabbet i\u00e7in te\u015fekk\u00fcr ediyorum. Allah Ke\u00e7i\u00f6ren Belediyesi\u2019ndeki birlik ve beraberli\u011fi bozmas\u0131n. Belediyemize, devletimize g\u00fc\u00e7 kuvvet versin. Bu meydan\u0131 dolduran emek\u00e7inin baht\u0131n\u0131 ayd\u0131nl\u0131k etsin. Genel Ba\u015fkan\u0131m\u0131z Say\u0131n Mahmut Arslan\u2019\u0131n selamlar\u0131n\u0131 iletiyor, te\u015fekk\u00fcr ediyorum.\u201d\u00a0<\/p>\n<p>\u00a0<\/p>\n<p>\u00a0<\/p>\n<p>Kaynak: (BYZHA) Beyaz Haber Ajans\u0131<\/p>\n","protected":false},"excerpt":{"rendered":"<p>Ke\u00e7i\u00f6ren Belediye Ba\u015fkan\u0131 Dr. Mesut \u00d6zarslan, Ke\u00e7i\u00f6ren Belediyesi ile Hizmet \u0130\u015f Sendikas\u0131 aras\u0131nda imzalanan toplu i\u015f s\u00f6zle\u015fmesi kapsam\u0131nda belediye \u015firket personelinin 2026 y\u0131l\u0131 maa\u015f art\u0131\u015f oranlar\u0131n\u0131 a\u00e7\u0131klad\u0131.<\/p>\n","protected":false},"author":1,"featured_media":16274,"comment_status":"open","ping_status":"open","sticky":false,"template":"","format":"standard","meta":{"footnotes":""},"categories":[4],"tags":[698,315,395,2131,843],"class_list":["post-16273","post","type-post","status-publish","format-standard","has-post-thumbnail","hentry","category-gundem","tag-bayram","tag-hizmet","tag-is","tag-maas","tag-zam"],"_links":{"self":[{"href":"https:\/\/bihavadis.com\/index.php\/wp-json\/wp\/v2\/posts\/16273","targetHints":{"allow":["GET"]}}],"collection":[{"href":"https:\/\/bihavadis.com\/index.php\/wp-json\/wp\/v2\/posts"}],"about":[{"href":"https:\/\/bihavadis.com\/index.php\/wp-json\/wp\/v2\/types\/post"}],"author":[{"embeddable":true,"href":"https:\/\/bihavadis.com\/index.php\/wp-json\/wp\/v2\/users\/1"}],"replies":[{"embeddable":true,"href":"https:\/\/bihavadis.com\/index.php\/wp-json\/wp\/v2\/comments?post=16273"}],"version-history":[{"count":1,"href":"https:\/\/bihavadis.com\/index.php\/wp-json\/wp\/v2\/posts\/16273\/revisions"}],"predecessor-version":[{"id":16275,"href":"https:\/\/bihavadis.com\/index.php\/wp-json\/wp\/v2\/posts\/16273\/revisions\/16275"}],"wp:featuredmedia":[{"embeddable":true,"href":"https:\/\/bihavadis.com\/index.php\/wp-json\/wp\/v2\/media\/16274"}],"wp:attachment":[{"href":"https:\/\/bihavadis.com\/index.php\/wp-json\/wp\/v2\/media?parent=16273"}],"wp:term":[{"taxonomy":"category","embeddable":true,"href":"https:\/\/bihavadis.com\/index.php\/wp-json\/wp\/v2\/categories?post=16273"},{"taxonomy":"post_tag","embeddable":true,"href":"https:\/\/bihavadis.com\/index.php\/wp-json\/wp\/v2\/tags?post=16273"}],"curies":[{"name":"wp","href":"https:\/\/api.w.org\/{rel}","templated":true}]}}