{"id":16297,"date":"2026-02-05T05:06:05","date_gmt":"2026-02-05T05:06:05","guid":{"rendered":"https:\/\/bihavadis.com\/?p=16297"},"modified":"2026-02-05T05:06:05","modified_gmt":"2026-02-05T05:06:05","slug":"kim-odan-istihdama-guclu-katki","status":"publish","type":"post","link":"https:\/\/bihavadis.com\/index.php\/2026\/02\/05\/kim-odan-istihdama-guclu-katki\/","title":{"rendered":"K\u0130M-O&#8217;dan istihdama g\u00fc\u00e7l\u00fc katk\u0131"},"content":{"rendered":"<p><span><span>\u0130neg\u00f6l Belediyesi b\u00fcnyesinde hizmet veren ve Kariyer ve \u0130stihdam Merkezi (K\u0130M-O), 2025 y\u0131l\u0131 boyunca i\u015f arayan vatanda\u015flar ile personel ihtiyac\u0131 bulunan firmalar\u0131 bulu\u015fturmaya devam ederek istihdama \u00f6nemli katk\u0131lar sundu. 886 ki\u015fi, K\u0130M-O arac\u0131l\u0131\u011f\u0131yla i\u015f buldu.<\/span><\/span><\/p>\n<p><span><span>\u0130neg\u00f6l Belediyesi Kariyer ve \u0130stihdam Merkezi, kuruldu\u011fu g\u00fcnden bu yana \u201cG\u00fc\u00e7l\u00fc \u0130\u015f Birlikleriyle G\u00fc\u00e7l\u00fc \u0130stihdam\u201d slogan\u0131yla hem i\u015f arayanlara hem de i\u015f verenlere f\u0131rsatlar sunmaya devam ediyor. \u0130neg\u00f6l\u2019de i\u015f g\u00fcc\u00fc arz\u0131 ile i\u015f g\u00fcc\u00fc talebini etkin bir \u015fekilde bulu\u015fturmak amac\u0131yla kurulan bu merkez, i\u015f arayan bireylerin yetkinliklerini ve niteliklerini analiz ederek uygun i\u015f f\u0131rsatlar\u0131yla e\u015fle\u015ftiriyor. Ayn\u0131 zamanda firmalar\u0131n personel ihtiya\u00e7lar\u0131na h\u0131zl\u0131, verimli ve s\u00fcrd\u00fcr\u00fclebilir \u00e7\u00f6z\u00fcmler sunan ve k\u0131sa ad\u0131 K\u0130M-O olarak adland\u0131r\u0131lan Kariyer ve \u0130stihdam Merkezi, 2025 y\u0131l\u0131nda da \u015fehrin \u00fcretim g\u00fcc\u00fcne ve istihdam\u0131na \u00f6nemli katk\u0131lar sundu.<\/span><\/span><\/p>\n<p><span><span><b>K\u0130M-O HANG\u0130 H\u0130ZMETLER\u0130 SUNUYOR<\/b><\/span><\/span><\/p>\n<p><span><span>\u0130neg\u00f6l Belediyesi Kariyer ve \u0130stihdam Merkezi (K\u0130M-O), i\u015f hayat\u0131na ad\u0131m atmak isteyen herkes i\u00e7in yepyeni bir kap\u0131 aralarken, merkezde i\u015f bulman\u0131n yan\u0131 s\u0131ra; istihdam dan\u0131\u015fmanl\u0131\u011f\u0131, kariyer geli\u015fim hizmetleri, meslek edindirme programlar\u0131, staj ve gen\u00e7 istihdam programlar\u0131, giri\u015fimcilik dan\u0131\u015fmanl\u0131\u011f\u0131, kariyer g\u00fcnleri, kad\u0131n istihdam\u0131 ve kariyer destek program\u0131, toplumsal e\u011fitim ile geli\u015fim ve fark\u0131ndal\u0131k program\u0131 alanlar\u0131nda da hizmet veriliyor.<\/span><\/span><\/p>\n<p><span><span><b>2025 YILINDA 886 K\u0130\u015e\u0130 K\u0130M-O \u0130LE \u0130\u015e SAH\u0130B\u0130 OLDU<\/b><\/span><\/span><\/p>\n<p><span><span>Kariyer ve \u0130stihdam Merkezi\u2019nde 2025 y\u0131l\u0131 boyunca y\u00fcr\u00fct\u00fclen \u00e7al\u0131\u015fmalar kapsam\u0131nda toplam 2.398 ba\u015fvuru al\u0131n\u0131rken, bu ba\u015fvurular do\u011frultusunda 886 vatanda\u015f\u0131n istihdam\u0131na arac\u0131l\u0131k edildi. \u0130\u015f g\u00fcc\u00fc piyasas\u0131n\u0131n ihtiya\u00e7lar\u0131 do\u011frultusunda hareket eden K\u0130M-O, farkl\u0131 sekt\u00f6rlerden 43 firma ile istihdam g\u00f6r\u00fc\u015fmesi ger\u00e7ekle\u015ftirdi. Ayr\u0131ca 2025 y\u0131l\u0131 i\u00e7erisinde 2 toplu al\u0131m program\u0131 d\u00fczenlenerek, \u00e7ok say\u0131da vatanda\u015f\u0131n ayn\u0131 anda i\u015fverenlerle birebir g\u00f6r\u00fc\u015fme yapmas\u0131 sa\u011fland\u0131. Bu programlar sayesinde hem firmalar\u0131n personel ihtiyac\u0131 kar\u015f\u0131land\u0131 hem de i\u015f arayan vatanda\u015flara h\u0131zl\u0131 ve do\u011frudan istihdam imkan\u0131 sunuldu.<\/span><\/span><\/p>\n<p><span><span><b>\u0130ST\u0130HDAM, SOSYAL BELED\u0130YEC\u0130L\u0130\u011e\u0130N EN \u00d6NEML\u0130 BA\u015eLIKLARINDAN B\u0130R\u0130<\/b><\/span><\/span><\/p>\n<p><span><span>\u0130neg\u00f6l Belediye Ba\u015fkan\u0131 Alper Taban, K\u0130M-O\u2019nun hem vatanda\u015flar\u0131n i\u015f bulma s\u00fcrecine destek oldu\u011funu hem de firmalar\u0131n nitelikli i\u015f g\u00fcc\u00fcne ula\u015fmas\u0131na katk\u0131 sa\u011flad\u0131\u011f\u0131n\u0131 kaydederek; \u201c\u0130neg\u00f6l Belediyesi olarak istihdam\u0131, sosyal belediyecili\u011fin en \u00f6nemli ba\u015fl\u0131klar\u0131ndan biri olarak g\u00f6r\u00fcyoruz. Kariyer ve \u0130stihdam Merkezimiz arac\u0131l\u0131\u011f\u0131yla i\u015f arayan hem\u015ferilerimiz ile personel ihtiyac\u0131 olan firmalar\u0131m\u0131z aras\u0131nda g\u00fc\u00e7l\u00fc bir k\u00f6pr\u00fc kuruyoruz. 2025 y\u0131l\u0131 boyunca 886 vatanda\u015f\u0131m\u0131z\u0131n i\u015f sahibi olmas\u0131na vesile olmak, do\u011fru bir yolda ilerledi\u011fimizin en somut g\u00f6stergesidir. \u00d6n\u00fcm\u00fczdeki s\u00fcre\u00e7te de hem\u015ferilerimizin istihdam\u0131n\u0131 art\u0131racak, firmalar\u0131m\u0131z\u0131 destekleyecek projeleri hayata ge\u00e7irmeye devam edece\u011fiz\u201d dedi.<\/span><\/span><\/p>\n<p>\u00a0<\/p>\n<p>Kaynak: (BYZHA) Beyaz Haber Ajans\u0131<\/p>\n","protected":false},"excerpt":{"rendered":"<p>\u0130neg\u00f6l Belediyesi b\u00fcnyesinde hizmet veren ve Kariyer ve \u0130stihdam Merkezi (K\u0130M-O), 2025 y\u0131l\u0131 boyunca i\u015f arayan vatanda\u015flar ile personel ihtiyac\u0131 bulunan firmalar\u0131 bulu\u015fturmaya devam ederek istihdama \u00f6nemli katk\u0131lar sundu. 886 ki\u015fi, K\u0130M-O arac\u0131l\u0131\u011f\u0131yla i\u015f buldu.<\/p>\n","protected":false},"author":1,"featured_media":16298,"comment_status":"open","ping_status":"open","sticky":false,"template":"","format":"standard","meta":{"footnotes":""},"categories":[4],"tags":[398,3163,2088,395,416],"class_list":["post-16297","post","type-post","status-publish","format-standard","has-post-thumbnail","hentry","category-gundem","tag-2025-yili","tag-firmalari","tag-gucu","tag-is","tag-istihdam"],"_links":{"self":[{"href":"https:\/\/bihavadis.com\/index.php\/wp-json\/wp\/v2\/posts\/16297","targetHints":{"allow":["GET"]}}],"collection":[{"href":"https:\/\/bihavadis.com\/index.php\/wp-json\/wp\/v2\/posts"}],"about":[{"href":"https:\/\/bihavadis.com\/index.php\/wp-json\/wp\/v2\/types\/post"}],"author":[{"embeddable":true,"href":"https:\/\/bihavadis.com\/index.php\/wp-json\/wp\/v2\/users\/1"}],"replies":[{"embeddable":true,"href":"https:\/\/bihavadis.com\/index.php\/wp-json\/wp\/v2\/comments?post=16297"}],"version-history":[{"count":1,"href":"https:\/\/bihavadis.com\/index.php\/wp-json\/wp\/v2\/posts\/16297\/revisions"}],"predecessor-version":[{"id":16299,"href":"https:\/\/bihavadis.com\/index.php\/wp-json\/wp\/v2\/posts\/16297\/revisions\/16299"}],"wp:featuredmedia":[{"embeddable":true,"href":"https:\/\/bihavadis.com\/index.php\/wp-json\/wp\/v2\/media\/16298"}],"wp:attachment":[{"href":"https:\/\/bihavadis.com\/index.php\/wp-json\/wp\/v2\/media?parent=16297"}],"wp:term":[{"taxonomy":"category","embeddable":true,"href":"https:\/\/bihavadis.com\/index.php\/wp-json\/wp\/v2\/categories?post=16297"},{"taxonomy":"post_tag","embeddable":true,"href":"https:\/\/bihavadis.com\/index.php\/wp-json\/wp\/v2\/tags?post=16297"}],"curies":[{"name":"wp","href":"https:\/\/api.w.org\/{rel}","templated":true}]}}