{"id":16354,"date":"2026-02-05T05:54:13","date_gmt":"2026-02-05T05:54:13","guid":{"rendered":"https:\/\/bihavadis.com\/?p=16354"},"modified":"2026-02-05T05:54:13","modified_gmt":"2026-02-05T05:54:13","slug":"buyukakin-kocaelinin-en-kiymetli-yerlerini-genclere-tahsis-ettik","status":"publish","type":"post","link":"https:\/\/bihavadis.com\/index.php\/2026\/02\/05\/buyukakin-kocaelinin-en-kiymetli-yerlerini-genclere-tahsis-ettik\/","title":{"rendered":"B\u00fcy\u00fckak\u0131n: Kocaeli&#8217;nin en k\u0131ymetli yerlerini gen\u00e7lere tahsis ettik"},"content":{"rendered":"<p>Kocaeli B\u00fcy\u00fck\u015fehir Belediyesi\u2019nin a\u00e7t\u0131\u011f\u0131 yeni nesil k\u00fct\u00fcphaneler, gen\u00e7lerin yo\u011fun ilgisiyle kar\u015f\u0131land\u0131. Ge\u00e7ti\u011fimiz y\u0131l 500 bine yak\u0131n gen\u00e7, k\u00fct\u00fcphanelerden yararland\u0131. \u201cGen\u00e7ler bizim en k\u0131ymetlilerimiz. Bu nedenle de kentin en k\u0131ymetli yerlerini onlara tahsis ettik\u201d diyen Ba\u015fkan B\u00fcy\u00fckak\u0131n, Alev Alatl\u0131 ve Dar\u0131ca Millet K\u00fct\u00fcphaneleri\u2019ni \u00f6rnek g\u00f6sterdi.\u00a0<\/p>\n<p><b>B\u0130R YILDA 500 B\u0130N Z\u0130YARET\u00c7\u0130<\/b><\/p>\n<p>Kocaeli B\u00fcy\u00fck\u015fehir Belediyesi, kenti yeni nesil k\u00fct\u00fcphanecilikle tan\u0131\u015ft\u0131rd\u0131. \u0130zmit\u2019te \u00fc\u00e7, Derince\u2019de iki, G\u00f6lc\u00fck, \u00c7ay\u0131rova, Dar\u0131ca, Gebze ve Dilovas\u0131\u2019nda birer olmak \u00fczere toplam 10 k\u00fct\u00fcphane ile hizmet veriliyor. Modern mimarileri, zengin i\u00e7erikleri ve sosyal imkanlar\u0131 ile dikkat \u00e7eken k\u00fct\u00fcphaneler, k\u0131sa s\u00fcrede Kocaelili gen\u00e7lerden b\u00fcy\u00fck ilgi g\u00f6rd\u00fc, g\u00f6rmeye devam ediyor. Kent genelinde yayg\u0131nla\u015fan k\u00fct\u00fcphaneleri, geride b\u0131rakt\u0131\u011f\u0131m\u0131z y\u0131lda 477 bin 988 ki\u015fi ziyaret etti.<\/p>\n<p><b>\u201cESK\u0130 K\u00dcT\u00dcPHANEC\u0130L\u0130K ANLAYI\u015eI GER\u0130DE KALDI\u201d<\/b><\/p>\n<p>Kocaeli B\u00fcy\u00fck\u015fehir Belediye Ba\u015fkan\u0131 Tahir B\u00fcy\u00fckak\u0131n, k\u00fct\u00fcphanelere ilginin her ge\u00e7en g\u00fcn artt\u0131\u011f\u0131n\u0131 belirterek, bunun da kendilerini yeni aray\u0131\u015flara itti\u011fini belirtti. Eski k\u00fct\u00fcphanecilik anlay\u0131\u015f\u0131n\u0131n geride kald\u0131\u011f\u0131n\u0131 ifade eden Ba\u015fkan B\u00fcy\u00fckak\u0131n, \u201cK\u00fct\u00fcphaneler art\u0131k sadece kitap al\u0131nan ve b\u0131rak\u0131lan alanlar g\u00f6r\u00fclm\u00fcyor. Gen\u00e7lerimiz, bu mekanlar\u0131n adeta ya\u015fam alan\u0131 olmas\u0131n\u0131 istiyorlar. S\u0131k\u0131c\u0131 mekanlar olmas\u0131n istiyorlar. Arkada\u015flar\u0131yla birlikte ders \u00e7al\u0131\u015fabilecekleri ortam olmas\u0131n\u0131n yan\u0131 s\u0131ra mola verebilecekleri, sosyal alanlara sahip mekanlar olmas\u0131n\u0131 istiyorlar. Biz de onlar\u0131n taleplerine cevap verebilecek tasar\u0131mlar yap\u0131yoruz\u201d dedi.<\/p>\n<p><b>\u201cGEN\u00c7LER B\u0130Z\u0130M GELECE\u011e\u0130M\u0130Z\u201d<\/b><\/p>\n<p>Ba\u015fkan B\u00fcy\u00fckak\u0131n, gen\u00e7leri T\u00fcrkiye\u2019nin gelece\u011fi olarak g\u00f6rd\u00fcklerinin, bu nedenle de \u015fehrin en k\u0131ymetli yerlerini kendilerine tahsis ettiklerinin alt\u0131n\u0131 \u00e7izerek \u015funlar\u0131 s\u00f6yledi: \u201cDar\u0131ca\u2019daki k\u00fct\u00fcphanemiz, deniz manzaral\u0131. Bu a\u00e7\u0131dan, T\u00fcrkiye\u2019de ilk. Gen\u00e7lerimiz ders \u00e7al\u0131\u015f\u0131rken balkonundan denizi seyredebilecek. S\u0131k\u0131ld\u0131klar\u0131nda deniz havas\u0131 alabilecekler. Yine \u0130zmit Millet Bah\u00e7esi i\u00e7indeki Alev Alatl\u0131 K\u00fct\u00fcphanesi benzer bir konumda. K\u00fct\u00fcphaneden \u00e7\u0131k\u0131p 200 metre y\u00fcr\u00fcd\u00fcklerinde, denizle bulu\u015fabilecekler. Ayr\u0131ca hemen \u00f6nlerinde g\u00f6l var. \u0130zmit, Derince, G\u00f6lc\u00fck, \u00c7ay\u0131rova, Gebze ve Dilovas\u0131\u2019ndaki k\u00fct\u00fcphanelerimiz de \u015fehirlerin tam merkezinde. Biz k\u00fct\u00fcphanelerimizi, \u015fehrin kalbinde bir k\u00fclt\u00fcr hazinesi olarak tasarlad\u0131k. Ve en k\u0131ymetli alanlar\u0131, yine en k\u0131ymetli olanlara, sevgili \u00f6\u011frencilerimize tahsis ettik. \u00c7\u00fcnk\u00fc gen\u00e7ler, gelece\u011fimiz.\u201d<\/p>\n<p><b>ALEV ALATLI K\u00dcT\u00dcPHANES\u0130<\/b><\/p>\n<p>\u0130zmit Millet Bah\u00e7esi i\u00e7inde a\u00e7\u0131lan, toplam 2.200 metrekare kapal\u0131 alana sahip Alev Alatl\u0131 K\u00fct\u00fcphanesi; modern \u00e7al\u0131\u015fma alanlar\u0131, dijital ara\u015ft\u0131rma salonlar\u0131, \u00e7ocuklara \u00f6zel k\u00fct\u00fcphaneleri ve \u00e7ok ama\u00e7l\u0131 kullan\u0131m alanlar\u0131yla ayn\u0131 anda 500 ki\u015fiye hizmet verebilecek kapasiteye sahip. 23 bin 52 bas\u0131l\u0131 eser, 29 bin e-kitap ve g\u00fc\u00e7l\u00fc dijital altyap\u0131s\u0131yla k\u00fct\u00fcphane, \u00f6\u011frenciler ve ara\u015ft\u0131rmac\u0131lar i\u00e7in son derece nitelikli bir \u00f6\u011frenme ortam\u0131 sunuyor. K\u00fct\u00fcphane b\u00fcnyesindeki sanat galerisi de sergi ve k\u00fclt\u00fcrel etkinliklere ev sahipli\u011fi yapacak \u015fekilde tasarland\u0131.<\/p>\n<p><b>DARICA K\u00dcT\u00dcPHANES\u0130<\/b><\/p>\n<p>Dar\u0131ca Millet Bah\u00e7esi i\u00e7inde projelendirilen Dar\u0131ca K\u00fct\u00fcphanesi, 300 ki\u015fi kapasiteli olarak in\u015fa edildi. T\u00fcrkiye\u2019nin deniz manzaras\u0131na sahip ilk k\u00fct\u00fcphanesi olan Dar\u0131ca K\u00fct\u00fcphanesi\u2019nin i\u00e7inde 160 ki\u015filik \u00e7ok ama\u00e7l\u0131 salon, kafeterya, toplant\u0131 salonu ve workshop alanlar\u0131 bulunuyor. E\u015fsiz K\u00f6rfez manzaras\u0131na kar\u015f\u0131 kitap okuma keyfi ya\u015fatacak k\u00fct\u00fcphanede toplam 50 bin kitab\u0131n yan\u0131 s\u0131ra \u00f6zellikle bir de \u00e7ocuk k\u00fct\u00fcphanesi bulunuyor.<\/p>\n<p>\u00a0<\/p>\n<p>Kaynak: (BYZHA) Beyaz Haber Ajans\u0131<\/p>\n","protected":false},"excerpt":{"rendered":"<p>Kocaeli B\u00fcy\u00fck\u015fehir Belediyesi\u2019nin a\u00e7t\u0131\u011f\u0131 yeni nesil k\u00fct\u00fcphaneler, gen\u00e7lerin yo\u011fun ilgisiyle kar\u015f\u0131land\u0131.<\/p>\n","protected":false},"author":1,"featured_media":16355,"comment_status":"open","ping_status":"open","sticky":false,"template":"","format":"standard","meta":{"footnotes":""},"categories":[4],"tags":[1409,2936,850,1204],"class_list":["post-16354","post","type-post","status-publish","format-standard","has-post-thumbnail","hentry","category-gundem","tag-alanlar","tag-darica","tag-deniz","tag-kutuphane"],"_links":{"self":[{"href":"https:\/\/bihavadis.com\/index.php\/wp-json\/wp\/v2\/posts\/16354","targetHints":{"allow":["GET"]}}],"collection":[{"href":"https:\/\/bihavadis.com\/index.php\/wp-json\/wp\/v2\/posts"}],"about":[{"href":"https:\/\/bihavadis.com\/index.php\/wp-json\/wp\/v2\/types\/post"}],"author":[{"embeddable":true,"href":"https:\/\/bihavadis.com\/index.php\/wp-json\/wp\/v2\/users\/1"}],"replies":[{"embeddable":true,"href":"https:\/\/bihavadis.com\/index.php\/wp-json\/wp\/v2\/comments?post=16354"}],"version-history":[{"count":1,"href":"https:\/\/bihavadis.com\/index.php\/wp-json\/wp\/v2\/posts\/16354\/revisions"}],"predecessor-version":[{"id":16356,"href":"https:\/\/bihavadis.com\/index.php\/wp-json\/wp\/v2\/posts\/16354\/revisions\/16356"}],"wp:featuredmedia":[{"embeddable":true,"href":"https:\/\/bihavadis.com\/index.php\/wp-json\/wp\/v2\/media\/16355"}],"wp:attachment":[{"href":"https:\/\/bihavadis.com\/index.php\/wp-json\/wp\/v2\/media?parent=16354"}],"wp:term":[{"taxonomy":"category","embeddable":true,"href":"https:\/\/bihavadis.com\/index.php\/wp-json\/wp\/v2\/categories?post=16354"},{"taxonomy":"post_tag","embeddable":true,"href":"https:\/\/bihavadis.com\/index.php\/wp-json\/wp\/v2\/tags?post=16354"}],"curies":[{"name":"wp","href":"https:\/\/api.w.org\/{rel}","templated":true}]}}