{"id":16390,"date":"2026-02-05T06:24:08","date_gmt":"2026-02-05T06:24:08","guid":{"rendered":"https:\/\/bihavadis.com\/?p=16390"},"modified":"2026-02-05T06:24:08","modified_gmt":"2026-02-05T06:24:08","slug":"terorsuz-turkiye-komisyonu-ortak-rapor-icin-besinci-kez-toplanacak","status":"publish","type":"post","link":"https:\/\/bihavadis.com\/index.php\/2026\/02\/05\/terorsuz-turkiye-komisyonu-ortak-rapor-icin-besinci-kez-toplanacak\/","title":{"rendered":"Ter\u00f6rs\u00fcz T\u00fcrkiye Komisyonu, ortak rapor i\u00e7in be\u015finci kez toplanacak"},"content":{"rendered":"<p>Ter\u00f6rs\u00fcz T\u00fcrkiye s\u00fcrecine ili\u015fkin Meclis&#8217;te kurulan Milli Dayan\u0131\u015fma, Karde\u015flik ve Demokrasi Komisyonu \u00e7al\u0131\u015fmalar\u0131n\u0131 s\u00fcrd\u00fcr\u00fcyor.<\/p>\n<p>Komisyonda partilerin rapor haz\u0131rlama a\u015famas\u0131 devam ederken \u00f6nemli bir geli\u015fme ya\u015fand\u0131.\u00a0<\/p>\n<p><strong>ORTAK RAPOR \u0130\u00c7\u0130N BE\u015e\u0130NC\u0130 TOPLANTI \u00c7AR\u015eAMBA G\u00dcN\u00dc<\/strong><\/p>\n<p>Milli Dayan\u0131\u015fma Karde\u015flik ve Demokrasi Komisyonu\u2019nun koordinat\u00f6r isimlerinin ortak rapor i\u00e7in 5&#8217;inci toplant\u0131y\u0131 \u00e7ar\u015famba g\u00fcn\u00fc saat 14:00\u2019te ger\u00e7ekle\u015ftirece\u011fi a\u00e7\u0131kland\u0131.\u00a0<\/p>\n<p><img decoding=\"async\" src=\"https:\/\/bihavadis.com\/wp-content\/uploads\/2026\/02\/terorsuz-turkiye-komisyonu-ortak-rapor-icin-besinci-kez-toplanacak-0-zHS6I8c7.jpg\"\/><\/p>\n<p><strong>\u015eUBAT AYINDA SUNULMASI BEKLEN\u0130YOR<\/strong><\/p>\n<p>Rapor a\u015famas\u0131nda s\u00fcreci AK Parti&#8217;den Mustafa \u015een, CHP&#8217;den Murat Emir, MHP&#8217;den Feti Y\u0131ld\u0131z, DEM Parti&#8217;den Cengiz \u00c7i\u00e7ek ve Yeni Yol&#8217;dan B\u00fclent Kaya y\u00fcr\u00fct\u00fcyor.<\/p>\n<p>Ortaya \u00e7\u0131kacak raporun, \u015fubat ay\u0131 i\u00e7erisinde kanun teklifi haline getirilerek T\u00fcrkiye B\u00fcy\u00fck Millet Meclisi&#8217;ne sunulmas\u0131 bekleniyor.<\/p>\n<p><strong>KOM\u0130SYONUN YAPISI<\/strong><\/p>\n<p>Milli Dayan\u0131\u015fma, Karde\u015flik ve Demokrasi Komisyonu,\u00a05 A\u011fustos 2025 tarihinde\u00a0TBMM\u00a0\u00e7at\u0131s\u0131 alt\u0131nda\u00a0PKK&#8217;n\u0131n silah b\u0131rakmas\u0131n\u0131\u00a0takiben kuruldu.\u00a0\u00a0<\/p>\n<p>Komisyonda partiler TBMM&#8217;deki milletvekili say\u0131lar\u0131na g\u00f6re temsil edilirken ba\u015fkan dahil olmak \u00fczere toplam 51 \u00fcye bulunuyor.\u00a0<\/p>\n<p>Komisyona TBMM Ba\u015fkan\u0131\u00a0Numan Kurtulmu\u015f\u00a0ba\u015fkanl\u0131k ediyor.\u00a0<\/p>\n<p><img decoding=\"async\" src=\"https:\/\/bihavadis.com\/wp-content\/uploads\/2026\/02\/terorsuz-turkiye-komisyonu-ortak-rapor-icin-besinci-kez-toplanacak-1-rRUkxW5I.jpg\"\/><\/p>\n","protected":false},"excerpt":{"rendered":"<p>Ter\u00f6rs\u00fcz T\u00fcrkiye kapsam\u0131nda kurulan Milli Dayan\u0131\u015fma Karde\u015flik ve Demokrasi Komisyonu rapor yaz\u0131m\u0131 toplant\u0131s\u0131 \u00c7ar\u015famba g\u00fcn\u00fc saat 14&#8217;te yap\u0131lacak.<\/p>\n","protected":false},"author":1,"featured_media":16391,"comment_status":"open","ping_status":"open","sticky":false,"template":"","format":"standard","meta":{"footnotes":""},"categories":[9,13],"tags":[1564],"class_list":["post-16390","post","type-post","status-publish","format-standard","has-post-thumbnail","hentry","category-genel","category-son-dakika","tag-rapor"],"_links":{"self":[{"href":"https:\/\/bihavadis.com\/index.php\/wp-json\/wp\/v2\/posts\/16390","targetHints":{"allow":["GET"]}}],"collection":[{"href":"https:\/\/bihavadis.com\/index.php\/wp-json\/wp\/v2\/posts"}],"about":[{"href":"https:\/\/bihavadis.com\/index.php\/wp-json\/wp\/v2\/types\/post"}],"author":[{"embeddable":true,"href":"https:\/\/bihavadis.com\/index.php\/wp-json\/wp\/v2\/users\/1"}],"replies":[{"embeddable":true,"href":"https:\/\/bihavadis.com\/index.php\/wp-json\/wp\/v2\/comments?post=16390"}],"version-history":[{"count":1,"href":"https:\/\/bihavadis.com\/index.php\/wp-json\/wp\/v2\/posts\/16390\/revisions"}],"predecessor-version":[{"id":16394,"href":"https:\/\/bihavadis.com\/index.php\/wp-json\/wp\/v2\/posts\/16390\/revisions\/16394"}],"wp:featuredmedia":[{"embeddable":true,"href":"https:\/\/bihavadis.com\/index.php\/wp-json\/wp\/v2\/media\/16391"}],"wp:attachment":[{"href":"https:\/\/bihavadis.com\/index.php\/wp-json\/wp\/v2\/media?parent=16390"}],"wp:term":[{"taxonomy":"category","embeddable":true,"href":"https:\/\/bihavadis.com\/index.php\/wp-json\/wp\/v2\/categories?post=16390"},{"taxonomy":"post_tag","embeddable":true,"href":"https:\/\/bihavadis.com\/index.php\/wp-json\/wp\/v2\/tags?post=16390"}],"curies":[{"name":"wp","href":"https:\/\/api.w.org\/{rel}","templated":true}]}}