{"id":16407,"date":"2026-02-05T06:36:08","date_gmt":"2026-02-05T06:36:08","guid":{"rendered":"https:\/\/bihavadis.com\/?p=16407"},"modified":"2026-02-05T06:36:08","modified_gmt":"2026-02-05T06:36:08","slug":"sivasspor-gokhan-akkan-ile-anlasti","status":"publish","type":"post","link":"https:\/\/bihavadis.com\/index.php\/2026\/02\/05\/sivasspor-gokhan-akkan-ile-anlasti\/","title":{"rendered":"Sivasspor G\u00f6khan Akkan ile Anla\u015ft\u0131"},"content":{"rendered":"<p>\n<p>S\u0130VASSPOR, devre aras\u0131 transfer d\u00f6neminde ilk olarak kaleci G\u00f6khan Akkan ile s\u00f6zle\u015fme imzalad\u0131. <\/p>\n<p>F\u0130FA&#8217;daki transfer tahtas\u0131 problemini \u00e7\u00f6zen Sivasspor, devre aras\u0131 transfer \u00e7al\u0131\u015fmalar\u0131 kapsam\u0131nda son olarak Gen\u00e7lerbirli\u011fi&#8217;nde forma giyen 31 ya\u015f\u0131ndaki milli kaleci G\u00f6khan Akkan ile sezon sonuna kadar anla\u015fmaya vard\u0131. Vali L\u00fctfullah Bilgin Sivasspor Tesisleri&#8217;nde Kul\u00fcp Ba\u015fkan\u0131 Burak \u00d6z\u00e7oban&#8217;\u0131n kat\u0131l\u0131m\u0131yla d\u00fczenlenen imza t\u00f6reninde, file bek\u00e7isi G\u00f6khan Akkan kendisini k\u0131rm\u0131z\u0131-beyazl\u0131 renklere ba\u011flayan s\u00f6zle\u015fmeye imza att\u0131. <\/p>\n<p>T\u00fcrk futbolunun tecr\u00fcbeli kalecilerinden biri olan G\u00f6khan Akkan, kariyeri boyunca S\u00fcper Lig ve 1&#8217;inci Lig&#8217;de \u00e7e\u015fitli kul\u00fcplerde forma giyerek \u00f6nemli bir tecr\u00fcbe kazand\u0131. Daha \u00f6nce milli formay\u0131 da ba\u015far\u0131yla terleten deneyimli file bek\u00e7isi; refleksleri, oyun g\u00f6r\u00fc\u015f\u00fc ve sahadaki liderli\u011fiyle \u00f6n plana \u00e7\u0131k\u0131yor.<\/p>\n<p>\u0130mza t\u00f6reninde konu\u015fan G\u00f6khan Akkan, Sivasspor gibi k\u00f6kl\u00fc bir camian\u0131n par\u00e7as\u0131 olmaktan dolay\u0131 mutluluk duydu\u011funu ifade ederek, k\u0131rm\u0131z\u0131-beyazl\u0131 forma alt\u0131nda en iyi \u015fekilde m\u00fccadele edece\u011fini belirtti.<\/p>\n","protected":false},"excerpt":{"rendered":"<p>Sivasspor, devre aras\u0131 transfer d\u00f6neminde kaleci G\u00f6khan Akkan ile sezon sonuna kadar s\u00f6zle\u015fme imzalad\u0131.<\/p>\n","protected":false},"author":1,"featured_media":16408,"comment_status":"open","ping_status":"open","sticky":false,"template":"","format":"standard","meta":{"footnotes":""},"categories":[14],"tags":[3179],"class_list":["post-16407","post","type-post","status-publish","format-standard","has-post-thumbnail","hentry","category-spor","tag-gokhan-akkan"],"_links":{"self":[{"href":"https:\/\/bihavadis.com\/index.php\/wp-json\/wp\/v2\/posts\/16407","targetHints":{"allow":["GET"]}}],"collection":[{"href":"https:\/\/bihavadis.com\/index.php\/wp-json\/wp\/v2\/posts"}],"about":[{"href":"https:\/\/bihavadis.com\/index.php\/wp-json\/wp\/v2\/types\/post"}],"author":[{"embeddable":true,"href":"https:\/\/bihavadis.com\/index.php\/wp-json\/wp\/v2\/users\/1"}],"replies":[{"embeddable":true,"href":"https:\/\/bihavadis.com\/index.php\/wp-json\/wp\/v2\/comments?post=16407"}],"version-history":[{"count":1,"href":"https:\/\/bihavadis.com\/index.php\/wp-json\/wp\/v2\/posts\/16407\/revisions"}],"predecessor-version":[{"id":16409,"href":"https:\/\/bihavadis.com\/index.php\/wp-json\/wp\/v2\/posts\/16407\/revisions\/16409"}],"wp:featuredmedia":[{"embeddable":true,"href":"https:\/\/bihavadis.com\/index.php\/wp-json\/wp\/v2\/media\/16408"}],"wp:attachment":[{"href":"https:\/\/bihavadis.com\/index.php\/wp-json\/wp\/v2\/media?parent=16407"}],"wp:term":[{"taxonomy":"category","embeddable":true,"href":"https:\/\/bihavadis.com\/index.php\/wp-json\/wp\/v2\/categories?post=16407"},{"taxonomy":"post_tag","embeddable":true,"href":"https:\/\/bihavadis.com\/index.php\/wp-json\/wp\/v2\/tags?post=16407"}],"curies":[{"name":"wp","href":"https:\/\/api.w.org\/{rel}","templated":true}]}}