{"id":16413,"date":"2026-02-05T06:42:07","date_gmt":"2026-02-05T06:42:07","guid":{"rendered":"https:\/\/bihavadis.com\/?p=16413"},"modified":"2026-02-05T06:42:07","modified_gmt":"2026-02-05T06:42:07","slug":"marco-asensiodan-son-7-deplasman-macinda-gol-katkisi","status":"publish","type":"post","link":"https:\/\/bihavadis.com\/index.php\/2026\/02\/05\/marco-asensiodan-son-7-deplasman-macinda-gol-katkisi\/","title":{"rendered":"Marco Asensio\u2019dan son 7 deplasman ma\u00e7\u0131nda gol katk\u0131s\u0131"},"content":{"rendered":"<p>S\u00fcper Lig&#8217;in 20. haftas\u0131nda Fenerbah\u00e7e deplasmanda Kocaelispor ile oynad\u0131 ve rakibini 2-0&#8217;l\u0131k skorla yendi.<\/p>\n<p>Sar\u0131-lacivertlilerde Marco Asensio, tak\u0131m\u0131n\u0131n ilk gol\u00fcn\u00fc kaydetti.<\/p>\n<p>Kar\u015f\u0131la\u015fman\u0131n 45+1. dakikas\u0131nda Talisca\u2019dan ald\u0131\u011f\u0131 pasla ceza yay\u0131 \u00f6n\u00fcnden vuru\u015funu yapan Asensio, topu filelere g\u00f6nderdi.<\/p>\n<p><img decoding=\"async\" src=\"https:\/\/bihavadis.com\/wp-content\/uploads\/2026\/02\/marco-asensiodan-son-7-deplasman-macinda-gol-katkisi-0-2bO7ARsL.jpg\"\/><\/p>\n<p><strong>KATKI VERMEYE DEVAM ED\u0130YOR<\/strong><\/p>\n<p>Deneyimli oyuncu son haftalarda tak\u0131m\u0131na h\u00fccumda \u00f6nemli katk\u0131lar sa\u011flarken, \u00fcst \u00fcste 7 deplasman ma\u00e7\u0131nda gol veya asist yapt\u0131.<\/p>\n<p>Deneyimli oyuncu bu s\u00fcre\u00e7te Be\u015fikta\u015f, Rizespor, Ey\u00fcpspor ma\u00e7lar\u0131nda gole imza atarken, Gaziantep FK, Rizespor, Ba\u015fak\u015fehir, Ey\u00fcpspor, Alanyaspor ve Kocaelispor\u2019a kar\u015f\u0131 gol pas\u0131 verdi.<\/p>\n<p><strong>16 MA\u00c7TA 9 GOL ATTI<\/strong><\/p>\n<p>\u0130spanyol futbolcu S\u00fcper Lig\u2019de bu sezon 15\u2019i ilk 11 olmak \u00fczere g\u00f6rev yapt\u0131\u011f\u0131 16 ma\u00e7ta 9. gol\u00fcne ula\u015ft\u0131.<\/p>\n<p><img decoding=\"async\" src=\"https:\/\/bihavadis.com\/wp-content\/uploads\/2026\/02\/marco-asensiodan-son-7-deplasman-macinda-gol-katkisi-1-SkmOzWxF.jpg\"\/><\/p>\n<p><strong>BA\u015eKAN SARAN AYAKTA ALKI\u015eLADI<\/strong><\/p>\n<p>Asensio, 88. dakikada yerini Yi\u011fit Efe Demir\u2019e b\u0131rak\u0131rken oyundan \u00e7\u0131kt\u0131\u011f\u0131 esnada Fenerbah\u00e7e Ba\u015fkan\u0131 Sadettin Saran ayakta alk\u0131\u015flad\u0131.<\/p>\n","protected":false},"excerpt":{"rendered":"<p>Fenerbah\u00e7e&#8217;nin \u0130spanyol oyuncusu Marco Asensio, Kocaeli\u2019de att\u0131\u011f\u0131 golle birlikte son 7 deplasman ma\u00e7\u0131nda gol katk\u0131s\u0131 yapt\u0131.<\/p>\n","protected":false},"author":1,"featured_media":16414,"comment_status":"open","ping_status":"open","sticky":false,"template":"","format":"standard","meta":{"footnotes":""},"categories":[14],"tags":[269],"class_list":["post-16413","post","type-post","status-publish","format-standard","has-post-thumbnail","hentry","category-spor","tag-gol"],"_links":{"self":[{"href":"https:\/\/bihavadis.com\/index.php\/wp-json\/wp\/v2\/posts\/16413","targetHints":{"allow":["GET"]}}],"collection":[{"href":"https:\/\/bihavadis.com\/index.php\/wp-json\/wp\/v2\/posts"}],"about":[{"href":"https:\/\/bihavadis.com\/index.php\/wp-json\/wp\/v2\/types\/post"}],"author":[{"embeddable":true,"href":"https:\/\/bihavadis.com\/index.php\/wp-json\/wp\/v2\/users\/1"}],"replies":[{"embeddable":true,"href":"https:\/\/bihavadis.com\/index.php\/wp-json\/wp\/v2\/comments?post=16413"}],"version-history":[{"count":1,"href":"https:\/\/bihavadis.com\/index.php\/wp-json\/wp\/v2\/posts\/16413\/revisions"}],"predecessor-version":[{"id":16417,"href":"https:\/\/bihavadis.com\/index.php\/wp-json\/wp\/v2\/posts\/16413\/revisions\/16417"}],"wp:featuredmedia":[{"embeddable":true,"href":"https:\/\/bihavadis.com\/index.php\/wp-json\/wp\/v2\/media\/16414"}],"wp:attachment":[{"href":"https:\/\/bihavadis.com\/index.php\/wp-json\/wp\/v2\/media?parent=16413"}],"wp:term":[{"taxonomy":"category","embeddable":true,"href":"https:\/\/bihavadis.com\/index.php\/wp-json\/wp\/v2\/categories?post=16413"},{"taxonomy":"post_tag","embeddable":true,"href":"https:\/\/bihavadis.com\/index.php\/wp-json\/wp\/v2\/tags?post=16413"}],"curies":[{"name":"wp","href":"https:\/\/api.w.org\/{rel}","templated":true}]}}