{"id":16477,"date":"2026-02-05T07:30:12","date_gmt":"2026-02-05T07:30:12","guid":{"rendered":"https:\/\/bihavadis.com\/?p=16477"},"modified":"2026-02-05T07:30:12","modified_gmt":"2026-02-05T07:30:12","slug":"antalyada-halk-otobusunde-yangin","status":"publish","type":"post","link":"https:\/\/bihavadis.com\/index.php\/2026\/02\/05\/antalyada-halk-otobusunde-yangin\/","title":{"rendered":"Antalya&#8217;da Halk Otob\u00fcs\u00fcnde Yang\u0131n"},"content":{"rendered":"<p>\n<p>ANTALYA&#8217;da dura\u011fa yolcu almak i\u00e7in giren halk otob\u00fcs\u00fc, motor b\u00f6l\u00fcm\u00fcnden alev ald\u0131. \u015eof\u00f6r ve 3 yolcu otob\u00fcs\u00fc tahliye ederken, yang\u0131n, itfaiyenin m\u00fcdahalesiyle s\u00f6nd\u00fcr\u00fcld\u00fc. <\/p>\n<p>G\u00fclveren Mahallesi Antalyal\u0131 Hakk\u0131 \u00c7avu\u015f Caddesi&#8217;nde bug\u00fcn saat 14.30 s\u0131ralar\u0131nda Ferit Y\u0131ld\u0131r\u0131m y\u00f6netimindeki 07 AAK 658 plakal\u0131 Antalya B\u00fcy\u00fck\u015fehir Belediyesi&#8217;ne ba\u011fl\u0131 halk otob\u00fcs\u00fc, yolcu almak i\u00e7in dura\u011fa yana\u015ft\u0131. Bu s\u0131rada otob\u00fcs\u00fcn arka k\u0131sm\u0131nda bulunan motor b\u00f6l\u00fcm\u00fcnden duman y\u00fckselmeye ba\u015flad\u0131. Yang\u0131n\u0131 fark eden s\u00fcr\u00fcc\u00fc Y\u0131ld\u0131r\u0131m, 3 yolcusuyla ara\u00e7tan inip yang\u0131n t\u00fcp\u00fcyle alevlere m\u00fcdahale etmeye \u00e7al\u0131\u015ft\u0131. \u0130hbar \u00fczerine b\u00f6lgeye sevk edilen itfaiye ekipleri, alevlere m\u00fcdahale ederek yang\u0131n\u0131 s\u00f6nd\u00fcrd\u00fc. Yang\u0131nda otob\u00fcste zarar olu\u015ftu. Yang\u0131n nedeniyle cadde k\u0131sa s\u00fcreli\u011fine trafi\u011fe kapat\u0131ld\u0131. <\/p>\n<p>Ekipler, yang\u0131n\u0131n \u00e7\u0131k\u0131\u015f nedenini ara\u015ft\u0131r\u0131yor. <\/p>\n","protected":false},"excerpt":{"rendered":"<p>Antalya&#8217;da halk otob\u00fcs\u00fc dura\u011fa yana\u015f\u0131rken motor k\u0131sm\u0131nda yang\u0131n \u00e7\u0131kt\u0131, itfaiye s\u00f6nd\u00fcrd\u00fc.<\/p>\n","protected":false},"author":1,"featured_media":16478,"comment_status":"open","ping_status":"open","sticky":false,"template":"","format":"standard","meta":{"footnotes":""},"categories":[9,4,13],"tags":[600],"class_list":["post-16477","post","type-post","status-publish","format-standard","has-post-thumbnail","hentry","category-genel","category-gundem","category-son-dakika","tag-yangin"],"_links":{"self":[{"href":"https:\/\/bihavadis.com\/index.php\/wp-json\/wp\/v2\/posts\/16477","targetHints":{"allow":["GET"]}}],"collection":[{"href":"https:\/\/bihavadis.com\/index.php\/wp-json\/wp\/v2\/posts"}],"about":[{"href":"https:\/\/bihavadis.com\/index.php\/wp-json\/wp\/v2\/types\/post"}],"author":[{"embeddable":true,"href":"https:\/\/bihavadis.com\/index.php\/wp-json\/wp\/v2\/users\/1"}],"replies":[{"embeddable":true,"href":"https:\/\/bihavadis.com\/index.php\/wp-json\/wp\/v2\/comments?post=16477"}],"version-history":[{"count":1,"href":"https:\/\/bihavadis.com\/index.php\/wp-json\/wp\/v2\/posts\/16477\/revisions"}],"predecessor-version":[{"id":16479,"href":"https:\/\/bihavadis.com\/index.php\/wp-json\/wp\/v2\/posts\/16477\/revisions\/16479"}],"wp:featuredmedia":[{"embeddable":true,"href":"https:\/\/bihavadis.com\/index.php\/wp-json\/wp\/v2\/media\/16478"}],"wp:attachment":[{"href":"https:\/\/bihavadis.com\/index.php\/wp-json\/wp\/v2\/media?parent=16477"}],"wp:term":[{"taxonomy":"category","embeddable":true,"href":"https:\/\/bihavadis.com\/index.php\/wp-json\/wp\/v2\/categories?post=16477"},{"taxonomy":"post_tag","embeddable":true,"href":"https:\/\/bihavadis.com\/index.php\/wp-json\/wp\/v2\/tags?post=16477"}],"curies":[{"name":"wp","href":"https:\/\/api.w.org\/{rel}","templated":true}]}}