{"id":16491,"date":"2026-02-05T07:42:06","date_gmt":"2026-02-05T07:42:06","guid":{"rendered":"https:\/\/bihavadis.com\/?p=16491"},"modified":"2026-02-05T07:42:06","modified_gmt":"2026-02-05T07:42:06","slug":"baskan-aydin-sahada-vatandasin-yaninda","status":"publish","type":"post","link":"https:\/\/bihavadis.com\/index.php\/2026\/02\/05\/baskan-aydin-sahada-vatandasin-yaninda\/","title":{"rendered":"Ba\u015fkan Ayd\u0131n Sahada, Vatanda\u015f\u0131n Yan\u0131nda"},"content":{"rendered":"<p><span><span><span>Halkla i\u00e7 i\u00e7e bir y\u00f6netim anlay\u0131\u015f\u0131 benimseyen Osmangazi Belediye Ba\u015fkan\u0131 Erkan Ayd\u0131n, mahalle bulu\u015fmalar\u0131 zincirine bir yenisini daha ekledi. Ba\u015fkan Ayd\u0131n, bu kapsamda G\u00fclbah\u00e7e Mahallesi\u2019nde d\u00fczenlenen kahvalt\u0131 program\u0131nda mahalle sakinleriyle bir araya gelerek vatanda\u015flar\u0131n talep ve beklentilerini yerinde dinledi.<\/span><\/span><\/span><\/p>\n<p><span><span><span>Yo\u011fun kat\u0131l\u0131m\u0131n oldu\u011fu programda Osmangazi Belediye Ba\u015fkan\u0131 Erkan Ayd\u0131n\u2019a CHP Osmangazi \u0130l\u00e7e Ba\u015fkan\u0131 Ra\u015fit G\u00fcrb\u00fcz\u2019\u00fcn yan\u0131 s\u0131ra G\u00fclbah\u00e7e Muhtar\u0131 \u00d6mer \u015een, belediye ba\u015fkan yard\u0131mc\u0131lar\u0131, meclis \u00fcyeleri ile \u00e7ok say\u0131da vatanda\u015f e\u015flik etti. Ba\u015fkan Ayd\u0131n, kurulan g\u00f6n\u00fcl sofras\u0131nda vatanda\u015flarla birebir sohbet ederek il\u00e7ede hayata ge\u00e7irilen \u00e7al\u0131\u015fmalar ve \u00f6n\u00fcm\u00fczdeki d\u00f6nemde planlanan projeler hakk\u0131nda bilgiler verdi. Kar\u015f\u0131l\u0131kl\u0131 fikir al\u0131\u015fveri\u015finin \u00f6n planda oldu\u011fu bulu\u015fmada, mahalle sakinlerinin dile getirdi\u011fi konular not al\u0131n\u0131rken, \u00e7\u00f6z\u00fcm odakl\u0131 yakla\u015f\u0131m dikkat \u00e7ekti.<\/span><\/span><\/span><\/p>\n<p><span><span><b><span>\u201cS\u00f6zlerimizi Yerine Getirece\u011fiz\u201d<\/span><\/b><\/span><\/span><\/p>\n<p><span><span><span>Halk danslar\u0131 ekibinin daha \u00f6nce kulland\u0131\u011f\u0131 alan\u0131n depreme dayan\u0131ks\u0131z olmas\u0131 nedeniyle y\u0131k\u0131m\u0131n\u0131n ger\u00e7ekle\u015ftirildi\u011fini belirten Ba\u015fkan Ayd\u0131n, s\u00f6z konusu alanda yeni ve modern bir yap\u0131n\u0131n planland\u0131\u011f\u0131n\u0131 s\u00f6yledi. Mahallede yap\u0131lacak \u00e7al\u0131\u015fmalarla ilgili bilgiler veren Ba\u015fkan Ayd\u0131n, s\u00f6zlerinde \u015fu ifadelere yer verdi:<\/span><\/span><\/span><\/p>\n<p><span><span><span>\u201c\u00dc\u00e7 ya da d\u00f6rt katl\u0131 olarak tasarlad\u0131\u011f\u0131m\u0131z projede, yakla\u015f\u0131k 450 metrekarelik bir kullan\u0131m sahas\u0131 olu\u015fturmay\u0131 hedefliyoruz. Bu projede kre\u015f, muhtarl\u0131k ve OSMEK kurslar\u0131 yer alacak. En \u00fcst katta halk danslar\u0131 ekiplerimizin yaz\u0131n a\u00e7\u0131k, k\u0131\u015f\u0131n kapal\u0131 olarak kullanabilece\u011fi bir b\u00f6l\u00fcm bulunacak. Bunun d\u0131\u015f\u0131nda Selamet-G\u00fclbah\u00e7e aras\u0131nda yer alan 7 bin metrekarelik alanda \u00e7al\u0131\u015fmalar\u0131m\u0131z var. Bu noktalar\u0131 kamula\u015ft\u0131rabilirsek yeni ye\u015fil alanlar kazand\u0131rarak, daha \u00f6nce verdi\u011fimiz s\u00f6zleri yerine getirmi\u015f olaca\u011f\u0131z. Ayr\u0131ca kad\u0131nlara y\u00f6nelik bir spor ve dinlenme merkeziyle birlikte, parkla entegre yakla\u015f\u0131k 4 bin 500 metrekarelik bir projeyi y\u00fcr\u00fcme mesafesi i\u00e7erisinde planl\u0131yoruz. K\u0131sa s\u00fcrede hayata ge\u00e7irmeyi ama\u00e7l\u0131yoruz. Mahalle bulu\u015fmalar\u0131ndaki temel amac\u0131m\u0131z sizleri dinlemek, taleplerinizi almak ve bu do\u011frultuda h\u0131zl\u0131ca harekete ge\u00e7mek. Kat\u0131l\u0131m sa\u011flayan t\u00fcm muhtarlar\u0131m\u0131za ve hem\u015fehrilerimize te\u015fekk\u00fcr ediyorum.\u201d <\/span><\/span><\/span><\/p>\n<p><span><span><span>Birlik ve beraberlik mesajlar\u0131n\u0131n \u00f6ne \u00e7\u0131kt\u0131\u011f\u0131 programda Ba\u015fkan Erkan Ayd\u0131n, \u201cMahalle bulu\u015fmalar\u0131n\u0131 \u00e7ok uzun s\u00fcre \u00f6nceden planlam\u0131yoruz. F\u0131rsat bulduk\u00e7a muhtarlar\u0131m\u0131z\u0131 bir-iki g\u00fcn \u00f6nceden aray\u0131p mahallede m\u00fcsaitlik durumuna g\u00f6re h\u0131zl\u0131ca bir araya geliyoruz. B\u00f6ylece hem sahada olup yap\u0131lan \u00e7al\u0131\u015fmalar\u0131 yerinde g\u00f6r\u00fcyoruz hem de sizlerle birebir g\u00f6r\u00fc\u015ferek taleplerinizi do\u011frudan dinleme imkan\u0131 buluyoruz. Muhtarlar\u0131m\u0131z arac\u0131l\u0131\u011f\u0131yla gelen istekleri de bu \u015fekilde daha yak\u0131ndan ve net bir bi\u00e7imde alm\u0131\u015f oluyoruz. Bu y\u00f6ntem bizim a\u00e7\u0131m\u0131zdan daha verimli, daha h\u0131zl\u0131 ve halkla i\u00e7 i\u00e7e bir \u00e7al\u0131\u015fma ortam\u0131 sa\u011fl\u0131yor\u201d dedi.<\/span><\/span><\/span><\/p>\n<p><span><span><span>G\u00fclbah\u00e7e Mahalle Muhtar\u0131 \u00d6mer \u015een ise Ba\u015fkan Ayd\u0131n\u2019\u0131n ula\u015f\u0131labilir ve samimi yakla\u015f\u0131m\u0131ndan duyduklar\u0131 memnuniyeti dile getirerek, bu t\u00fcr bulu\u015fmalar\u0131n mahallelerin geli\u015fimi a\u00e7\u0131s\u0131ndan b\u00fcy\u00fck \u00f6nem ta\u015f\u0131d\u0131\u011f\u0131n\u0131 belirtti.<\/span><\/span><\/span><\/p>\n<p><span><span><span>Kahvalt\u0131 program\u0131 g\u00fcn\u00fcn an\u0131s\u0131na \u00e7ekilen hat\u0131ra foto\u011fraflar\u0131yla sona ererken, Osmangazi Belediye Ba\u015fkan\u0131 Erkan Ayd\u0131n mahalle bulu\u015fmalar\u0131n\u0131n \u00f6n\u00fcm\u00fczdeki s\u00fcre\u00e7te aral\u0131ks\u0131z devam edece\u011finin alt\u0131n\u0131 \u00e7izdi.<\/span><\/span><\/span><\/p>\n<p>\u00a0<\/p>\n<p>Kaynak: (BYZHA) Beyaz Haber Ajans\u0131<\/p>\n","protected":false},"excerpt":{"rendered":"<p>Halkla i\u00e7 i\u00e7e bir y\u00f6netim anlay\u0131\u015f\u0131 benimseyen Osmangazi Belediye Ba\u015fkan\u0131 Erkan Ayd\u0131n, mahalle bulu\u015fmalar\u0131 zincirine bir yenisini daha ekledi.<\/p>\n","protected":false},"author":1,"featured_media":16492,"comment_status":"open","ping_status":"open","sticky":false,"template":"","format":"standard","meta":{"footnotes":""},"categories":[4],"tags":[382,562,516,378,1018],"class_list":["post-16491","post","type-post","status-publish","format-standard","has-post-thumbnail","hentry","category-gundem","tag-alan","tag-aydin","tag-baskan","tag-calisma","tag-mahalle"],"_links":{"self":[{"href":"https:\/\/bihavadis.com\/index.php\/wp-json\/wp\/v2\/posts\/16491","targetHints":{"allow":["GET"]}}],"collection":[{"href":"https:\/\/bihavadis.com\/index.php\/wp-json\/wp\/v2\/posts"}],"about":[{"href":"https:\/\/bihavadis.com\/index.php\/wp-json\/wp\/v2\/types\/post"}],"author":[{"embeddable":true,"href":"https:\/\/bihavadis.com\/index.php\/wp-json\/wp\/v2\/users\/1"}],"replies":[{"embeddable":true,"href":"https:\/\/bihavadis.com\/index.php\/wp-json\/wp\/v2\/comments?post=16491"}],"version-history":[{"count":1,"href":"https:\/\/bihavadis.com\/index.php\/wp-json\/wp\/v2\/posts\/16491\/revisions"}],"predecessor-version":[{"id":16493,"href":"https:\/\/bihavadis.com\/index.php\/wp-json\/wp\/v2\/posts\/16491\/revisions\/16493"}],"wp:featuredmedia":[{"embeddable":true,"href":"https:\/\/bihavadis.com\/index.php\/wp-json\/wp\/v2\/media\/16492"}],"wp:attachment":[{"href":"https:\/\/bihavadis.com\/index.php\/wp-json\/wp\/v2\/media?parent=16491"}],"wp:term":[{"taxonomy":"category","embeddable":true,"href":"https:\/\/bihavadis.com\/index.php\/wp-json\/wp\/v2\/categories?post=16491"},{"taxonomy":"post_tag","embeddable":true,"href":"https:\/\/bihavadis.com\/index.php\/wp-json\/wp\/v2\/tags?post=16491"}],"curies":[{"name":"wp","href":"https:\/\/api.w.org\/{rel}","templated":true}]}}