{"id":16494,"date":"2026-02-05T07:48:08","date_gmt":"2026-02-05T07:48:08","guid":{"rendered":"https:\/\/bihavadis.com\/?p=16494"},"modified":"2026-02-05T07:48:08","modified_gmt":"2026-02-05T07:48:08","slug":"nelson-semedo-harika-bir-galibiyet-elde-ettik","status":"publish","type":"post","link":"https:\/\/bihavadis.com\/index.php\/2026\/02\/05\/nelson-semedo-harika-bir-galibiyet-elde-ettik\/","title":{"rendered":"Nelson Semedo: Harika bir galibiyet elde ettik"},"content":{"rendered":"<p>S\u00fcper Lig&#8217;in 20. haftas\u0131nda Fenerbah\u00e7e, Kocaelispor ile deplasmanda kar\u015f\u0131 kar\u015f\u0131ya geldi.<\/p>\n<p>Sar\u0131-lacivertliler, Kocaeli Stadyumu&#8217;nda oynanan ma\u00e7\u0131 2-0&#8217;l\u0131k skorla kazand\u0131.<\/p>\n<p>Fenerbah\u00e7e&#8217;ye galibiyeti getiren golleri 45+1. dakikada ceza sahas\u0131 d\u0131\u015f\u0131ndan Marco Asensio ve 75. dakikada Dorgeles Nene att\u0131.<\/p>\n<p><strong>&#8220;KOLAY B\u0130R MA\u00c7 OLMAYACA\u011eINI B\u0130L\u0130YORDUK&#8221;<\/strong><\/p>\n<p>Ma\u00e7\u0131n ard\u0131ndan sar\u0131-lacivertlilerin Portekizli sa\u011f beki Nelson Semedo, a\u00e7\u0131klamalarda bulundu.<\/p>\n<p>Kocaelispor&#8217;dan \u00f6vg\u00fcyle bahseden Semedo, <em><b>&#8220;Harika bir galibiyet elde etti\u011fimizi s\u00f6ylemek istiyorum. Kolay bir ma\u00e7 olmayaca\u011f\u0131n\u0131 biliyorduk. \u0130yi bir tak\u0131m ve iyi haz\u0131rlanm\u0131\u015f bir tak\u0131ma kar\u015f\u0131 oynad\u0131k. Taraftarlar\u0131 da bana g\u00f6re iyi bir destek verdi, bizim taraftar\u0131m\u0131z da m\u00fcthi\u015f destek g\u00f6sterdi bug\u00fcn. Her zaman bizimleler. Onlara te\u015fekk\u00fcr ederim. Zor olaca\u011f\u0131n\u0131 biliyorduk ama mental ve fiziksel olarak haz\u0131rd\u0131k. Herkes katk\u0131 sa\u011flad\u0131. Sonu\u00e7tan dolay\u0131 \u00e7ok mutluyum, mutluyuz. Daha iyisi i\u00e7in \u00e7al\u0131\u015fmalar\u0131m\u0131z\u0131 s\u00fcrd\u00fcrece\u011fiz.&#8221; <\/b><\/em>dedi.<\/p>\n<p><img decoding=\"async\" src=\"https:\/\/bihavadis.com\/wp-content\/uploads\/2026\/02\/nelson-semedo-harika-bir-galibiyet-elde-ettik-0-l2G3MxGG.jpg\"\/><\/p>\n","protected":false},"excerpt":{"rendered":"<p>Fenerbah\u00e7e&#8217;nin savunma oyuncusu Nelson Semedo, &#8220;Harika bir galibiyet elde etti\u011fimizi s\u00f6ylemek istiyorum. Kolay bir ma\u00e7 olmayaca\u011f\u0131n\u0131 biliyorduk. \u0130yi bir tak\u0131m ve iyi haz\u0131rlanm\u0131\u015f bir tak\u0131ma kar\u015f\u0131 oynad\u0131k&#8221; dedi.<\/p>\n","protected":false},"author":1,"featured_media":16495,"comment_status":"open","ping_status":"open","sticky":false,"template":"","format":"standard","meta":{"footnotes":""},"categories":[14],"tags":[],"class_list":["post-16494","post","type-post","status-publish","format-standard","has-post-thumbnail","hentry","category-spor"],"_links":{"self":[{"href":"https:\/\/bihavadis.com\/index.php\/wp-json\/wp\/v2\/posts\/16494","targetHints":{"allow":["GET"]}}],"collection":[{"href":"https:\/\/bihavadis.com\/index.php\/wp-json\/wp\/v2\/posts"}],"about":[{"href":"https:\/\/bihavadis.com\/index.php\/wp-json\/wp\/v2\/types\/post"}],"author":[{"embeddable":true,"href":"https:\/\/bihavadis.com\/index.php\/wp-json\/wp\/v2\/users\/1"}],"replies":[{"embeddable":true,"href":"https:\/\/bihavadis.com\/index.php\/wp-json\/wp\/v2\/comments?post=16494"}],"version-history":[{"count":1,"href":"https:\/\/bihavadis.com\/index.php\/wp-json\/wp\/v2\/posts\/16494\/revisions"}],"predecessor-version":[{"id":16497,"href":"https:\/\/bihavadis.com\/index.php\/wp-json\/wp\/v2\/posts\/16494\/revisions\/16497"}],"wp:featuredmedia":[{"embeddable":true,"href":"https:\/\/bihavadis.com\/index.php\/wp-json\/wp\/v2\/media\/16495"}],"wp:attachment":[{"href":"https:\/\/bihavadis.com\/index.php\/wp-json\/wp\/v2\/media?parent=16494"}],"wp:term":[{"taxonomy":"category","embeddable":true,"href":"https:\/\/bihavadis.com\/index.php\/wp-json\/wp\/v2\/categories?post=16494"},{"taxonomy":"post_tag","embeddable":true,"href":"https:\/\/bihavadis.com\/index.php\/wp-json\/wp\/v2\/tags?post=16494"}],"curies":[{"name":"wp","href":"https:\/\/api.w.org\/{rel}","templated":true}]}}