{"id":16502,"date":"2026-02-05T07:54:06","date_gmt":"2026-02-05T07:54:06","guid":{"rendered":"https:\/\/bihavadis.com\/?p=16502"},"modified":"2026-02-05T07:54:06","modified_gmt":"2026-02-05T07:54:06","slug":"naim-suleymanoglu-ve-gulsah-durbay-isimleri-bucada-yasayacak","status":"publish","type":"post","link":"https:\/\/bihavadis.com\/index.php\/2026\/02\/05\/naim-suleymanoglu-ve-gulsah-durbay-isimleri-bucada-yasayacak\/","title":{"rendered":"Naim S\u00fcleymano\u011flu ve G\u00fcl\u015fah Durbay isimleri Buca&#8217;da ya\u015fayacak"},"content":{"rendered":"<p>Buca Belediyesi, vefat\u0131yla sevenlerini yasa bo\u011fan \u015eehzadeler Belediye Ba\u015fkan\u0131 G\u00fcl\u015fah Durbay ile d\u00fcnya spor efsanesi Naim S\u00fcleymano\u011flu&#8217;nun isimlerini il\u00e7edeki tesislerde ya\u015fatacak.<\/p>\n<p>Buca Belediyesi \u015eubat Ay\u0131 Ola\u011fan Meclis Toplant\u0131s\u0131, Belediye Ba\u015fkan\u0131 G\u00f6rkem Duman ba\u015fkanl\u0131\u011f\u0131nda ger\u00e7ekle\u015ftirildi. Toplant\u0131da ge\u00e7ti\u011fimiz aral\u0131k ay\u0131nda ya\u015fam\u0131n\u0131 kaybeden \u015eehzadeler Belediye Ba\u015fkan\u0131 G\u00fcl\u015fah Durbay\u2019\u0131n isminin F\u0131rat Mahallesi\u2019nde hizmete a\u00e7\u0131lacak Kad\u0131n Dan\u0131\u015fma Merkezi\u2019ne verilmesine y\u00f6nelik \u00f6nerge ile T\u00fcrk ve d\u00fcnya spor tarihine ad\u0131n\u0131 alt\u0131n harflerle yazd\u0131ran Naim S\u00fcleymano\u011flu\u2019nun ad\u0131n\u0131n Y\u0131ld\u0131z Mahallesi\u2019ndeki Sporium\u2019a verilmesine y\u00f6nelik \u00f6nergeler oy birli\u011fi ile kabul edildi.<\/p>\n<p>Karar\u0131n\u00a0 ard\u0131ndan konu\u015fan Buca Belediye Ba\u015fkan\u0131 G\u00f6rkem Duman, G\u00fcl\u015fah Durbay ad\u0131n\u0131, kad\u0131nlara ve ailelere dokunan anlaml\u0131 bir projede ya\u015fatman\u0131n \u00e7ok anlaml\u0131 olaca\u011f\u0131n\u0131 ifade ederek, \u015f\u00f6yle konu\u015ftu:<\/p>\n<p>\u201cBaz\u0131 isimler vard\u0131r, \u00f6m\u00fcrleri k\u0131sa olsa da b\u0131rakt\u0131klar\u0131 izler ve dokunduklar\u0131 hayatlar \u00e7ok b\u00fcy\u00fckt\u00fcr.\u00a0 \u015eehzadeler Belediye Ba\u015fkan\u0131m\u0131z G\u00fcl\u015fah Durbay da i\u015fte \u00f6yle bir insand\u0131 maalesef \u00e7ok gen\u00e7 ya\u015fta kaybettik. O, sadece bir belediye ba\u015fkan\u0131 de\u011fil; her kesimden insan\u0131n kalbine dokunabilmi\u015f, siyasetin g\u00fclen y\u00fcz\u00fc ve nezaketiydi. Onunla yol arkada\u015fl\u0131\u011f\u0131 yapm\u0131\u015f olman\u0131n, onu tan\u0131man\u0131n gururunu her zaman ta\u015f\u0131yaca\u011f\u0131m. Onun o ayd\u0131nl\u0131k y\u00fcz\u00fcn\u00fc ve m\u00fccadeleci ruhunu il\u00e7emizde ya\u015fatmak istiyoruz.<\/p>\n<p>D\u00fcnya ve Olimpiyat \u015eampiyonumuz merhum Naim S\u00fcleymano\u011flu ise elde etti\u011fi ba\u015far\u0131larla T\u00fcrk spor tarihine ad\u0131n\u0131 alt\u0131n harflerle yazd\u0131rm\u0131\u015f, ayn\u0131 zamanda Bulgaristan T\u00fcrklerinin milli kimlik m\u00fccadelesinin ve direni\u015finin sembol\u00fc olmu\u015f bir de\u011ferdir. Hayat\u0131, inanc\u0131 ve m\u00fccadelesiyle bir milletin davas\u0131n\u0131 d\u00fcnyaya duyuran Naim S\u00fcleymano\u011flu\u2019nun ad\u0131n\u0131n Buca\u2019da ya\u015fat\u0131lmas\u0131; hem aziz hat\u0131ras\u0131na bir vefa \u00f6rne\u011fi olacak hem de gelece\u011fin sporcular\u0131na ilham kayna\u011f\u0131 olacakt\u0131r.\u201d<\/p>\n<p>CEZAEV\u0130 PLANI OY B\u0130RL\u0130\u011e\u0130 \u0130LE MECL\u0130STEN GE\u00c7T\u0130<\/p>\n<p>\u00d6te yandan, toplant\u0131da eski Buca Cezaevi alan\u0131n\u0131 kapsayan ve \u0130zmir B\u00fcy\u00fck\u015fehir Belediyesi Meclisi\u2019nden gelen 1\/1000 \u00d6l\u00e7ekli Uygulama \u0130mar Plan\u0131 De\u011fi\u015fikli\u011fi oy birli\u011fi ile kabul edildi. Buca Belediye Ba\u015fkan\u0131 G\u00f6rkem Duman, kararla ilgili bir a\u00e7\u0131klama yaparak \u015f\u00f6yle dedi:<\/p>\n<p>\u201cBu plan B\u00fcy\u00fck\u015fehir\u2019den oy birli\u011fi ile ge\u00e7ti. Bug\u00fcn meclisimizden de oy birli\u011fi ile ge\u00e7ti. Y\u0131llard\u0131r Buca\u2019m\u0131z\u0131n ana problemi olan cezaevinin kentin merkezinde kalmas\u0131 etap etap \u00f6nce cezaevi kald\u0131r\u0131ld\u0131. Adnan Kahveci Yolu a\u00e7\u0131ld\u0131. Bug\u00fcn de imar planlar\u0131n\u0131n oy birli\u011fi ile ge\u00e7mesi bunun ard\u0131ndan da Buca\u2019m\u0131z\u0131n merkezinde olan bir alan\u0131n da d\u00fczenlenmesi, belli bir k\u0131sm\u0131 ye\u015fil alan belli bir k\u0131sm\u0131 yap\u0131la\u015fma.\u00a0 Buca\u2019m\u0131za hay\u0131rl\u0131 olsun.\u201d<\/p>\n<p>CEZAEV\u0130 ALANINDA YE\u015e\u0130L ALANLAR VE KONUT ALANI BULUNUYOR<\/p>\n<p>Meclisten ge\u00e7en plana g\u00f6re;\u00a0 78 bin metrekarelik alanda yakla\u015f\u0131k 40 bin 200 metrekare in\u015faat alan\u0131 belirlenirken alan\u0131n g\u00fcney b\u00f6l\u00fcm\u00fcnde 16 bin 560 metrekarelik ye\u015fil alan ayr\u0131ld\u0131\u011f\u0131 belirtildi. Bu alan\u0131n, \u00c7evre, \u015eehircilik ve \u0130klim De\u011fi\u015fikli\u011fi Bakanl\u0131\u011f\u0131 taraf\u0131ndan daha \u00f6nce onaylanan ve mahkeme karar\u0131yla iptal edilen plandaki ye\u015fil alan miktar\u0131n\u0131n \u00fczerinde oldu\u011fu ifade edildi.<\/p>\n<p>\u00d6te yandan, daha \u00f6nce mahkeme karar\u0131yla iptal edilen planlarda yer alan e\u011fitim alan\u0131 ve belediye hizmet alan\u0131 kararlar\u0131n\u0131n da yeni planlama \u00e7al\u0131\u015fmas\u0131nda korundu\u011fu kaydedildi.<\/p>\n<p>\u00a0<\/p>\n<p>Kaynak: (BYZHA) Beyaz Haber Ajans\u0131<\/p>\n","protected":false},"excerpt":{"rendered":"<p>Buca Belediyesi, vefat\u0131yla sevenlerini yasa bo\u011fan \u015eehzadeler Belediye Ba\u015fkan\u0131 G\u00fcl\u015fah Durbay ile d\u00fcnya spor efsanesi Naim S\u00fcleymano\u011flu&#8217;nun isimlerini il\u00e7edeki tesislerde ya\u015fatacak.<\/p>\n","protected":false},"author":1,"featured_media":16503,"comment_status":"open","ping_status":"open","sticky":false,"template":"","format":"standard","meta":{"footnotes":""},"categories":[4],"tags":[382,3190,399,1707,1209],"class_list":["post-16502","post","type-post","status-publish","format-standard","has-post-thumbnail","hentry","category-gundem","tag-alan","tag-alanin","tag-belediye-baskani","tag-buca","tag-plan"],"_links":{"self":[{"href":"https:\/\/bihavadis.com\/index.php\/wp-json\/wp\/v2\/posts\/16502","targetHints":{"allow":["GET"]}}],"collection":[{"href":"https:\/\/bihavadis.com\/index.php\/wp-json\/wp\/v2\/posts"}],"about":[{"href":"https:\/\/bihavadis.com\/index.php\/wp-json\/wp\/v2\/types\/post"}],"author":[{"embeddable":true,"href":"https:\/\/bihavadis.com\/index.php\/wp-json\/wp\/v2\/users\/1"}],"replies":[{"embeddable":true,"href":"https:\/\/bihavadis.com\/index.php\/wp-json\/wp\/v2\/comments?post=16502"}],"version-history":[{"count":1,"href":"https:\/\/bihavadis.com\/index.php\/wp-json\/wp\/v2\/posts\/16502\/revisions"}],"predecessor-version":[{"id":16504,"href":"https:\/\/bihavadis.com\/index.php\/wp-json\/wp\/v2\/posts\/16502\/revisions\/16504"}],"wp:featuredmedia":[{"embeddable":true,"href":"https:\/\/bihavadis.com\/index.php\/wp-json\/wp\/v2\/media\/16503"}],"wp:attachment":[{"href":"https:\/\/bihavadis.com\/index.php\/wp-json\/wp\/v2\/media?parent=16502"}],"wp:term":[{"taxonomy":"category","embeddable":true,"href":"https:\/\/bihavadis.com\/index.php\/wp-json\/wp\/v2\/categories?post=16502"},{"taxonomy":"post_tag","embeddable":true,"href":"https:\/\/bihavadis.com\/index.php\/wp-json\/wp\/v2\/tags?post=16502"}],"curies":[{"name":"wp","href":"https:\/\/api.w.org\/{rel}","templated":true}]}}