{"id":16532,"date":"2026-02-05T08:21:03","date_gmt":"2026-02-05T08:21:03","guid":{"rendered":"https:\/\/bihavadis.com\/?p=16532"},"modified":"2026-02-05T08:21:03","modified_gmt":"2026-02-05T08:21:03","slug":"2026-uec-avrupa-pist-bisikleti-sampiyonasi-kapsaminda-konyada-anlamli-agac-dikimi","status":"publish","type":"post","link":"https:\/\/bihavadis.com\/index.php\/2026\/02\/05\/2026-uec-avrupa-pist-bisikleti-sampiyonasi-kapsaminda-konyada-anlamli-agac-dikimi\/","title":{"rendered":"2026 UEC Avrupa Pist Bisikleti \u015eampiyonas\u0131 Kapsam\u0131nda Konya&#8217;da Anlaml\u0131 A\u011fa\u00e7 Dikimi"},"content":{"rendered":"<p><strong>Avrupa Bisiklet Birli\u011fi (UEC), s\u00fcrd\u00fcr\u00fclebilirlik ve iklim eylemine y\u00f6nelik kararl\u0131 duru\u015funu bir kez daha ortaya koyarak, 2026 UEC Avrupa Pist Bisikleti \u015eampiyonas\u0131\u2019na ev sahipli\u011fi yapan Konya\u2019da anlaml\u0131 bir fidan dikim etkinli\u011fi ger\u00e7ekle\u015ftirdi.<\/strong><\/p>\n<p>\u015eampiyonan\u0131n d\u00f6rd\u00fcnc\u00fc g\u00fcn\u00fcnde, s\u00fcrd\u00fcr\u00fclebilirlik ve iklim eylemi vizyonu do\u011frultusunda Konya\u2019da ger\u00e7ekle\u015ftirilen fidan dikimi;\u00a0Avrupa Bisiklet Birli\u011fi (UEC) Ba\u015fkan\u0131 Enrico Del Casa, Avrupa Bisiklet Birli\u011fi (UEC) Asba\u015fkan\u0131 Raivo Rand, T\u00fcrkiye Bisiklet Federasyonu Ba\u015fkan\u0131 Emin M\u00fcft\u00fco\u011flu\u00a0taraf\u0131ndan ger\u00e7ekle\u015ftirildi. Avrupa Bisiklet Birli\u011fi\u2019nin, Avrupa \u015eampiyonalar\u0131na ev sahipli\u011fi yapan her \u015fehir i\u00e7in hayata ge\u00e7irdi\u011fi bu uygulama kapsam\u0131nda Konya\u2019da topra\u011fa verilen fidan, y\u00fcksek d\u00fczeyde CO\u2082 emilimini desteklemeyi ve bisiklet sporunun \u00e7evresel sorumlulu\u011funu kal\u0131c\u0131 bir iz b\u0131rakarak ortaya koymay\u0131 ama\u00e7l\u0131yor.<\/p>\n<p><strong>UEC Forest Konya\u2019da B\u00fcy\u00fcmeye Devam Ediyor<\/strong><\/p>\n<p>Konya\u2019da ger\u00e7ekle\u015ftirilen bu anlaml\u0131 ad\u0131mla UEC Forest bir kez daha b\u00fcy\u00fcd\u00fc. #EuroTrack26 kapsam\u0131nda Konya Velodromu\u2019nda dikilen 75 numaral\u0131 fidan, s\u00fcrd\u00fcr\u00fclebilirlik ve iklim eylemi vizyonu do\u011frultusunda dikildi. Bug\u00fcn at\u0131lan bu k\u00fc\u00e7\u00fck ama anlaml\u0131 ad\u0131m, yar\u0131n i\u00e7in kal\u0131c\u0131 bir \u00e7evresel etki yaratmay\u0131 ve bisiklet sporunun s\u00fcrd\u00fcr\u00fclebilir bir gelece\u011fe olan katk\u0131s\u0131n\u0131 g\u00fc\u00e7lendirmeyi hedefliyor.<\/p>\n<p><strong>UEC Forest ile Avrupa \u015eampiyonalar\u0131nda S\u00fcrd\u00fcr\u00fclebilirlik Vurgusu<\/strong><\/p>\n<p>UEC Forest kapsam\u0131nda hayata ge\u00e7irilen bu uygulama, Avrupa Bisiklet Birli\u011fi\u2019nin iklim de\u011fi\u015fikli\u011fiyle m\u00fccadeleye y\u00f6nelik uzun vadeli yakla\u015f\u0131m\u0131n\u0131n sahadaki yans\u0131malar\u0131ndan biri olarak \u00f6ne \u00e7\u0131k\u0131yor. Avrupa \u015eampiyonalar\u0131na ev sahipli\u011fi yapan her \u015fehirde \u00e7evresel fark\u0131ndal\u0131\u011f\u0131 art\u0131rmay\u0131 hedefleyen bu ad\u0131mla, bisiklet sporunun yaln\u0131zca sportif ba\u015far\u0131larla de\u011fil; do\u011faya sayg\u0131, s\u00fcrd\u00fcr\u00fclebilirlik ve gelecek nesillere kar\u015f\u0131 sorumluluk bilinciyle de an\u0131lmas\u0131 ama\u00e7lan\u0131yor. Konya\u2019da dikilen fidan da bu yakla\u015f\u0131m do\u011frultusunda, bug\u00fcn at\u0131lan k\u00fc\u00e7\u00fck bir ad\u0131m\u0131n yar\u0131n i\u00e7in kal\u0131c\u0131 bir \u00e7evresel etkiye d\u00f6n\u00fc\u015fmesini simgeliyor.<\/p>\n<p>\u00a0<\/p>\n<p>Kaynak: (BYZHA) Beyaz Haber Ajans\u0131<\/p>\n","protected":false},"excerpt":{"rendered":"<p>Avrupa Bisiklet Birli\u011fi (UEC), s\u00fcrd\u00fcr\u00fclebilirlik ve iklim eylemine y\u00f6nelik kararl\u0131 duru\u015funu bir kez daha ortaya koyarak, 2026 UEC Avrupa Pist Bisikleti \u015eampiyonas\u0131\u2019na ev sahipli\u011fi yapan Konya\u2019da anlaml\u0131 bir fidan dikim etkinli\u011fi ger\u00e7ekle\u015ftirdi.<\/p>\n","protected":false},"author":1,"featured_media":16533,"comment_status":"open","ping_status":"open","sticky":false,"template":"","format":"standard","meta":{"footnotes":""},"categories":[14],"tags":[3195,441,1390,184,3194],"class_list":["post-16532","post","type-post","status-publish","format-standard","has-post-thumbnail","hentry","category-spor","tag-avrupa-bisiklet-birligi","tag-bisiklet","tag-fidan","tag-surdurulebilirlik","tag-uec"],"_links":{"self":[{"href":"https:\/\/bihavadis.com\/index.php\/wp-json\/wp\/v2\/posts\/16532","targetHints":{"allow":["GET"]}}],"collection":[{"href":"https:\/\/bihavadis.com\/index.php\/wp-json\/wp\/v2\/posts"}],"about":[{"href":"https:\/\/bihavadis.com\/index.php\/wp-json\/wp\/v2\/types\/post"}],"author":[{"embeddable":true,"href":"https:\/\/bihavadis.com\/index.php\/wp-json\/wp\/v2\/users\/1"}],"replies":[{"embeddable":true,"href":"https:\/\/bihavadis.com\/index.php\/wp-json\/wp\/v2\/comments?post=16532"}],"version-history":[{"count":1,"href":"https:\/\/bihavadis.com\/index.php\/wp-json\/wp\/v2\/posts\/16532\/revisions"}],"predecessor-version":[{"id":16534,"href":"https:\/\/bihavadis.com\/index.php\/wp-json\/wp\/v2\/posts\/16532\/revisions\/16534"}],"wp:featuredmedia":[{"embeddable":true,"href":"https:\/\/bihavadis.com\/index.php\/wp-json\/wp\/v2\/media\/16533"}],"wp:attachment":[{"href":"https:\/\/bihavadis.com\/index.php\/wp-json\/wp\/v2\/media?parent=16532"}],"wp:term":[{"taxonomy":"category","embeddable":true,"href":"https:\/\/bihavadis.com\/index.php\/wp-json\/wp\/v2\/categories?post=16532"},{"taxonomy":"post_tag","embeddable":true,"href":"https:\/\/bihavadis.com\/index.php\/wp-json\/wp\/v2\/tags?post=16532"}],"curies":[{"name":"wp","href":"https:\/\/api.w.org\/{rel}","templated":true}]}}