{"id":16633,"date":"2026-02-05T10:09:09","date_gmt":"2026-02-05T10:09:09","guid":{"rendered":"https:\/\/bihavadis.com\/?p=16633"},"modified":"2026-02-05T10:09:09","modified_gmt":"2026-02-05T10:09:09","slug":"selcuk-bayraktar-2026-yilinda-kizilelma-gorevine-baslayacak","status":"publish","type":"post","link":"https:\/\/bihavadis.com\/index.php\/2026\/02\/05\/selcuk-bayraktar-2026-yilinda-kizilelma-gorevine-baslayacak\/","title":{"rendered":"Sel\u00e7uk Bayraktar: 2026 y\u0131l\u0131nda KIZILELMA g\u00f6revine ba\u015flayacak"},"content":{"rendered":"<p>T\u00fcrkiye&#8217;nin savunma ve havac\u0131l\u0131k sanayiinde giri\u015fti\u011fi b\u00fcy\u00fck \u00e7al\u0131\u015fmalar t\u00fcm d\u00fcnyada ilgi topluyor.<\/p>\n<p>Son y\u0131llarda g\u00f6sterilen geli\u015fim, bir\u00e7ok alanda ortaya konulan platform, sistem ve yeteneklerin yurt d\u0131\u015f\u0131 pazarlarda ilgi g\u00f6rmesini sa\u011fl\u0131yor.<\/p>\n<p><strong>&#8220;KIZILELMA YILI Z\u0130RVEDE TAMAMLADI&#8221;<\/strong><\/p>\n<p>Baykar \u00d6zdemir\u00a0Bayraktar\u00a0\u00d6d\u00fclleri T\u00f6reni&#8217;nde yapt\u0131\u011f\u0131 konu\u015fmada Baykar Y\u00f6netim Kurulu Ba\u015fkan\u0131 Sel\u00e7uk Bayraktar, 22 \u015eubat&#8217;ta\u00a0Bayraktar\u00a0TB2&#8217;nin adeta yeniden do\u011fdu\u011funu ifade ederek Bayraktar\u00a0TB2 T-AI&#8217;nin g\u00f6ky\u00fcz\u00fcne kavu\u015ftu\u011funu belirtti.<\/p>\n<p>Hemen sonras\u0131nda\u00a0Bayraktar\u00a0AKINCI&#8217;n\u0131n 100 bin saatini semalarda tamamlad\u0131\u011f\u0131 bilgisini payla\u015fan\u00a0Bayraktar, 29 Nisan&#8217;da bir anlamda T\u00fcrk S\u0130HA teknolojisinin Bat\u0131 Avrupa&#8217;yla bulu\u015fmas\u0131na vesile olacak Leonardo anla\u015fmas\u0131n\u0131 imzalad\u0131klar\u0131n\u0131 hat\u0131rlatt\u0131.<\/p>\n<p>Bayraktar\u00a0TB3&#8217;\u00fcn u\u00e7u\u015flar\u0131n\u0131n sortileri Deniz Kurdu Tatbikat\u0131&#8217;nda devam etti\u011fini ve 204 sorti u\u00e7tu\u011funu dile getiren\u00a0Bayraktar,\u00a0Bayraktar\u00a0TB2 T-AI&#8217;nin kendi s\u0131n\u0131f\u0131nda d\u00fcnya \u00e7ap\u0131nda bir irtifa rekorunu da ger\u00e7ekle\u015ftirdi\u011fini ve 40 bin fite t\u0131rmand\u0131\u011f\u0131n\u0131 anlatt\u0131.<\/p>\n<p><img decoding=\"async\" src=\"https:\/\/bihavadis.com\/wp-content\/uploads\/2026\/02\/selcuk-bayraktar-2026-yilinda-kizilelma-gorevine-baslayacak-0-2RMdwHuX.jpg\"\/><\/p>\n<p>Y\u0131l\u0131n sonlar\u0131na do\u011fru heyecan\u0131n artt\u0131\u011f\u0131n\u0131 vurgulayan\u00a0Bayraktar, \u015f\u00f6yle konu\u015ftu:<\/p>\n<p>29 Kas\u0131m&#8217;da d\u00fcnya havac\u0131l\u0131k muharebesinde yeni bir \u00e7a\u011f\u0131n kap\u0131lar\u0131n\u0131 KIZILELMA&#8217;n\u0131n g\u00f6r\u00fc\u015f \u00f6tesi at\u0131\u015f\u0131yla a\u00e7m\u0131\u015f olduk. ASELSAN milli tasar\u0131m AESA radarlar\u0131yla bu at\u0131\u015f ger\u00e7ekle\u015fti. Ayn\u0131 zamanda milli f\u00fczemiz, T\u00dcB\u0130TAK&#8217;\u0131n geli\u015ftirdi\u011fi G\u00f6kdo\u011fan f\u00fczesiyle oldu ve d\u00fcnya havac\u0131l\u0131k tarihine T\u00fcrk m\u00fchendisli\u011fi ad\u0131n\u0131 adeta kaz\u0131d\u0131. Ben eme\u011fi ge\u00e7en t\u00fcm ekip arkada\u015flar\u0131m\u0131, t\u00fcm kurumlar\u0131m\u0131z\u0131, eme\u011fi ge\u00e7enleri y\u00fcrekten tebrik ediyorum. Tabii KIZILELMA durmad\u0131, hemen pe\u015finden yine d\u00fcnya havac\u0131l\u0131k muharebe tarihine ge\u00e7ecek bir ilki daha ba\u015fard\u0131. \u0130ki insans\u0131z sava\u015f u\u00e7a\u011f\u0131, iki KIZILELMA, yak\u0131n kol u\u00e7u\u015funu ger\u00e7ekle\u015ftirerek adeta y\u0131l\u0131 zirvede tamamlam\u0131\u015f oldu.<\/p>\n<p><img decoding=\"async\" src=\"https:\/\/bihavadis.com\/wp-content\/uploads\/2026\/02\/selcuk-bayraktar-2026-yilinda-kizilelma-gorevine-baslayacak-1-ysI7LKWD.jpg\"\/><\/p>\n<p><strong>&#8220;KIZILELMA ENVANTERE G\u0130R\u0130P G\u00d6REV\u0130NE BA\u015eLAYACAK&#8221;<\/strong><\/p>\n<p>B\u00fct\u00fcn bunlar\u0131n neticesinde Baykar&#8217;\u0131n 2025 y\u0131l\u0131nda 2,2 milyar dolarl\u0131k ihracat ger\u00e7ekle\u015ftirerek d\u00fcnyada S\u0130HA ihracat pazar\u0131n\u0131n lideri olmaya devam etti\u011fine dikkati \u00e7eken\u00a0Bayraktar, \u015fu de\u011ferlendirmelerde bulundu:<\/p>\n<p>2025 cirosunun da yakla\u015f\u0131k yine y\u00fczde 90&#8217;\u0131n\u0131 ihracattan elde etmi\u015f oldu ve art arda \u00fc\u00e7 y\u0131ld\u0131r d\u00fcnyan\u0131n en b\u00fcy\u00fck S\u0130HA \u00fcreticisi olma unvan\u0131n\u0131 ta\u015f\u0131may\u0131 s\u00fcrd\u00fcrd\u00fc. Bu ba\u015far\u0131 sizlerin arkada\u015flar. Bu ba\u015far\u0131 T\u00fcrk tekni\u011finin, T\u00fcrk m\u00fchendisli\u011finin, T\u00fcrk savunma sanayisinin ba\u015far\u0131s\u0131. Bu ba\u015far\u0131 Milli Teknoloji Hamlesi&#8217;nin, TEKNOFEST ku\u015fa\u011f\u0131n\u0131n, bu ba\u015far\u0131 deste\u011fini dualar\u0131yla esirgemeyen aziz milletimizin ba\u015far\u0131s\u0131. Bu \u00fclkenin m\u00fchendis bir evlad\u0131 olarak sizlerle iftihar ediyor, y\u00fcrekten tebrik ediyorum. 2026&#8217;n\u0131n anahtar kelimesi Baykar i\u00e7in &#8216;\u00fcretim&#8217; olacak. B\u00fct\u00fcn platformlar\u0131m\u0131zda h\u0131zl\u0131 \u00fcretime, yapay zeka destekli s\u00fcr\u00fc teknolojisine h\u0131zla ilerlemeye devam edece\u011fiz. \u0130n\u015fallah KIZILELMA envantere girip g\u00f6reve ba\u015flayacak. 2025 y\u0131l\u0131nda oldu\u011fu gibi ayn\u0131 azimle, ayn\u0131 gayretle 2026&#8217;da da d\u00fcnyaya damgas\u0131n\u0131 vuracak ba\u015far\u0131lara imza ataca\u011f\u0131m\u0131za y\u00fcrekten inan\u0131yorum.<\/p>\n<p><img decoding=\"async\" src=\"https:\/\/bihavadis.com\/wp-content\/uploads\/2026\/02\/selcuk-bayraktar-2026-yilinda-kizilelma-gorevine-baslayacak-2-MQ6IbewB.jpg\"\/><\/p>\n","protected":false},"excerpt":{"rendered":"<p>Baykar Y\u00f6netim Kurulu Ba\u015fkan\u0131 Sel\u00e7uk Bayraktar, T\u00fcrkiye&#8217;nin ilk insans\u0131z sava\u015f u\u00e7a\u011f\u0131 KIZILELMA&#8217;n\u0131n 2026 y\u0131l\u0131nda envantere girip g\u00f6revine ba\u015flayaca\u011f\u0131n\u0131 a\u00e7\u0131klad\u0131.<\/p>\n","protected":false},"author":1,"featured_media":16634,"comment_status":"open","ping_status":"open","sticky":false,"template":"","format":"standard","meta":{"footnotes":""},"categories":[16],"tags":[688,1537,437,3214,517],"class_list":["post-16633","post","type-post","status-publish","format-standard","has-post-thumbnail","hentry","category-teknoloji","tag-basari","tag-bayraktar","tag-dunya","tag-kizilelma","tag-turk"],"_links":{"self":[{"href":"https:\/\/bihavadis.com\/index.php\/wp-json\/wp\/v2\/posts\/16633","targetHints":{"allow":["GET"]}}],"collection":[{"href":"https:\/\/bihavadis.com\/index.php\/wp-json\/wp\/v2\/posts"}],"about":[{"href":"https:\/\/bihavadis.com\/index.php\/wp-json\/wp\/v2\/types\/post"}],"author":[{"embeddable":true,"href":"https:\/\/bihavadis.com\/index.php\/wp-json\/wp\/v2\/users\/1"}],"replies":[{"embeddable":true,"href":"https:\/\/bihavadis.com\/index.php\/wp-json\/wp\/v2\/comments?post=16633"}],"version-history":[{"count":1,"href":"https:\/\/bihavadis.com\/index.php\/wp-json\/wp\/v2\/posts\/16633\/revisions"}],"predecessor-version":[{"id":16638,"href":"https:\/\/bihavadis.com\/index.php\/wp-json\/wp\/v2\/posts\/16633\/revisions\/16638"}],"wp:featuredmedia":[{"embeddable":true,"href":"https:\/\/bihavadis.com\/index.php\/wp-json\/wp\/v2\/media\/16634"}],"wp:attachment":[{"href":"https:\/\/bihavadis.com\/index.php\/wp-json\/wp\/v2\/media?parent=16633"}],"wp:term":[{"taxonomy":"category","embeddable":true,"href":"https:\/\/bihavadis.com\/index.php\/wp-json\/wp\/v2\/categories?post=16633"},{"taxonomy":"post_tag","embeddable":true,"href":"https:\/\/bihavadis.com\/index.php\/wp-json\/wp\/v2\/tags?post=16633"}],"curies":[{"name":"wp","href":"https:\/\/api.w.org\/{rel}","templated":true}]}}