{"id":16655,"date":"2026-02-05T10:27:08","date_gmt":"2026-02-05T10:27:08","guid":{"rendered":"https:\/\/bihavadis.com\/?p=16655"},"modified":"2026-02-05T10:27:08","modified_gmt":"2026-02-05T10:27:08","slug":"cevdet-yilmaz-egitici-kamplara-katildi","status":"publish","type":"post","link":"https:\/\/bihavadis.com\/index.php\/2026\/02\/05\/cevdet-yilmaz-egitici-kamplara-katildi\/","title":{"rendered":"Cevdet Y\u0131lmaz E\u011fitici Kamplara Kat\u0131ld\u0131"},"content":{"rendered":"<p>\n<p>&#8216;E\u011e\u0130T\u0130MC\u0130LER KAMPI&#8217; PROGRAMINA KATILDI<\/p>\n<p> Cumhurba\u015fkan\u0131 Yard\u0131mc\u0131s\u0131 Cevdet Y\u0131lmaz, Antalya&#8217;da Gen\u00e7lik ve Spor Bakanl\u0131\u011f\u0131 Kredi ve Yurtlar Genel M\u00fcd\u00fcrl\u00fc\u011f\u00fc (KYGM) taraf\u0131ndan bu y\u0131l 10&#8217;uncusu d\u00fczenlenen &#8216;Tematik K\u0131\u015f Kamplar\u0131&#8217; etkinli\u011finin Ahmet Hamdi Akseki \u00d6\u011frenci Yurdu&#8217;nda yap\u0131lan &#8216;E\u011fitimciler Kamp\u0131&#8217; program\u0131na kat\u0131ld\u0131. Y\u0131lmaz, 14 ilde ger\u00e7ekle\u015ftirilen kamplarda 2 bin 100 \u00fcniversite \u00f6\u011frencisinin bir araya geldi\u011fini s\u00f6yledi.<\/p>\n<p>&#8216;GEN\u00c7LER S\u0130YASETE DAHA FAZLA KATILMALI&#8217;<\/p>\n<p>Gen\u00e7lerin siyasete daha fazla \u00f6nem vermesi gerekti\u011fini belirten Y\u0131lmaz, &#8220;Gen\u00e7ler siyasete daha fazla kat\u0131lmal\u0131. Se\u00e7me se\u00e7ilme ya\u015f\u0131n\u0131 biz d\u00fc\u015f\u00fcr\u00fcrken bug\u00fcn gen\u00e7lere g\u00fczelleme yapanlar, o tarihte kar\u015f\u0131 \u00e7\u0131kt\u0131lar ama biz yapt\u0131k. Gen\u00e7lerimizin belediye meclisinden ba\u015flay\u0131p, T\u00fcrkiye B\u00fcy\u00fck Millet Meclisi&#8217;ne kadar her a\u015famada siyasi karar alma s\u00fcrecinin i\u00e7inde olmas\u0131n\u0131 istiyoruz. Do\u011fru \u015fekilde demokratik siyasetin i\u00e7inde gen\u00e7lerin aktif hale gelmesini, gen\u00e7 bak\u0131\u015f a\u00e7\u0131s\u0131n\u0131n b\u00fct\u00fcn politikalar\u0131m\u0131za yans\u0131mas\u0131n\u0131 istiyoruz. Biz gen\u00e7ler i\u00e7in bir \u015fey yapm\u0131yoruz, gen\u00e7lerle birlikte bir \u015fey yap\u0131yoruz. Programlar\u0131m\u0131z\u0131 planlar\u0131m\u0131z\u0131 haz\u0131rlarken gen\u00e7lere soruyoruz, uygulamalar\u0131m\u0131z\u0131 da gen\u00e7lerle yap\u0131yoruz&#8221; diye konu\u015ftu.<\/p>\n<p>&#8216;B\u0130Z\u0130M GEN\u00c7LER\u0130M\u0130Z PIRIL PIRIL&#8217;<\/p>\n<p>Eskiye g\u00f6re daha fazla gencin bug\u00fcn siyasetin i\u00e7erisinde yer ald\u0131\u011f\u0131n\u0131 anlatan Y\u0131lmaz, &#8220;Sosyal medyada, medyada \u00e7izilen imajla ger\u00e7ek gen\u00e7li\u011fin \u00f6rt\u00fc\u015fmedi\u011fini d\u00fc\u015f\u00fcn\u00fcyorum. Bizim gen\u00e7lerimiz p\u0131r\u0131l p\u0131r\u0131l. B\u00fcy\u00fck \u00e7o\u011funlu\u011funu s\u00f6yl\u00fcyorum. P\u0131r\u0131l p\u0131r\u0131l gen\u00e7li\u011fimiz var. \u00c7ok daha iyi yeti\u015fmi\u015f, e\u011fitimli bir gen\u00e7lik var. Asl\u0131nda \u00e7ok daha demokratik d\u00fc\u015f\u00fcnen, toleransla d\u00fcnyaya bakan, farkl\u0131 fikirlere, birlikte \u00e7al\u0131\u015fmaya a\u00e7\u0131k gen\u00e7lik var. Bunu maalesef g\u00f6stermiyorlar yeterince. \u00c7\u00fcnk\u00fc olumlu \u015feyler yeterince reyting alm\u0131yor, hep olumsuz \u015feyler reyting al\u0131yor. S\u00fcrekli onlar \u00f6n plana \u00e7\u0131k\u0131yor ama ba\u015far\u0131l\u0131 gen\u00e7ler; g\u00fczel i\u015fler yapan, \u00f6rnek nitelikte eserler ortaya koyan gen\u00e7lerimize yeterince ilgi g\u00f6sterilmiyor. Buradan medyaya seslenmi\u015f olal\u0131m. L\u00fctfen olumlu \u00f6rnekleri daha fazla g\u00f6sterelim. Elbette sorun, s\u0131k\u0131nt\u0131 var. Onlar\u0131 da g\u00f6relim ama olumlu i\u015f yapanlar\u0131, ba\u015far\u0131l\u0131 olanlar\u0131 da g\u00f6relim. \u00d6rnek giri\u015fimci gen\u00e7lerimiz var. D\u00fcnya \u00f6l\u00e7e\u011finde giri\u015fimcilik yapan gen\u00e7lerimiz var. Niye bunlardan haberdar de\u011filiz. Bu olumlu \u00f6rnekleri \u00e7o\u011faltmam\u0131z laz\u0131m. Fazlas\u0131yla var. Yeter ki biz onlara imkan a\u00e7al\u0131m&#8221; dedi.<\/p>\n<p>&#8216;\u0130\u00c7 CEPHEM\u0130Z\u0130 G\u00dc\u00c7LEND\u0130RECE\u011e\u0130Z&#8217;<\/p>\n<p>Cevdet Y\u0131lmaz, &#8220;T\u00fcrkiye s\u0131radan bir \u00fclke de\u011fil. Buras\u0131 da s\u0131radan bir co\u011frafya de\u011fil. \u0130n\u015fallah, T\u00fcrkiye tarihinde oldu\u011fu gibi gelecekte de b\u00f6lgesinde ve d\u00fcnyada \u00e7ok da etkili g\u00fc\u00e7 olarak yoluna devam edecektir. T\u00fcrkiye Y\u00fczy\u0131l\u0131 dedi\u011fimiz bu. Bug\u00fcnk\u00fc d\u00fcnyan\u0131n \u015fartlar\u0131nda \u00fclkemizi \u00e7ok daha \u00fcst d\u00fczeylere ta\u015f\u0131mam\u0131z laz\u0131m. Bunu yapal\u0131m ki g\u00fc\u00e7l\u00fc olan\u0131n hakl\u0131 oldu\u011fu de\u011fil hakl\u0131 olan\u0131n g\u00fc\u00e7l\u00fc oldu\u011fu d\u00fcnya olsun. Sadece hakl\u0131 olan\u0131n yetmedi\u011fini Gazze&#8217;de, ba\u015fka yerlerde g\u00f6rd\u00fck. Sadece hakl\u0131 olman\u0131z yetmiyor, g\u00fc\u00e7l\u00fc olman\u0131z gerekiyor. Bizim iddiam\u0131z bu. Hem hakl\u0131 olaca\u011f\u0131z hem g\u00fc\u00e7l\u00fc olaca\u011f\u0131z. B\u00f6yle bir \u00fclke olarak hem hakl\u0131 hem g\u00fc\u00e7l\u00fc \u00fclke olarak d\u00fcnyada mazlumlara da sahip \u00e7\u0131kaca\u011f\u0131z, kendi i\u00e7imizde i\u00e7 cephemizi g\u00fc\u00e7lendirece\u011fiz. Birli\u011fimizi, beraberli\u011fimizi peki\u015ftirece\u011fiz, karde\u015fli\u011fimizi y\u00fcceltece\u011fiz. Bizi birbirimize d\u00fc\u015f\u00fcrmeye \u00e7al\u0131\u015fanlara f\u0131rsat vermeyece\u011fiz. T\u00fcrk\u00fc&#8217;yle ile K\u00fcrd&#8217;\u00fcyle, Laz&#8217;\u0131yla, \u00c7erkez&#8217;iyle, Alevi&#8217;si, S\u00fcnni&#8217;siyle kim varsa, hangi b\u00f6lgeden hangi etnik kimlik, hangi mezhepten olursak olal\u0131m. Bir olaca\u011f\u0131z, beraber olaca\u011f\u0131z, hep birlikte T\u00fcrkiye olaca\u011f\u0131z. Bizi bu anlamda b\u00f6lmeye, par\u00e7alamaya, birbirimize d\u00fc\u015f\u00fcrmeye \u00e7al\u0131\u015fanlara prim vermeyece\u011fiz. Enerjimizi bo\u015f yere birbirimizle kavgalara harcamayaca\u011f\u0131z. Tam aksine \u00fclkemizi \u00e7ok daha g\u00fc\u00e7l\u00fc \u015fekilde gelece\u011fe ta\u015f\u0131mak i\u00e7in enerjimizi kullanaca\u011f\u0131z. Ecdad\u0131m\u0131z nas\u0131l birlik beraberlik i\u00e7inde ya\u015fad\u0131ysa burada, b\u00fcy\u00fck imparatorluk b\u00fcy\u00fck devletler kurduysa, biz de ayn\u0131 \u015fekilde gelece\u011fe y\u00fcr\u00fcyece\u011fiz&#8221; dedi. Y\u0131lmaz, konu\u015fmas\u0131n\u0131n ard\u0131ndan kat\u0131l\u0131mc\u0131lar\u0131n sorular\u0131n\u0131 yan\u0131tlad\u0131. <\/p>\n<p>Tolga YILDIRIM\/ANTALYA, <\/p>\n","protected":false},"excerpt":{"rendered":"<p>Cumhurba\u015fkan\u0131 Yard\u0131mc\u0131s\u0131 Y\u0131lmaz, gen\u00e7lerin siyasete kat\u0131l\u0131m\u0131n\u0131 vurgulad\u0131 ve i\u00e7 cepheyi g\u00fc\u00e7lendireceklerini belirtti.<\/p>\n","protected":false},"author":1,"featured_media":16656,"comment_status":"open","ping_status":"open","sticky":false,"template":"","format":"standard","meta":{"footnotes":""},"categories":[12],"tags":[437,340,1946,3219,211],"class_list":["post-16655","post","type-post","status-publish","format-standard","has-post-thumbnail","hentry","category-siyaset","tag-dunya","tag-genc","tag-guc","tag-hakli","tag-var"],"_links":{"self":[{"href":"https:\/\/bihavadis.com\/index.php\/wp-json\/wp\/v2\/posts\/16655","targetHints":{"allow":["GET"]}}],"collection":[{"href":"https:\/\/bihavadis.com\/index.php\/wp-json\/wp\/v2\/posts"}],"about":[{"href":"https:\/\/bihavadis.com\/index.php\/wp-json\/wp\/v2\/types\/post"}],"author":[{"embeddable":true,"href":"https:\/\/bihavadis.com\/index.php\/wp-json\/wp\/v2\/users\/1"}],"replies":[{"embeddable":true,"href":"https:\/\/bihavadis.com\/index.php\/wp-json\/wp\/v2\/comments?post=16655"}],"version-history":[{"count":1,"href":"https:\/\/bihavadis.com\/index.php\/wp-json\/wp\/v2\/posts\/16655\/revisions"}],"predecessor-version":[{"id":16657,"href":"https:\/\/bihavadis.com\/index.php\/wp-json\/wp\/v2\/posts\/16655\/revisions\/16657"}],"wp:featuredmedia":[{"embeddable":true,"href":"https:\/\/bihavadis.com\/index.php\/wp-json\/wp\/v2\/media\/16656"}],"wp:attachment":[{"href":"https:\/\/bihavadis.com\/index.php\/wp-json\/wp\/v2\/media?parent=16655"}],"wp:term":[{"taxonomy":"category","embeddable":true,"href":"https:\/\/bihavadis.com\/index.php\/wp-json\/wp\/v2\/categories?post=16655"},{"taxonomy":"post_tag","embeddable":true,"href":"https:\/\/bihavadis.com\/index.php\/wp-json\/wp\/v2\/tags?post=16655"}],"curies":[{"name":"wp","href":"https:\/\/api.w.org\/{rel}","templated":true}]}}