{"id":16743,"date":"2026-02-05T11:51:07","date_gmt":"2026-02-05T11:51:07","guid":{"rendered":"https:\/\/bihavadis.com\/?p=16743"},"modified":"2026-02-05T11:51:07","modified_gmt":"2026-02-05T11:51:07","slug":"sakal-i-serif-ispartada-ziyarete-acildi","status":"publish","type":"post","link":"https:\/\/bihavadis.com\/index.php\/2026\/02\/05\/sakal-i-serif-ispartada-ziyarete-acildi\/","title":{"rendered":"Sakal-\u0131 \u015eerif Isparta&#8217;da ziyarete a\u00e7\u0131ld\u0131"},"content":{"rendered":"<p>\u0130slam alemi Berat Kandili&#8217;ni idrak etti&#8230;<\/p>\n<p>Isparta\u2019n\u0131n E\u011firdir il\u00e7esinde H\u0131z\u0131rbey Camii&#8217;nde yats\u0131 namaz\u0131 sonras\u0131 \u00e7\u0131kar\u0131lan Sakal-\u0131 \u015eerif, dua ve salavatlar e\u015fli\u011finde ziyaret alan\u0131na g\u00f6t\u00fcr\u00fcld\u00fc.<\/p>\n<p><strong>Z\u0130YARET BA\u015eLADI<\/strong><\/p>\n<p>Caminin imam\u0131 ve E\u011firdir Belediye Ba\u015fkan\u0131 Mustafa \u00d6zer, Sakal-\u0131 \u015eerif&#8217;i kutudan \u00e7\u0131kard\u0131ktan sonra ziyaret ba\u015flad\u0131.<\/p>\n<p><img decoding=\"async\" src=\"https:\/\/bihavadis.com\/wp-content\/uploads\/2026\/02\/sakal-i-serif-ispartada-ziyarete-acildi-0-LILBH5vY.jpg\"\/><\/p>\n<p><strong>YO\u011eUN \u0130LG\u0130 G\u00d6STER\u0130LD\u0130<\/strong><\/p>\n<p>Sakal-\u0131 \u015eerif&#8217;i g\u00f6rmek i\u00e7in s\u0131raya giren vatanda\u015flar, dualar e\u015fli\u011finde cam fanusa dokunarak ziyaretlerini sonland\u0131rd\u0131.<\/p>\n<p>Ziyaret sonras\u0131nda a\u00e7\u0131klama yapan \u00d6zer, t\u00fcm \u0130slam aleminin kandilini tebrik edip, <em><b>&#8220;E\u011firdir m\u00fcft\u00fcl\u00fc\u011f\u00fcm\u00fcz ile g\u00f6n\u00fcllerin efendisi Sakal-\u0131 \u015eerif&#8217;i payla\u015fmak istedik. \u0130n\u015fallah y\u00fcce Rabbim, hepimizi Hz. Muhammed\u2019in \u015fefaatine nail eyler. \u015eanl\u0131 ordumuzu, \u00fclkemizi ve t\u00fcm \u0130slam alemini Allah\u2019a emanet ediyorum&#8221; <\/b><\/em>dedi.<\/p>\n","protected":false},"excerpt":{"rendered":"<p>Sakal-\u0131 \u015eerif Isparta&#8217;da ziyarete a\u00e7\u0131l\u0131rken, salavatlarla birlikte H\u0131z\u0131rbey Camii&#8217;ne g\u00f6t\u00fcr\u00fclen Sakal-\u0131 \u015eerif&#8217;e ilgi yo\u011fundu. Cemaat, Berat Kandili dolay\u0131s\u0131yla ziyarete a\u00e7\u0131lan kutsal emaneti dualarla kar\u015f\u0131lad\u0131.<\/p>\n","protected":false},"author":1,"featured_media":16744,"comment_status":"open","ping_status":"open","sticky":false,"template":"","format":"standard","meta":{"footnotes":""},"categories":[9,13],"tags":[319],"class_list":["post-16743","post","type-post","status-publish","format-standard","has-post-thumbnail","hentry","category-genel","category-son-dakika","tag-ziyaret"],"_links":{"self":[{"href":"https:\/\/bihavadis.com\/index.php\/wp-json\/wp\/v2\/posts\/16743","targetHints":{"allow":["GET"]}}],"collection":[{"href":"https:\/\/bihavadis.com\/index.php\/wp-json\/wp\/v2\/posts"}],"about":[{"href":"https:\/\/bihavadis.com\/index.php\/wp-json\/wp\/v2\/types\/post"}],"author":[{"embeddable":true,"href":"https:\/\/bihavadis.com\/index.php\/wp-json\/wp\/v2\/users\/1"}],"replies":[{"embeddable":true,"href":"https:\/\/bihavadis.com\/index.php\/wp-json\/wp\/v2\/comments?post=16743"}],"version-history":[{"count":1,"href":"https:\/\/bihavadis.com\/index.php\/wp-json\/wp\/v2\/posts\/16743\/revisions"}],"predecessor-version":[{"id":16746,"href":"https:\/\/bihavadis.com\/index.php\/wp-json\/wp\/v2\/posts\/16743\/revisions\/16746"}],"wp:featuredmedia":[{"embeddable":true,"href":"https:\/\/bihavadis.com\/index.php\/wp-json\/wp\/v2\/media\/16744"}],"wp:attachment":[{"href":"https:\/\/bihavadis.com\/index.php\/wp-json\/wp\/v2\/media?parent=16743"}],"wp:term":[{"taxonomy":"category","embeddable":true,"href":"https:\/\/bihavadis.com\/index.php\/wp-json\/wp\/v2\/categories?post=16743"},{"taxonomy":"post_tag","embeddable":true,"href":"https:\/\/bihavadis.com\/index.php\/wp-json\/wp\/v2\/tags?post=16743"}],"curies":[{"name":"wp","href":"https:\/\/api.w.org\/{rel}","templated":true}]}}