{"id":16767,"date":"2026-02-05T12:15:05","date_gmt":"2026-02-05T12:15:05","guid":{"rendered":"https:\/\/bihavadis.com\/?p=16767"},"modified":"2026-02-05T12:15:05","modified_gmt":"2026-02-05T12:15:05","slug":"kktc-turizm-ve-basari-odulleri-icin-geri-sayim-basladi","status":"publish","type":"post","link":"https:\/\/bihavadis.com\/index.php\/2026\/02\/05\/kktc-turizm-ve-basari-odulleri-icin-geri-sayim-basladi\/","title":{"rendered":"KKTC Turizm ve Ba\u015far\u0131 \u00d6d\u00fclleri \u0130\u00e7in Geri Say\u0131m Ba\u015flad\u0131"},"content":{"rendered":"<p>Kuzey K\u0131br\u0131s T\u00fcrk Cumhuriyeti turizm ve i\u015f d\u00fcnyas\u0131n\u0131n \u00f6nemli organizasyonlar\u0131ndan biri olan\u00a0KKTC Turizm ve Ba\u015far\u0131 \u00d6d\u00fclleri\u00a0i\u00e7in geri say\u0131m ba\u015flad\u0131.\u00a0KKTC\u00a0Ba\u015fbakan Yard\u0131mc\u0131l\u0131\u011f\u0131,\u00a0Turizm, K\u00fclt\u00fcr, Gen\u00e7lik ve \u00c7evre\u00a0Bakanl\u0131\u011f\u0131\u00a0himayelerinde,\u00a0Hayriye Vurdu Organizasyon\u00a0taraf\u0131ndan d\u00fczenlenen \u00f6d\u00fcl t\u00f6reni,\u00a07 \u015eubat Cumartesi ak\u015fam\u0131 saat 19.00&#8217;da\u00a0Girne&#8217;nin prestijli otellerinden\u00a0Les\u00a0Ambassadeurs\u00a0Hotel&#8217;de\u00a0ger\u00e7ekle\u015ftirilecek.<\/p>\n<p>Kuzey K\u0131br\u0131s&#8217;ta turizme ve ba\u015far\u0131ya katk\u0131 sa\u011flayan isimlerin onurland\u0131r\u0131laca\u011f\u0131\u00a0gece\u00a0hem i\u00e7erik hem de kat\u0131l\u0131mc\u0131 profili ile dikkat \u00e7ekiyor. T\u00f6renin\u00a0sunuculu\u011funu Gizem \u00d6zdilli ve Korhan Sayg\u0131ner\u00a0\u00fcstlenirken, organizasyon bir\u00e7ok tan\u0131nm\u0131\u015f ismi de bir araya getirecek.<\/p>\n<p>Gecede\u00a0B\u00fclent Ersoy, I\u015f\u0131n Karaca, Zuhal Topal, Ece G\u00fcrsel, P\u0131nar Eli\u00e7e,U\u011furkan Erez\u00a0ve Erol Albayrak\u00a0gibi sanat ve televizyon d\u00fcnyas\u0131n\u0131n tan\u0131nan isimlerinin de yer almas\u0131 bekleniyor. \u00d6d\u00fcl t\u00f6reni, Kuzey K\u0131br\u0131s&#8217;\u0131n turizm potansiyeline katk\u0131 sa\u011flayan ve farkl\u0131 alanlarda ba\u015far\u0131ya imza atan ki\u015fi ve kurumlar\u0131n takdir edilmesini ama\u00e7l\u0131yor.<\/p>\n<p>Girne&#8217;nin g\u00f6zde otellerinden\u00a0Les\u00a0Ambassadeurs\u00a0Hotel&#8217;de\u00a0ger\u00e7ekle\u015fecek olan organizasyonda, \u00f6d\u00fcller sahiplerini bulacak. T\u00f6ren, Kuzey K\u0131br\u0131s&#8217;ta turizme de\u011fer katan \u00e7al\u0131\u015fmalar\u0131n g\u00f6r\u00fcn\u00fcrl\u00fck kazanmas\u0131na katk\u0131 sa\u011flarken, geni\u015f kitlelere ula\u015fmas\u0131 amac\u0131yla\u00a0BRT 1 ekranlar\u0131ndan canl\u0131 yay\u0131nlanacak.<\/p>\n<p>KKTC Turizm ve Ba\u015far\u0131 \u00d6d\u00fclleri\u00a0hem sekt\u00f6rel ba\u015far\u0131lar\u0131n vurgulanmas\u0131 hem de Kuzey K\u0131br\u0131s&#8217;\u0131n turizm vizyonunun kamuoyuyla payla\u015f\u0131lmas\u0131 a\u00e7\u0131s\u0131ndan \u00f6nemli bir organizasyon olarak \u00f6ne \u00e7\u0131k\u0131yor.<\/p>\n<p>Kaynak: (BYZHA) Beyaz Haber Ajans\u0131<\/p>\n","protected":false},"excerpt":{"rendered":"<p>Kuzey K\u0131br\u0131s T\u00fcrk Cumhuriyeti turizm ve i\u015f d\u00fcnyas\u0131n\u0131n \u00f6nemli organizasyonlar\u0131ndan biri olan\u00a0KKTC Turizm ve Ba\u015far\u0131 \u00d6d\u00fclleri\u00a0i\u00e7in geri say\u0131m ba\u015flad\u0131.\u00a0<\/p>\n","protected":false},"author":1,"featured_media":16768,"comment_status":"open","ping_status":"open","sticky":false,"template":"","format":"standard","meta":{"footnotes":""},"categories":[1],"tags":[688,3227,952,1985,511],"class_list":["post-16767","post","type-post","status-publish","format-standard","has-post-thumbnail","hentry","category-uncategorized","tag-basari","tag-kibris","tag-odul","tag-organizasyon","tag-turizm"],"_links":{"self":[{"href":"https:\/\/bihavadis.com\/index.php\/wp-json\/wp\/v2\/posts\/16767","targetHints":{"allow":["GET"]}}],"collection":[{"href":"https:\/\/bihavadis.com\/index.php\/wp-json\/wp\/v2\/posts"}],"about":[{"href":"https:\/\/bihavadis.com\/index.php\/wp-json\/wp\/v2\/types\/post"}],"author":[{"embeddable":true,"href":"https:\/\/bihavadis.com\/index.php\/wp-json\/wp\/v2\/users\/1"}],"replies":[{"embeddable":true,"href":"https:\/\/bihavadis.com\/index.php\/wp-json\/wp\/v2\/comments?post=16767"}],"version-history":[{"count":1,"href":"https:\/\/bihavadis.com\/index.php\/wp-json\/wp\/v2\/posts\/16767\/revisions"}],"predecessor-version":[{"id":16769,"href":"https:\/\/bihavadis.com\/index.php\/wp-json\/wp\/v2\/posts\/16767\/revisions\/16769"}],"wp:featuredmedia":[{"embeddable":true,"href":"https:\/\/bihavadis.com\/index.php\/wp-json\/wp\/v2\/media\/16768"}],"wp:attachment":[{"href":"https:\/\/bihavadis.com\/index.php\/wp-json\/wp\/v2\/media?parent=16767"}],"wp:term":[{"taxonomy":"category","embeddable":true,"href":"https:\/\/bihavadis.com\/index.php\/wp-json\/wp\/v2\/categories?post=16767"},{"taxonomy":"post_tag","embeddable":true,"href":"https:\/\/bihavadis.com\/index.php\/wp-json\/wp\/v2\/tags?post=16767"}],"curies":[{"name":"wp","href":"https:\/\/api.w.org\/{rel}","templated":true}]}}