{"id":16782,"date":"2026-02-05T12:27:08","date_gmt":"2026-02-05T12:27:08","guid":{"rendered":"https:\/\/bihavadis.com\/?p=16782"},"modified":"2026-02-05T12:27:08","modified_gmt":"2026-02-05T12:27:08","slug":"karabukte-yuzyilin-konut-projesi-kura-cekimi-yapildi","status":"publish","type":"post","link":"https:\/\/bihavadis.com\/index.php\/2026\/02\/05\/karabukte-yuzyilin-konut-projesi-kura-cekimi-yapildi\/","title":{"rendered":"Karab\u00fck&#8217;te Y\u00fczy\u0131l\u0131n Konut Projesi Kura \u00c7ekimi Yap\u0131ld\u0131"},"content":{"rendered":"<p> Karab\u00fck&#8217;te &#8220;Y\u00fczy\u0131l\u0131n Konut Projesi&#8221; kapsam\u0131nda in\u015fa edilecek 1600 konutun hak sahipleri kura \u00e7ekimiyle belirlendi.<\/p>\n<p>100. Y\u0131l K\u00fclt\u00fcr Merkezi&#8217;nde d\u00fczenlenen \u00e7ekili\u015f t\u00f6reni, sayg\u0131 duru\u015funda bulunulmas\u0131 ve \u0130stiklal Mar\u015f\u0131&#8217;n\u0131n okunmas\u0131yla ba\u015flad\u0131.<\/p>\n<p> \u00c7evre, \u015eehircilik ve \u0130klim De\u011fi\u015fikli\u011fi Bakan Yard\u0131mc\u0131s\u0131 \u00d6mer Bulut, burada yapt\u0131\u011f\u0131 konu\u015fmada, kura \u00e7ekiminin hay\u0131rl\u0131 olmas\u0131n\u0131 diledi.<\/p>\n<p>Karab\u00fck&#8217;\u00fc \u00e7ok yak\u0131ndan bildi\u011fini s\u00f6yleyen Bulut, &#8220;Vatanda\u015flar\u0131 konut sahibi yapmaya \u00e7al\u0131\u015f\u0131yoruz. Konut edinme hakk\u0131 insanl\u0131k hakk\u0131d\u0131r. Bu konut edinimi konusunda eri\u015filebilir konut edinmeyi, ucuz konut edinmeyi hedef olarak d\u00fcnya ortaya koyar.&#8221; dedi.<\/p>\n<p>Bulut, Cumhurba\u015fkan\u0131 Recep Tayyip Erdo\u011fan&#8217;\u0131n vatanda\u015f\u0131n derdiyle dertlendi\u011fini vurgulayarak, &#8220;2003&#8217;te TOK\u0130&#8217;yi yeniden yap\u0131land\u0131rarak, hem idari hem mali yap\u0131s\u0131n\u0131 g\u00fc\u00e7lendirerek T\u00fcrkiye genelinde 1 milyon 750 bin konut yap\u0131m\u0131na vesile oldu. Hedef olarak da &#8216;Evi olmayan tek bir vatanda\u015f\u0131m kalmayana dek s\u00fcrd\u00fcrece\u011fiz.&#8217; diyen Say\u0131n Cumhurba\u015fkan\u0131m\u0131z Recep Tayyip Erdo\u011fan&#8217;d\u0131r. Say\u0131n Cumhurba\u015fkan\u0131m\u0131z\u0131n sosyal konut \u00fcretiminde say\u0131y\u0131 \u00f6ncelik almakla, niceli\u011fin yan\u0131nda niteli\u011fi daha fazla \u00f6nemsedi\u011fi konular var. Nedir bu? \u015eehirlerimizin yatay mimariyle, mahalle k\u00fclt\u00fcr\u00fcn\u00fc ya\u015fatacak mahallelerden olu\u015fmas\u0131.&#8221; diye konu\u015ftu.<\/p>\n<p>&#8220;TOK\u0130&#8217;nin deprem b\u00f6lgesinde bir konutu dahi y\u0131k\u0131lmad\u0131. \u00c7ok do\u011fru bir tasar\u0131m, \u00e7ok s\u0131k\u0131 bir denetimle biz bunlar\u0131 ba\u015fard\u0131k.&#8221; diyen Bulut, 2019&#8217;dan itibaren 50 bin, 100 bin, 250 bin, 500 bin konut kampanyas\u0131n\u0131 d\u00fczenlediklerini, yapt\u0131klar\u0131n\u0131n, yapacaklar\u0131n\u0131n teminat\u0131 anlay\u0131\u015f\u0131yla hareket ettiklerini kaydetti.<\/p>\n<p>Karab\u00fck Valisi Oktay \u00c7a\u011fatay da TOK\u0130&#8217;nin Karab\u00fck&#8217;te \u00e7ok g\u00fczel hizmetleri oldu\u011funu ifade etti. Devam eden \u00e7al\u0131\u015fmalar\u0131n da oldu\u011funu anlatan \u00c7a\u011fatay, \u015f\u00f6yle konu\u015ftu: <\/p>\n<p>&#8220;\u0130n\u015fallah bu \u00e7al\u0131\u015fmalar\u0131m\u0131z da onlar\u0131 ta\u00e7land\u0131racak. Kurada \u00e7\u0131kan vatanda\u015flar\u0131m\u0131z\u0131 bir an \u00f6nce, di\u011fer vatanda\u015flar\u0131m\u0131z\u0131n tamam\u0131n\u0131 in\u015fallah en k\u0131sa zamanda s\u0131cak yuvalar\u0131na kavu\u015fturacak. Biz Say\u0131n Bakan\u0131m\u0131zla Ad\u0131yaman&#8217;da asr\u0131n, d\u00fcnya tarihinin belki en b\u00fcy\u00fck depremlerinden birisinde mesai yapm\u0131\u015ft\u0131k. Orada \u015funu g\u00f6rd\u00fcm. Toplu Konut \u0130daresi Ba\u015fkanl\u0131\u011f\u0131n\u0131n yapm\u0131\u015f oldu\u011fu hi\u00e7bir konutta neredeyse zayiat meydana gelmemi\u015fti. Bu hakikaten gururla an\u0131lacak bir mevzudur.&#8221;<\/p>\n<p>Programda, AK Parti Karab\u00fck Milletvekilleri Cem \u015eahin ve Durmu\u015f Ali Keskink\u0131l\u0131\u00e7, Karab\u00fck Belediye Ba\u015fkan\u0131 \u00d6zkan \u00c7etinkaya ile AK Parti \u0130l Ba\u015fkan\u0131 Ferhat Salt da konu\u015fma yapt\u0131.<\/p>\n<p>Konu\u015fmalar\u0131n ard\u0131ndan noter huzurunda kura \u00e7ekimi yap\u0131larak hak sahipleri belirlendi.<\/p>\n","protected":false},"excerpt":{"rendered":"<p>Karab\u00fck&#8217;te in\u015fa edilecek 1600 konutun hak sahipleri, 100. Y\u0131l K\u00fclt\u00fcr Merkezi&#8217;nde d\u00fczenlenen kura \u00e7ekimiyle belirlendi. \u00c7evre, \u015eehircilik ve \u0130klim De\u011fi\u015fikli\u011fi Bakan Yard\u0131mc\u0131s\u0131 \u00d6mer Bulut, vatanda\u015flar\u0131n konut sahibi olmas\u0131n\u0131n \u00f6nemini vurgulad\u0131. Kura \u00e7ekimi, noter huzurunda ger\u00e7ekle\u015ftirilerek hak sahipleri tespit edildi.<\/p>\n","protected":false},"author":1,"featured_media":16783,"comment_status":"open","ping_status":"open","sticky":false,"template":"","format":"standard","meta":{"footnotes":""},"categories":[12],"tags":[1693,2200,818],"class_list":["post-16782","post","type-post","status-publish","format-standard","has-post-thumbnail","hentry","category-siyaset","tag-hak","tag-karabuk","tag-konut"],"_links":{"self":[{"href":"https:\/\/bihavadis.com\/index.php\/wp-json\/wp\/v2\/posts\/16782","targetHints":{"allow":["GET"]}}],"collection":[{"href":"https:\/\/bihavadis.com\/index.php\/wp-json\/wp\/v2\/posts"}],"about":[{"href":"https:\/\/bihavadis.com\/index.php\/wp-json\/wp\/v2\/types\/post"}],"author":[{"embeddable":true,"href":"https:\/\/bihavadis.com\/index.php\/wp-json\/wp\/v2\/users\/1"}],"replies":[{"embeddable":true,"href":"https:\/\/bihavadis.com\/index.php\/wp-json\/wp\/v2\/comments?post=16782"}],"version-history":[{"count":1,"href":"https:\/\/bihavadis.com\/index.php\/wp-json\/wp\/v2\/posts\/16782\/revisions"}],"predecessor-version":[{"id":16784,"href":"https:\/\/bihavadis.com\/index.php\/wp-json\/wp\/v2\/posts\/16782\/revisions\/16784"}],"wp:featuredmedia":[{"embeddable":true,"href":"https:\/\/bihavadis.com\/index.php\/wp-json\/wp\/v2\/media\/16783"}],"wp:attachment":[{"href":"https:\/\/bihavadis.com\/index.php\/wp-json\/wp\/v2\/media?parent=16782"}],"wp:term":[{"taxonomy":"category","embeddable":true,"href":"https:\/\/bihavadis.com\/index.php\/wp-json\/wp\/v2\/categories?post=16782"},{"taxonomy":"post_tag","embeddable":true,"href":"https:\/\/bihavadis.com\/index.php\/wp-json\/wp\/v2\/tags?post=16782"}],"curies":[{"name":"wp","href":"https:\/\/api.w.org\/{rel}","templated":true}]}}