{"id":16785,"date":"2026-02-05T12:30:05","date_gmt":"2026-02-05T12:30:05","guid":{"rendered":"https:\/\/bihavadis.com\/?p=16785"},"modified":"2026-02-05T12:30:05","modified_gmt":"2026-02-05T12:30:05","slug":"cingidan-avrupada-mesleki-egitim-vurgusu","status":"publish","type":"post","link":"https:\/\/bihavadis.com\/index.php\/2026\/02\/05\/cingidan-avrupada-mesleki-egitim-vurgusu\/","title":{"rendered":"C\u0131ng\u0131&#8217;dan Avrupa&#8217;da Mesleki E\u011fitim Vurgusu"},"content":{"rendered":"<p> AK Parti Kayseri Milletvekili ve TBMM Avrupa Konseyi Parlamenter Meclisi \u00dcyesi Dr. Murat Cahid C\u0131ng\u0131, Fransa&#8217;n\u0131n Strazburg kentinde d\u00fczenlenen Avrupa Konseyi toplant\u0131s\u0131nda yapt\u0131\u011f\u0131 konu\u015fmada, gen\u00e7 i\u015fsizli\u011fi ve mesleki e\u011fitimin stratejik \u00f6nemi konusunda \u00f6nemli de\u011ferlendirmelerde bulundu.<\/p>\n<p>Konu\u015fmas\u0131nda gen\u00e7 i\u015fsizli\u011finin yaln\u0131zca ekonomik de\u011fil, ayn\u0131 zamanda toplumsal dengeleri ve demokratik yap\u0131lar\u0131 etkileyen yap\u0131sal bir sorun haline geldi\u011fine dikkat \u00e7eken C\u0131ng\u0131, e\u011fitim sistemleri ile i\u015f d\u00fcnyas\u0131 aras\u0131ndaki kopuklu\u011fun gen\u00e7lerde umutsuzlu\u011fa ve toplumsal d\u0131\u015flanmaya yol a\u00e7t\u0131\u011f\u0131n\u0131 ifade etti.<\/p>\n<p>Mesleki e\u011fitimin &#8216;ikinci se\u00e7enek&#8217; olarak g\u00f6r\u00fclmemesi gerekti\u011fini vurgulayan Milletvekili C\u0131ng\u0131, meslek sahibi, kendi ge\u00e7imini sa\u011flayabilen ve gelece\u011fe umutla bakan gen\u00e7lerin daha \u00f6zg\u00fcvenli, daha kat\u0131l\u0131mc\u0131 ve demokrasiye daha ba\u011fl\u0131 bireyler haline geldi\u011fini belirtti. Bu yakla\u015f\u0131m\u0131n g\u00fc\u00e7l\u00fc bir toplum ve sa\u011flam bir demokrasi i\u00e7in temel unsur oldu\u011funun alt\u0131n\u0131 \u00e7izdi. T\u00fcrkiye&#8217;de ve \u00f6zellikle Kayseri&#8217;de e\u011fitimi do\u011frudan i\u015f d\u00fcnyas\u0131yla bulu\u015fturan modeller \u00fczerinde \u00e7al\u0131\u015ft\u0131klar\u0131n\u0131 ifade eden C\u0131ng\u0131, klasik \u00fcniversite diplomas\u0131 anlay\u0131\u015f\u0131n\u0131n \u00f6tesine ge\u00e7ilmesi gerekti\u011fini dile getirdi. Ama\u00e7lar\u0131n\u0131n, gen\u00e7leri ger\u00e7ekten istihdam edilebilir k\u0131lan, \u00fclke ekonomisine katk\u0131 sa\u011flayan ve onurlu bir ya\u015fam kurmalar\u0131na imkan tan\u0131yan mesleklerle donatmak oldu\u011funu s\u00f6yledi.<\/p>\n<p>Mesleki e\u011fitimin toplumda halen yeterince de\u011fer g\u00f6rmedi\u011fine dikkat \u00e7eken C\u0131ng\u0131, bu alg\u0131n\u0131n de\u011fi\u015ftirilmesinin ortak bir sorumluluk oldu\u011funu belirterek, mesleki e\u011fitimin ihmal edilmesinin milyonlarca gencin potansiyelinin g\u00f6z ard\u0131 edilmesi anlam\u0131na geldi\u011fini ifade etti. Milletvekili C\u0131ng\u0131, konu\u015fmas\u0131n\u0131n sonunda Avrupa Konseyi \u00fcyesi \u00fclkeler aras\u0131nda i\u015f birli\u011finin art\u0131r\u0131lmas\u0131, \u00f6zel sekt\u00f6rle ortakl\u0131klar\u0131n g\u00fc\u00e7lendirilmesi ve ba\u015far\u0131l\u0131 mesleki e\u011fitim modellerinin payla\u015f\u0131lmas\u0131n\u0131n \u00f6nemine de\u011findi.<\/p>\n<p>Milletvekili C\u0131ng\u0131, bu alandaki ortak \u00e7al\u0131\u015fmalar\u0131n daha kapsay\u0131c\u0131, rekabet\u00e7i ve g\u00fc\u00e7l\u00fc bir Avrupa&#8217;n\u0131n in\u015fas\u0131na katk\u0131 sa\u011flayaca\u011f\u0131n\u0131 belirterek, Avrupa Konseyine, ilgili komitelere ve \u00fcye \u00fclkelere mesleki e\u011fitim konusuna a\u011f\u0131rl\u0131k verilmesi ve ortak \u00e7al\u0131\u015fmalar yap\u0131lmas\u0131 i\u00e7in \u00e7a\u011fr\u0131da bulundu. &#8211; KAYSER\u0130<\/p>\n","protected":false},"excerpt":{"rendered":"<p>C\u0131ng\u0131, gen\u00e7 i\u015fsizli\u011fi ve mesleki e\u011fitimin \u00f6nemini Avrupa Konseyi toplant\u0131s\u0131nda dile getirdi.<\/p>\n","protected":false},"author":1,"featured_media":16786,"comment_status":"open","ping_status":"open","sticky":false,"template":"","format":"standard","meta":{"footnotes":""},"categories":[12],"tags":[1090,1983,340,395,3230],"class_list":["post-16785","post","type-post","status-publish","format-standard","has-post-thumbnail","hentry","category-siyaset","tag-avrupa","tag-cingi","tag-genc","tag-is","tag-mesleki-egitim"],"_links":{"self":[{"href":"https:\/\/bihavadis.com\/index.php\/wp-json\/wp\/v2\/posts\/16785","targetHints":{"allow":["GET"]}}],"collection":[{"href":"https:\/\/bihavadis.com\/index.php\/wp-json\/wp\/v2\/posts"}],"about":[{"href":"https:\/\/bihavadis.com\/index.php\/wp-json\/wp\/v2\/types\/post"}],"author":[{"embeddable":true,"href":"https:\/\/bihavadis.com\/index.php\/wp-json\/wp\/v2\/users\/1"}],"replies":[{"embeddable":true,"href":"https:\/\/bihavadis.com\/index.php\/wp-json\/wp\/v2\/comments?post=16785"}],"version-history":[{"count":1,"href":"https:\/\/bihavadis.com\/index.php\/wp-json\/wp\/v2\/posts\/16785\/revisions"}],"predecessor-version":[{"id":16787,"href":"https:\/\/bihavadis.com\/index.php\/wp-json\/wp\/v2\/posts\/16785\/revisions\/16787"}],"wp:featuredmedia":[{"embeddable":true,"href":"https:\/\/bihavadis.com\/index.php\/wp-json\/wp\/v2\/media\/16786"}],"wp:attachment":[{"href":"https:\/\/bihavadis.com\/index.php\/wp-json\/wp\/v2\/media?parent=16785"}],"wp:term":[{"taxonomy":"category","embeddable":true,"href":"https:\/\/bihavadis.com\/index.php\/wp-json\/wp\/v2\/categories?post=16785"},{"taxonomy":"post_tag","embeddable":true,"href":"https:\/\/bihavadis.com\/index.php\/wp-json\/wp\/v2\/tags?post=16785"}],"curies":[{"name":"wp","href":"https:\/\/api.w.org\/{rel}","templated":true}]}}