{"id":16792,"date":"2026-02-05T12:36:37","date_gmt":"2026-02-05T12:36:37","guid":{"rendered":"https:\/\/bihavadis.com\/?p=16792"},"modified":"2026-02-05T12:36:37","modified_gmt":"2026-02-05T12:36:37","slug":"bakan-yumakli-su-hayati-artvinin-tarim-gucu","status":"publish","type":"post","link":"https:\/\/bihavadis.com\/index.php\/2026\/02\/05\/bakan-yumakli-su-hayati-artvinin-tarim-gucu\/","title":{"rendered":"Bakan Yumakl\u0131: Su Hayati, Artvin&#8217;in Tar\u0131m G\u00fcc\u00fc"},"content":{"rendered":"<p> Tar\u0131m ve Orman Bakan\u0131 \u0130brahim Yumakl\u0131, Artvin&#8217;de yapt\u0131\u011f\u0131 konu\u015fmada iklim de\u011fi\u015fikli\u011fiyle birlikte suyun hayati \u00f6nem kazand\u0131\u011f\u0131n\u0131 vurgulayarak, Artvin&#8217;in tar\u0131m potansiyeli, co\u011frafi i\u015faretli \u00fcr\u00fcnleri, Yusufeli Baraj\u0131 ve son 23 y\u0131lda kente yap\u0131lan 418 milyar liral\u0131k yat\u0131r\u0131mlara dikkat \u00e7ekti.<\/p>\n<p>Tar\u0131m ve Orman Bakan\u0131 \u0130brahim Yumakl\u0131, Artvin&#8217;de AK Parti \u0130l Dan\u0131\u015fma Toplant\u0131s\u0131&#8217;na kat\u0131ld\u0131. Toplant\u0131da partililere hitap eden Bakan Yumakl\u0131, iklim de\u011fi\u015fikli\u011finin etkilerine dikkat \u00e7ekerek suyun korunmas\u0131 ve verimli kullan\u0131lmas\u0131 gerekti\u011fini s\u00f6yledi.<\/p>\n<p>Bakan\u0131 \u0130brahim Yumakl\u0131, burada yapt\u0131\u011f\u0131 konu\u015fmada, &#8220;\u00d6zellikle iklim de\u011fi\u015fikli\u011finden kaynakl\u0131, belki de Artvin i\u00e7in en son g\u00fcndeme gelmesi beklenen konulardan biri olan su meselesi art\u0131k hayati bir ba\u015fl\u0131k haline gelmi\u015ftir. Dolay\u0131s\u0131yla her damla suyumuzu alt\u0131n de\u011ferinde g\u00f6rmeli, koruyarak ve verimli \u015fekilde kullanmal\u0131y\u0131z. \u00d6zellikle suyun depolanmas\u0131 ve y\u00f6netimi konusunda Artvin son derece \u00f6nemli bir ilimizdir. Artvin&#8217;in d\u00fcnya \u00e7ap\u0131nda \u00f6nemli bir esere ev sahipli\u011fi yapt\u0131\u011f\u0131n\u0131 biliyoruz. Yusufeli Baraj\u0131 bu anlamda bizim adeta heykelimizdir. Daha \u00f6nce de bir k\u0131yaslama yapm\u0131\u015ft\u0131m. Kendi alan\u0131nda d\u00fcnya \u00f6l\u00e7e\u011finde olan bu esere ev sahipli\u011fi yapt\u0131\u011f\u0131 i\u00e7in Artvin&#8217;e hassaten te\u015fekk\u00fcr ediyorum. Artvin, kendine \u00f6zg\u00fc co\u011frafi yap\u0131s\u0131yla \u00f6nemli bir tar\u0131m kentidir. Ya\u015f \u00e7ay \u00fcretiminde T\u00fcrkiye genelinde \u00fc\u00e7\u00fcnc\u00fc s\u0131raday\u0131z. Yaban mersininde yedinci, k\u0131z\u0131lc\u0131k ve f\u0131nd\u0131kta ise on birinci s\u0131raday\u0131z. Bunlar bizim \u00f6l\u00e7\u00fcmlerimizdir. Artvin, \u00fcretimde oldu\u011fu kadar markala\u015fmay\u0131 da ba\u015farm\u0131\u015f bir \u015fehirdir. Kentimizde 8 \u00fcr\u00fcn co\u011frafi i\u015faret tescili alm\u0131\u015ft\u0131r. Kestane bal\u0131, Arhavi termonisi, Bor\u00e7ka Demir elmas\u0131, Hatila bal\u0131, Hopa hamsili ekme\u011fi, Hopa laz b\u00f6re\u011fi, Pu\u00e7uko ve \u015eav\u015fat ketesi art\u0131k Artvin&#8217;in s\u0131n\u0131rlar\u0131n\u0131 a\u015fm\u0131\u015ft\u0131r. Bu \u00fcr\u00fcnlerin ad\u0131n\u0131 ilk kez duyanlar merak etsin, biz de onlara Artvin&#8217;i adres g\u00f6sterelim. Devlet Su \u0130\u015fleri yat\u0131r\u0131mlar\u0131 dahil olmak \u00fczere son 23 y\u0131lda hem Artvin&#8217;e hem de \u00fclkemize hizmet edecek toplam 418 milyar liral\u0131k yat\u0131r\u0131m bu co\u011frafyada hayata ge\u00e7irilmi\u015ftir&#8221; ifadelerini kulland\u0131.<\/p>\n<p>Bakan Yumakl\u0131 konu\u015fmas\u0131n\u0131n ard\u0131ndan bas\u0131na kapal\u0131 \u015fekilde partisinin il dan\u0131\u015fma toplant\u0131s\u0131na kat\u0131ld\u0131. &#8211; ARTV\u0130N<\/p>\n","protected":false},"excerpt":{"rendered":"<p>\u0130klim de\u011fi\u015fikli\u011fi nedeniyle suyun korunmas\u0131n\u0131n \u00f6nemine vurgu yapan Bakan, Artvin&#8217;in tar\u0131m potansiyelini tan\u0131tt\u0131.<\/p>\n","protected":false},"author":1,"featured_media":0,"comment_status":"open","ping_status":"open","sticky":false,"template":"","format":"standard","meta":{"footnotes":""},"categories":[12],"tags":[2886,436,2058],"class_list":["post-16792","post","type-post","status-publish","format-standard","hentry","category-siyaset","tag-artvin","tag-bakan","tag-yumakli"],"_links":{"self":[{"href":"https:\/\/bihavadis.com\/index.php\/wp-json\/wp\/v2\/posts\/16792","targetHints":{"allow":["GET"]}}],"collection":[{"href":"https:\/\/bihavadis.com\/index.php\/wp-json\/wp\/v2\/posts"}],"about":[{"href":"https:\/\/bihavadis.com\/index.php\/wp-json\/wp\/v2\/types\/post"}],"author":[{"embeddable":true,"href":"https:\/\/bihavadis.com\/index.php\/wp-json\/wp\/v2\/users\/1"}],"replies":[{"embeddable":true,"href":"https:\/\/bihavadis.com\/index.php\/wp-json\/wp\/v2\/comments?post=16792"}],"version-history":[{"count":1,"href":"https:\/\/bihavadis.com\/index.php\/wp-json\/wp\/v2\/posts\/16792\/revisions"}],"predecessor-version":[{"id":16793,"href":"https:\/\/bihavadis.com\/index.php\/wp-json\/wp\/v2\/posts\/16792\/revisions\/16793"}],"wp:attachment":[{"href":"https:\/\/bihavadis.com\/index.php\/wp-json\/wp\/v2\/media?parent=16792"}],"wp:term":[{"taxonomy":"category","embeddable":true,"href":"https:\/\/bihavadis.com\/index.php\/wp-json\/wp\/v2\/categories?post=16792"},{"taxonomy":"post_tag","embeddable":true,"href":"https:\/\/bihavadis.com\/index.php\/wp-json\/wp\/v2\/tags?post=16792"}],"curies":[{"name":"wp","href":"https:\/\/api.w.org\/{rel}","templated":true}]}}