{"id":16799,"date":"2026-02-05T12:45:39","date_gmt":"2026-02-05T12:45:39","guid":{"rendered":"https:\/\/bihavadis.com\/?p=16799"},"modified":"2026-02-05T12:45:39","modified_gmt":"2026-02-05T12:45:39","slug":"adalet-bakani-yilmaz-tunc-terorden-turkiyeyi-kurtarmak-istiyoruz","status":"publish","type":"post","link":"https:\/\/bihavadis.com\/index.php\/2026\/02\/05\/adalet-bakani-yilmaz-tunc-terorden-turkiyeyi-kurtarmak-istiyoruz\/","title":{"rendered":"Adalet Bakan\u0131 Y\u0131lmaz Tun\u00e7 &#8220;Ter\u00f6rden T\u00fcrkiye&#8217;yi kurtarmak istiyoruz&#8221;"},"content":{"rendered":"<p>Adalet Bakan\u0131 Y\u0131lmaz Tun\u00e7, Sivas&#8217;ta yapt\u0131\u011f\u0131 konu\u015fmada T\u00fcrkiye&#8217;de adaletin tesisi noktas\u0131nda gayretli bir \u015fekilde \u00e7al\u0131\u015fmalar\u0131n\u0131 s\u00fcrd\u00fcreceklerini kaydedip ter\u00f6rden T\u00fcrkiye&#8217;yi kurtarmak istediklerini s\u00f6yledi.<\/p>\n<p>Sivas&#8217;ta bir dizi inceleme ve ziyaretlerde bulunan Adalet Bakan\u0131 Y\u0131lmaz Tun\u00e7, AK Parti \u0130l Dan\u0131\u015fma Meclisi Toplant\u0131s\u0131&#8217;na kat\u0131ld\u0131.<\/p>\n<p>Toplant\u0131da konu\u015fan AK Parti Grup Ba\u015fkan\u0131 Abdullah G\u00fcler, Sivas&#8217;a yeni adalet saray\u0131n\u0131n m\u00fcjdesini vererek, yap\u0131m\u0131nda sona gelinen yeni Cumhuriyet \u00dcniversitesi hastanesinin baharda a\u00e7\u0131laca\u011f\u0131 m\u00fcjdesini verdi. G\u00fcler, &#8220;Biz ger\u00e7ek manada bir adalet saray\u0131 yap\u0131yoruz. Yeni bir adalet saray\u0131 yap\u0131yoruz, di\u011fer adalet saray\u0131m\u0131zda mevcut fonksiyonlar\u0131yla devam edecektir. Yakla\u015f\u0131k 42 metre karelik yeni adalet saray\u0131n\u0131n projesi in\u015fallah \u00f6n\u00fcm\u00fczdeki haftalarda bitiyor. En ge\u00e7 May\u0131s-Haziran ay\u0131nda ihalesini tamamlayarak in\u015fallah temeli yine say\u0131n bakan\u0131m\u0131zla birlikte ataca\u011f\u0131z. Yine Ula\u015f yolunda t\u00fcm fonksiyonlar\u0131yla art\u0131k i\u015flevini yitirmi\u015f cezaevinin yerine yine nitelikli bir cezaevinin temelini ataca\u011f\u0131z, \u00dcniversite hastanemizi bitirdik. Son peyzaj d\u00fczenlemeleri kald\u0131. \u0130n\u015fallah onu da Mart-Nisan&#8217;la birlikte tamamlay\u0131p, 204 bin metre karelik dev bir sa\u011fl\u0131k yat\u0131r\u0131m\u0131n\u0131 Sivas&#8217;\u0131n hizmetine kazand\u0131raca\u011f\u0131z&#8221; dedi.<\/p>\n<p>Adalet Bakan\u0131 Y\u0131lmaz Tun\u00e7 konu\u015fmas\u0131nda muhalefetin 24 y\u0131ld\u0131r karalama siyasetinden vazge\u00e7medi\u011fine vurgu yaparak, &#8220;Biz hizmet siyaseti diyoruz, icraat diyoruz. Kar\u015f\u0131m\u0131zdaki muhalefet s\u00fcrekli engelleme siyaseti, karalama siyaseti, 24 y\u0131ld\u0131r da muhalefette bir de\u011fi\u015fiklik yok. Bizde ise ilk g\u00fcn ki a\u015fkla, heyecan\u0131m\u0131zdan hi\u00e7bir \u015fey eksilmeden, durmak yok yola devam diyoruz&#8221; \u015feklinde konu\u015ftu.<\/p>\n<p>&#8220;AK Parti&#8217;yi millet kurdu&#8221;<\/p>\n<p>Tun\u00e7, konu\u015fmas\u0131nda AK Parti&#8217;yi milletin kurdu\u011funu ifade ederek, &#8220;28 \u015eubat s\u00fcrecini hat\u0131rlad\u0131\u011f\u0131m\u0131zda bu millet gerek ekonomik refah anlam\u0131nda gerekse de temel hak ve h\u00fcrriyetler a\u00e7\u0131s\u0131ndan b\u00fcy\u00fck s\u0131k\u0131nt\u0131lara r\u00fc\u00e7hand\u0131. Bu kronik s\u0131k\u0131nt\u0131lardan bu \u00fclkeyi kurtarsa kurtarsa Erdo\u011fan kurtar\u0131r dedi milletimiz ve AK Partinin kurulmas\u0131na adeta zorlad\u0131. Bir patt\u0131 kurda pe\u015finden gelip bu devleti d\u00fczl\u00fc\u011fe \u00e7\u0131kartal\u0131m dedi milletimiz. Bu \u0131\u015f\u0131\u011f\u0131 s\u00f6nd\u00fcrmek isteyenlere bu millet f\u0131rsat vermedi bundan sonrada vermeyecek&#8221; dedi.<\/p>\n<p>&#8220;Biz T\u00fcrkiye&#8217;de adaletin tesisi noktas\u0131nda gayretli bir \u015fekilde \u00e7al\u0131\u015fmalar\u0131m\u0131z\u0131 s\u00fcrd\u00fcrece\u011fiz&#8221;<\/p>\n<p>Tun\u00e7, yarg\u0131y\u0131 ele\u015ftirenlerin as\u0131l niyetini ise \u015fu s\u00f6zlerle a\u00e7\u0131klad\u0131, &#8220;Bug\u00fcn yarg\u0131 \u015fi\u015fmemizle ilgili baz\u0131 ele\u015ftirilerde bulunanlar ve haks\u0131zca yarg\u0131 mensuplar\u0131m\u0131za, hakim ve savc\u0131lar\u0131m\u0131za hareket edenler, tehdit edenler, &#8216;T\u00fcrkiye&#8217;de adalet yok&#8217; diyenlerin asl\u0131nda rahats\u0131z olduklar\u0131 nedir de\u011ferli arkada\u015flar, onlar eski veraseti sistemin emrinde olan, darbecilerin kar\u015f\u0131s\u0131nda haz\u0131r ol da duran, onlara kol kanat geren bir yarg\u0131 sisteminden bug\u00fcn milli iradinin yan\u0131nda duran, darbeciden de, vesayet\u00e7iden de, yolsuzluk yapanlardan da, h\u0131rs\u0131zdan da hesap soran bir yarg\u0131 sisteminin varl\u0131\u011f\u0131ndan rahats\u0131z olanlard\u0131r. Biz T\u00fcrkiye&#8217;de adaletin tesisi noktas\u0131nda gayretli bir \u015fekilde \u00e7al\u0131\u015fmalar\u0131m\u0131z\u0131 s\u00fcrd\u00fcrece\u011fiz&#8221;<\/p>\n<p>&#8220;Ter\u00f6rden T\u00fcrkiye&#8217;yi kurtarmak istiyoruz&#8221;<\/p>\n<p>Tun\u00e7, ter\u00f6rs\u00fcz T\u00fcrkiye&#8217;yi kurmak istediklerini vurgulayarak s\u00f6zlerini \u015fu \u015fekilde tamamlad\u0131. &#8220;Milletimizin birli\u011fi, beraberli\u011fi ve dirli\u011fi. Ter\u00f6rden T\u00fcrkiye&#8217;yi kurtarmak istiyoruz. 41 y\u0131ldan bu yana m\u00fccadele ettik. Bu u\u011furda binlerce \u015fehit verdik. Gazilerimiz oldu, \u00fclke olacak \u00e7ok b\u00fcy\u00fck ac\u0131lar ya\u015fad\u0131k. Bu ac\u0131lar\u0131 bir daha ya\u015famayal\u0131m diyoruz. G\u00fcvenlik g\u00fc\u00e7lerimiz bir taratan b\u00fcy\u00fck bir gayret g\u00f6sterirken di\u011fer ir yandan ter\u00f6r \u00f6rg\u00fct\u00fcn\u00fcn istismar etti\u011fi alanlar\u0131 birer birer ortadan kald\u0131rd\u0131k. Sadece K\u00fcrt vatanda\u015flar\u0131m\u0131z i\u00e7in de\u011fil, \u00fclkemizin t\u00fcm vatanda\u015flar\u0131 i\u00e7in temel hak ve h\u00fcrriyetleri tahkim ettik, g\u00fc\u00e7lendirdik, \u00f6zg\u00fcrl\u00fck ortam\u0131n\u0131, ayr\u0131mc\u0131l\u0131\u011f\u0131 ortadan kald\u0131rd\u0131k ve bu sayede bug\u00fcn ter\u00f6rs\u00fcz T\u00fcrkiye&#8217;yi konu\u015fabiliyoruz. Say\u0131n devlet bah\u00e7elinin grubunda yapt\u0131\u011f\u0131 konu\u015fman\u0131n ard\u0131ndan, say\u0131n Cumhurba\u015fkan\u0131m\u0131z\u0131n koydu\u011fu salam iradeyle bir s\u00fcre\u00e7 ba\u015flad\u0131. Bu duru\u015fun ard\u0131ndan ter\u00f6r \u00f6rg\u00fct\u00fc fesih karar\u0131 ald\u0131. Tabi bu fesih karar\u0131ndan sonra silah b\u0131rakma s\u00fcrecini izlemeye devam ettik. Bu s\u00fcre\u00e7te \u00f6zellikle devlet kurumlar\u0131 aras\u0131nda gerek istihbarat gerek ilgili bakanl\u0131klar aras\u0131nda bir uyum olmasayd\u0131, yine kurulan meclis komisyonunda, bir iki istisna d\u0131\u015f\u0131ndaki partilerin genel bir konsorsiyumu ile bu noktala geldik.&#8221; &#8211; S\u0130VAS<\/p>\n","protected":false},"excerpt":{"rendered":"<p>Adalet Bakan\u0131 Y\u0131lmaz Tun\u00e7, Sivas&#8217;ta yapt\u0131\u011f\u0131 konu\u015fmada T\u00fcrkiye&#8217;de adaletin tesisi noktas\u0131nda gayretli bir \u015fekilde \u00e7al\u0131\u015fmalar\u0131n\u0131 s\u00fcrd\u00fcreceklerini kaydedip ter\u00f6rden T\u00fcrkiye&#8217;yi kurtarmak istediklerini s\u00f6yledi.<\/p>\n","protected":false},"author":1,"featured_media":0,"comment_status":"open","ping_status":"open","sticky":false,"template":"","format":"standard","meta":{"footnotes":""},"categories":[12],"tags":[3234,3233,2113,2051,3235],"class_list":["post-16799","post","type-post","status-publish","format-standard","hentry","category-siyaset","tag-adalet","tag-dev","tag-millet","tag-teror","tag-yargi"],"_links":{"self":[{"href":"https:\/\/bihavadis.com\/index.php\/wp-json\/wp\/v2\/posts\/16799","targetHints":{"allow":["GET"]}}],"collection":[{"href":"https:\/\/bihavadis.com\/index.php\/wp-json\/wp\/v2\/posts"}],"about":[{"href":"https:\/\/bihavadis.com\/index.php\/wp-json\/wp\/v2\/types\/post"}],"author":[{"embeddable":true,"href":"https:\/\/bihavadis.com\/index.php\/wp-json\/wp\/v2\/users\/1"}],"replies":[{"embeddable":true,"href":"https:\/\/bihavadis.com\/index.php\/wp-json\/wp\/v2\/comments?post=16799"}],"version-history":[{"count":1,"href":"https:\/\/bihavadis.com\/index.php\/wp-json\/wp\/v2\/posts\/16799\/revisions"}],"predecessor-version":[{"id":16800,"href":"https:\/\/bihavadis.com\/index.php\/wp-json\/wp\/v2\/posts\/16799\/revisions\/16800"}],"wp:attachment":[{"href":"https:\/\/bihavadis.com\/index.php\/wp-json\/wp\/v2\/media?parent=16799"}],"wp:term":[{"taxonomy":"category","embeddable":true,"href":"https:\/\/bihavadis.com\/index.php\/wp-json\/wp\/v2\/categories?post=16799"},{"taxonomy":"post_tag","embeddable":true,"href":"https:\/\/bihavadis.com\/index.php\/wp-json\/wp\/v2\/tags?post=16799"}],"curies":[{"name":"wp","href":"https:\/\/api.w.org\/{rel}","templated":true}]}}