{"id":16821,"date":"2026-02-05T13:03:06","date_gmt":"2026-02-05T13:03:06","guid":{"rendered":"https:\/\/bihavadis.com\/?p=16821"},"modified":"2026-02-05T13:03:06","modified_gmt":"2026-02-05T13:03:06","slug":"konyaspor-u19-takim-otobusu-kaza-gecirdi","status":"publish","type":"post","link":"https:\/\/bihavadis.com\/index.php\/2026\/02\/05\/konyaspor-u19-takim-otobusu-kaza-gecirdi\/","title":{"rendered":"Konyaspor U19 Tak\u0131m Otob\u00fcs\u00fc Kaza Ge\u00e7irdi"},"content":{"rendered":"<p>T\u00dcMOSAN Konyaspor, 19 ya\u015f alt\u0131 (U19) tak\u0131m\u0131n\u0131 ta\u015f\u0131yan ve Be\u015fikta\u015f deplasman\u0131 i\u00e7in \u0130stanbul&#8217;a hareket eden tak\u0131m otob\u00fcs\u00fcn\u00fcn kaza yapt\u0131\u011f\u0131n\u0131, yaral\u0131lar\u0131n tedbir ama\u00e7l\u0131 hastaneye g\u00f6t\u00fcr\u00fcld\u00fc\u011f\u00fcn\u00fc duyurdu.<\/p>\n<p>Ye\u015fil beyazl\u0131 kul\u00fcp, NSosyal hesab\u0131ndan, tak\u0131m otob\u00fcs\u00fcn\u00fcn TEM Otoyolu \u0130stanbul Kurtk\u00f6y mevkiinde t\u0131r ile \u00e7arp\u0131\u015ft\u0131\u011f\u0131 kazaya ili\u015fkin a\u00e7\u0131klama yapt\u0131.<\/p>\n<p>&#8220;Ge\u00e7mi\u015f Olsun Konyaspor Futbol Akademisi&#8221; ba\u015fl\u0131\u011f\u0131yla duyurulan a\u00e7\u0131klamada, &#8220;Be\u015fikta\u015f deplasman\u0131 i\u00e7in \u0130stanbul&#8217;a hareket eden U19 tak\u0131m\u0131m\u0131z\u0131 ta\u015f\u0131yan otob\u00fcs\u00fcm\u00fcz bir trafik kazas\u0131 ge\u00e7irmi\u015ftir. Kaza sonras\u0131 ara\u00e7ta bulunan antren\u00f6rlerimiz, futbolcular\u0131m\u0131z ve destek ekibimizin genel sa\u011fl\u0131k durumlar\u0131n\u0131n iyi oldu\u011fu \u00f6\u011frenilmi\u015ftir. Kazada baz\u0131 futbolcular\u0131m\u0131z tedbir ama\u00e7l\u0131 hastaneye kald\u0131r\u0131lm\u0131\u015f olup, hayati tehlikelerinin olmad\u0131\u011f\u0131 y\u00f6n\u00fcnde bilgi al\u0131nm\u0131\u015ft\u0131r. Otob\u00fcs \u015fof\u00f6r\u00fcm\u00fcz Fevzi \u00d6zt\u00fcrk ise kontrol ama\u00e7l\u0131 hastaneye sevk edilmi\u015ftir.&#8221; ifadelerine yer verildi.<\/p>\n","protected":false},"excerpt":{"rendered":"<p>Konyaspor&#8217;un U19 tak\u0131m\u0131, Be\u015fikta\u015f deplasman\u0131na giderken kaza yapt\u0131. Yaral\u0131lar hastaneye kald\u0131r\u0131ld\u0131.<\/p>\n","protected":false},"author":1,"featured_media":16822,"comment_status":"open","ping_status":"open","sticky":false,"template":"","format":"standard","meta":{"footnotes":""},"categories":[14],"tags":[283],"class_list":["post-16821","post","type-post","status-publish","format-standard","has-post-thumbnail","hentry","category-spor","tag-kaza"],"_links":{"self":[{"href":"https:\/\/bihavadis.com\/index.php\/wp-json\/wp\/v2\/posts\/16821","targetHints":{"allow":["GET"]}}],"collection":[{"href":"https:\/\/bihavadis.com\/index.php\/wp-json\/wp\/v2\/posts"}],"about":[{"href":"https:\/\/bihavadis.com\/index.php\/wp-json\/wp\/v2\/types\/post"}],"author":[{"embeddable":true,"href":"https:\/\/bihavadis.com\/index.php\/wp-json\/wp\/v2\/users\/1"}],"replies":[{"embeddable":true,"href":"https:\/\/bihavadis.com\/index.php\/wp-json\/wp\/v2\/comments?post=16821"}],"version-history":[{"count":1,"href":"https:\/\/bihavadis.com\/index.php\/wp-json\/wp\/v2\/posts\/16821\/revisions"}],"predecessor-version":[{"id":16823,"href":"https:\/\/bihavadis.com\/index.php\/wp-json\/wp\/v2\/posts\/16821\/revisions\/16823"}],"wp:featuredmedia":[{"embeddable":true,"href":"https:\/\/bihavadis.com\/index.php\/wp-json\/wp\/v2\/media\/16822"}],"wp:attachment":[{"href":"https:\/\/bihavadis.com\/index.php\/wp-json\/wp\/v2\/media?parent=16821"}],"wp:term":[{"taxonomy":"category","embeddable":true,"href":"https:\/\/bihavadis.com\/index.php\/wp-json\/wp\/v2\/categories?post=16821"},{"taxonomy":"post_tag","embeddable":true,"href":"https:\/\/bihavadis.com\/index.php\/wp-json\/wp\/v2\/tags?post=16821"}],"curies":[{"name":"wp","href":"https:\/\/api.w.org\/{rel}","templated":true}]}}