{"id":16824,"date":"2026-02-05T13:06:06","date_gmt":"2026-02-05T13:06:06","guid":{"rendered":"https:\/\/bihavadis.com\/?p=16824"},"modified":"2026-02-05T13:06:06","modified_gmt":"2026-02-05T13:06:06","slug":"ozgur-ozelin-konvoyundaki-arac-sayisi-gundemde","status":"publish","type":"post","link":"https:\/\/bihavadis.com\/index.php\/2026\/02\/05\/ozgur-ozelin-konvoyundaki-arac-sayisi-gundemde\/","title":{"rendered":"\u00d6zg\u00fcr \u00d6zel&#8217;in konvoyundaki ara\u00e7 say\u0131s\u0131 g\u00fcndemde"},"content":{"rendered":"<p>CHP Genel Ba\u015fkan\u0131 \u00d6zg\u00fcr \u00d6zel, deprem b\u00f6lgesinde ziyaretlerde bulundu.<\/p>\n<p>Osmaniye ve Gaziantep&#8217;i ziyaret eden \u00d6zel, partisinin il ba\u015fkanl\u0131klar\u0131nda partililerle bir araya geldi.<\/p>\n<p>CHP&#8217;lilere hitap eden \u00d6zel, g\u00fcndeme ili\u015fkin de\u011ferlendirmelerde bulunurken bu \u015fehirlerde baz\u0131 il\u00e7elere de ziyaretlerde bulundu.<\/p>\n<p><strong>\u00d6ZG\u00dcR \u00d6ZEL&#8217;\u0130N ONLARCA ARA\u00c7LIK KONVOYU D\u0130KKAT \u00c7EKT\u0130<\/strong><\/p>\n<p>Mezarl\u0131k ziyaretleri de yapan \u00d6zel&#8217;in bu gezisinde en dikkat \u00e7eken \u015fey konu\u015fmas\u0131 veya bir araya geldi\u011fi isimler de\u011fil konvoyu oldu.<\/p>\n<p>Gaziantep ve Osmaniye&#8217;de bir\u00e7ok noktaya kara yolu ile ula\u015fan \u00d6zel&#8217;in konvoyu bir\u00e7ok kez g\u00f6r\u00fcnt\u00fclendi.<\/p>\n<p><img decoding=\"async\" src=\"https:\/\/bihavadis.com\/wp-content\/uploads\/2026\/02\/ozgur-ozelin-konvoyundaki-arac-sayisi-gundemde-0-aP1jLdEc.jpg\"\/><\/p>\n<p><strong>YILLARCA \u0130KT\u0130DARIN KONVOYLARINI ELE\u015eT\u0130RD\u0130<\/strong><\/p>\n<p>Ard\u0131 arkas\u0131 kesilmeyen ara\u00e7 ge\u00e7i\u015fleri b\u00f6lge halk\u0131nda \u015fa\u015fk\u0131nl\u0131k yarat\u0131rken konvoydaki ara\u00e7 say\u0131s\u0131 da merak konusu oldu.<\/p>\n<p>\u00d6zel&#8217;in bu kalabal\u0131k konvoyu ak\u0131llara bir ba\u015fka soruyu daha getirdi:<\/p>\n<p>Y\u0131llarca Cumhurba\u015fkan\u0131 Recep Tayyip Erdo\u011fan ve di\u011fer iktidar \u00fcyelerinin konvoyunu hedef alan CHP&#8217;liler ve \u00d6zg\u00fcr \u00d6zel&#8217;in tepki \u00e7eken Osmaniye konvoyu hakk\u0131nda ne a\u00e7\u0131klama yapaca\u011f\u0131&#8230;<\/p>\n","protected":false},"excerpt":{"rendered":"<p>Osmaniye ve Gaziantep&#8217;te ziyaretlerde bulunan CHP Genel Ba\u015fkan\u0131 \u00d6zg\u00fcr \u00d6zel&#8217;in konvoyunun ard\u0131 arkas\u0131 kesilmeyecek kalabal\u0131kta olmas\u0131 tepki \u00e7ekti. Ak\u0131llara \u00d6zel&#8217;in Cumhurba\u015fkan\u0131 Erdo\u011fan&#8217;\u0131n konvoyunu s\u0131k s\u0131k ele\u015ftirmesi geldi.<\/p>\n","protected":false},"author":1,"featured_media":16825,"comment_status":"open","ping_status":"open","sticky":false,"template":"","format":"standard","meta":{"footnotes":""},"categories":[9,13],"tags":[3238],"class_list":["post-16824","post","type-post","status-publish","format-standard","has-post-thumbnail","hentry","category-genel","category-son-dakika","tag-konvoyu"],"_links":{"self":[{"href":"https:\/\/bihavadis.com\/index.php\/wp-json\/wp\/v2\/posts\/16824","targetHints":{"allow":["GET"]}}],"collection":[{"href":"https:\/\/bihavadis.com\/index.php\/wp-json\/wp\/v2\/posts"}],"about":[{"href":"https:\/\/bihavadis.com\/index.php\/wp-json\/wp\/v2\/types\/post"}],"author":[{"embeddable":true,"href":"https:\/\/bihavadis.com\/index.php\/wp-json\/wp\/v2\/users\/1"}],"replies":[{"embeddable":true,"href":"https:\/\/bihavadis.com\/index.php\/wp-json\/wp\/v2\/comments?post=16824"}],"version-history":[{"count":1,"href":"https:\/\/bihavadis.com\/index.php\/wp-json\/wp\/v2\/posts\/16824\/revisions"}],"predecessor-version":[{"id":16827,"href":"https:\/\/bihavadis.com\/index.php\/wp-json\/wp\/v2\/posts\/16824\/revisions\/16827"}],"wp:featuredmedia":[{"embeddable":true,"href":"https:\/\/bihavadis.com\/index.php\/wp-json\/wp\/v2\/media\/16825"}],"wp:attachment":[{"href":"https:\/\/bihavadis.com\/index.php\/wp-json\/wp\/v2\/media?parent=16824"}],"wp:term":[{"taxonomy":"category","embeddable":true,"href":"https:\/\/bihavadis.com\/index.php\/wp-json\/wp\/v2\/categories?post=16824"},{"taxonomy":"post_tag","embeddable":true,"href":"https:\/\/bihavadis.com\/index.php\/wp-json\/wp\/v2\/tags?post=16824"}],"curies":[{"name":"wp","href":"https:\/\/api.w.org\/{rel}","templated":true}]}}