{"id":16885,"date":"2026-02-05T14:03:05","date_gmt":"2026-02-05T14:03:05","guid":{"rendered":"https:\/\/bihavadis.com\/?p=16885"},"modified":"2026-02-05T14:03:05","modified_gmt":"2026-02-05T14:03:05","slug":"mesud-pezeskiyan-abd-ile-muzakere-icin-disisleri-bakanina-talimat-verdim","status":"publish","type":"post","link":"https:\/\/bihavadis.com\/index.php\/2026\/02\/05\/mesud-pezeskiyan-abd-ile-muzakere-icin-disisleri-bakanina-talimat-verdim\/","title":{"rendered":"Mesud Peze\u015fkiyan: ABD ile m\u00fczakere i\u00e7in D\u0131\u015fi\u015fleri Bakan\u0131&#8217;na talimat verdim"},"content":{"rendered":"<p>ABD ve \u0130ran aras\u0131ndaki gerilim yak\u0131ndan takip ediliyor&#8230;<\/p>\n<p>\u0130ran Cumhurba\u015fkan\u0131 Mesud Peze\u015fkiyan, X hesab\u0131ndan konuya ili\u015fkin yaz\u0131l\u0131 a\u00e7\u0131klama yapt\u0131.<\/p>\n<p><strong>&#8220;M\u00dcZAKERE \u0130\u00c7\u0130N TAL\u0130MAT VERD\u0130M&#8221;<\/strong><\/p>\n<p>B\u00f6lgedeki dost devletlerin, ABD Ba\u015fkan\u0131 Donald Trump&#8217;\u0131n m\u00fczakere teklifine yan\u0131t verilmesi y\u00f6n\u00fcndeki taleplerini dikkate ald\u0131klar\u0131na i\u015faret eden Peze\u015fkiyan, <em><b>&#8220;Uygun bir ortam\u0131n bulunmas\u0131, tehditten ar\u0131nd\u0131r\u0131lm\u0131\u015f olmas\u0131, gayrime\u015fru ve ak\u0131l d\u0131\u015f\u0131 beklentilerden uzak kal\u0131nmas\u0131 \u015fart\u0131yla, izzet, hikmet, maslahat ilkeleri temelinde ve ulusal \u00e7\u0131karlar \u00e7er\u00e7evesinde adil, hakkaniyetli bir m\u00fczakerenin zemininin haz\u0131rlanmas\u0131 i\u00e7in D\u0131\u015fi\u015fleri Bakan\u0131&#8217;na talimat verdim.&#8221;<\/b><\/em> ifadelerini kulland\u0131.<\/p>\n<p>ABD Ba\u015fkan\u0131 Trump&#8217;\u0131n Orta Do\u011fu \u00d6zel Temsilcisi Steve Witkoff&#8217;un, \u0130ran D\u0131\u015fi\u015fleri Bakan\u0131 Arak\u00e7i ile olas\u0131 bir n\u00fckleer anla\u015fmay\u0131 g\u00f6r\u00fc\u015fmek \u00fczere 6 \u015eubat Cuma g\u00fcn\u00fc \u0130stanbul&#8217;da bir araya gelece\u011fi belirtilmi\u015fti.<\/p>\n<p><img decoding=\"async\" src=\"https:\/\/bihavadis.com\/wp-content\/uploads\/2026\/02\/mesud-pezeskiyan-abd-ile-muzakere-icin-disisleri-bakanina-talimat-verdim-0-5JgS1cF3.jpg\"\/><\/p>\n<p><strong>HAZ\u0130RAN 2025&#8217;TEN SONRA \u0130LK G\u00d6R\u00dc\u015eME<\/strong><\/p>\n<p>\u0130ran ile \u0130srail aras\u0131nda Haziran 2025&#8217;te meydana gelen ve 12 g\u00fcn s\u00fcren \u00e7at\u0131\u015fmalar\u0131n ard\u0131ndan bu g\u00f6r\u00fc\u015fme ile ABD&#8217;li ve \u0130ranl\u0131 yetkililer, ilk kez bir araya gelecek.<\/p>\n<p>Arak\u00e7i, \u0130ran&#8217;daki devrimin 47. y\u0131l d\u00f6n\u00fcm\u00fc m\u00fcnasebetiyle ba\u015fkent Tahran&#8217;da devrim lideri Ayetullah Humeyni&#8217;nin t\u00fcrbesinde d\u00fcn yapt\u0131\u011f\u0131 konu\u015fmada, \u0130ran&#8217;\u0131n diplomasiye haz\u0131r oldu\u011funu belirterek, <em><b>&#8220;Ancak diplomasi, bask\u0131, y\u0131ld\u0131rma ve g\u00fc\u00e7 kullan\u0131m\u0131yla ba\u011fda\u015fmaz. Sonu\u00e7lar\u0131n\u0131n yak\u0131nda ortaya \u00e7\u0131kmas\u0131n\u0131 umuyoruz.&#8221;<\/b><\/em> demi\u015fti.<\/p>\n","protected":false},"excerpt":{"rendered":"<p>\u0130ran Cumhurba\u015fkan\u0131 Mesud Peze\u015fkiyan, ABD ile m\u00fczakerelerin ba\u015flamas\u0131 i\u00e7in D\u0131\u015fi\u015fleri Bakan\u0131 Abbas Arak\u00e7i&#8217;ye talimat verdi\u011fini duyurdu.<\/p>\n","protected":false},"author":1,"featured_media":16886,"comment_status":"open","ping_status":"open","sticky":false,"template":"","format":"standard","meta":{"footnotes":""},"categories":[6],"tags":[271],"class_list":["post-16885","post","type-post","status-publish","format-standard","has-post-thumbnail","hentry","category-dunya","tag-iran"],"_links":{"self":[{"href":"https:\/\/bihavadis.com\/index.php\/wp-json\/wp\/v2\/posts\/16885","targetHints":{"allow":["GET"]}}],"collection":[{"href":"https:\/\/bihavadis.com\/index.php\/wp-json\/wp\/v2\/posts"}],"about":[{"href":"https:\/\/bihavadis.com\/index.php\/wp-json\/wp\/v2\/types\/post"}],"author":[{"embeddable":true,"href":"https:\/\/bihavadis.com\/index.php\/wp-json\/wp\/v2\/users\/1"}],"replies":[{"embeddable":true,"href":"https:\/\/bihavadis.com\/index.php\/wp-json\/wp\/v2\/comments?post=16885"}],"version-history":[{"count":1,"href":"https:\/\/bihavadis.com\/index.php\/wp-json\/wp\/v2\/posts\/16885\/revisions"}],"predecessor-version":[{"id":16888,"href":"https:\/\/bihavadis.com\/index.php\/wp-json\/wp\/v2\/posts\/16885\/revisions\/16888"}],"wp:featuredmedia":[{"embeddable":true,"href":"https:\/\/bihavadis.com\/index.php\/wp-json\/wp\/v2\/media\/16886"}],"wp:attachment":[{"href":"https:\/\/bihavadis.com\/index.php\/wp-json\/wp\/v2\/media?parent=16885"}],"wp:term":[{"taxonomy":"category","embeddable":true,"href":"https:\/\/bihavadis.com\/index.php\/wp-json\/wp\/v2\/categories?post=16885"},{"taxonomy":"post_tag","embeddable":true,"href":"https:\/\/bihavadis.com\/index.php\/wp-json\/wp\/v2\/tags?post=16885"}],"curies":[{"name":"wp","href":"https:\/\/api.w.org\/{rel}","templated":true}]}}