{"id":16958,"date":"2026-02-05T15:18:07","date_gmt":"2026-02-05T15:18:07","guid":{"rendered":"https:\/\/bihavadis.com\/?p=16958"},"modified":"2026-02-05T15:18:07","modified_gmt":"2026-02-05T15:18:07","slug":"sarkici-emrah-kizini-paylasti-eleysa-9-yasinda","status":"publish","type":"post","link":"https:\/\/bihavadis.com\/index.php\/2026\/02\/05\/sarkici-emrah-kizini-paylasti-eleysa-9-yasinda\/","title":{"rendered":"\u015eark\u0131c\u0131 Emrah k\u0131z\u0131n\u0131 payla\u015ft\u0131! Eleysa 9 ya\u015f\u0131nda"},"content":{"rendered":"<p>\u00d6zel hayat\u0131yla s\u0131k s\u0131k g\u00fcndeme gelen Emrah, 2014 y\u0131l\u0131nda Sibel Kirer ile hayat\u0131n\u0131 birle\u015ftirmi\u015f, \u00e7ift ilerleyen y\u0131llarda ya\u015fad\u0131klar\u0131 anla\u015fmazl\u0131klar\u0131n ard\u0131ndan yollar\u0131n\u0131 ay\u0131rm\u0131\u015ft\u0131.<\/p>\n<p>Sibel Kirer ile yapt\u0131\u011f\u0131 evlilikten Elyesa ve Eleysa ad\u0131nda iki \u00e7ocu\u011fu bulunan \u00fcnl\u00fc \u015fark\u0131c\u0131, \u00e7ocuklar\u0131yla yapt\u0131\u011f\u0131 payla\u015f\u0131mlarla dikkat \u00e7ekiyor.<\/p>\n<p>Instagram&#8217;da aktif olan Emrah, son olarak k\u0131z\u0131 Eleysa&#8217;n\u0131n yeni ya\u015f\u0131n\u0131 duygu dolu bir mesajla kutlayarak takip\u00e7ilerini duyguland\u0131rd\u0131.<\/p>\n<p><strong>&#8220;HAYATIMIN EN G\u00dcZEL HED\u0130YES\u0130&#8221;<\/strong><\/p>\n<p>Instagram hesab\u0131nda k\u0131z\u0131yla bir foto\u011fraf yay\u0131nlayan \u00fcnl\u00fc \u015fark\u0131c\u0131, yazd\u0131\u011f\u0131 \u015fu notla kalplere dokundu:<\/p>\n<p><img decoding=\"async\" src=\"https:\/\/bihavadis.com\/wp-content\/uploads\/2026\/02\/sarkici-emrah-kizini-paylasti-eleysa-9-yasinda-0-2WDZHuDf.jpg\"\/><\/p>\n<p><b><em>&#8220;Benim g\u00fczel k\u0131z\u0131m, bu \u015fark\u0131 ile sana olan sevgimi dile getirmeye \u00e7al\u0131\u015ft\u0131m..hayat\u0131m\u0131n en b\u00fcy\u00fck mucizesi, kalbimin en k\u0131ymetlisi Eleysam.. Bug\u00fcn 9 ya\u015f\u0131na girdin. Senin baban olmak hayat\u0131m\u0131n en g\u00fczel hediyesi\u2026 G\u00f6zlerinin i\u00e7indeki \u0131\u015f\u0131k, g\u00fcl\u00fc\u015f\u00fcndeki safl\u0131k ve kalbindeki g\u00fczellik bana her g\u00fcn yeniden ya\u015fam sevinci veriyor.\u00a0<\/em><\/b><b><em>Sen benim y\u00fcre\u011fimin i\u00e7i ,en b\u00fcy\u00fck mutlulu\u011fum, en derin a\u015fk\u0131m ve hayattaki en de\u011ferli hazinemsin. Her ad\u0131m\u0131nda yan\u0131nda olmaktan, seni koruyup sevgiyle b\u00fcy\u00fctmekten gurur duyuyorum.<\/em><\/b><\/p>\n<p><strong>&#8220;\u0130Y\u0130 K\u0130 DO\u011eDUN MELE\u011e\u0130M&#8221;<\/strong><\/p>\n<p><b><em>\u0130yi ki do\u011fdun mele\u011fim\u2026 Hayat\u0131m seninle anlam buldu. Nice g\u00fczel ya\u015flar\u0131n olsun, hep sa\u011fl\u0131kl\u0131, mutlu ve sevgi dolu kal. Babas\u0131n\u0131n biricik prensesi\u2026 Seni kelimelerle anlat\u0131lamayacak kadar \u00e7ok seviyorum.&#8221;<\/em><\/b><\/p>\n<p><img decoding=\"async\" src=\"https:\/\/bihavadis.com\/wp-content\/uploads\/2026\/02\/sarkici-emrah-kizini-paylasti-eleysa-9-yasinda-1-MUwvPqhz.jpg\"\/><\/p>\n<p><img decoding=\"async\" src=\"https:\/\/bihavadis.com\/wp-content\/uploads\/2026\/02\/sarkici-emrah-kizini-paylasti-eleysa-9-yasinda-2-qygkjj12.jpg\"\/><\/p>\n","protected":false},"excerpt":{"rendered":"<p>B\u00fcy\u00fck o\u00fclu Tayfun hari\u00e7 sonradan d\u00fcnyaya gelen \u00e7ocuklar\u0131yla yak\u0131ndan ilgilenen \u015fark\u0131c\u0131 Emrah, k\u0131z\u0131 Eleysa&#8217;n\u0131n 9. ya\u015f g\u00fcn\u00fcn\u00fc sosyal medya hesab\u0131ndan yapt\u0131\u011f\u0131 duygu y\u00fckl\u00fc bir payla\u015f\u0131mla kutlad\u0131.<\/p>\n","protected":false},"author":1,"featured_media":16959,"comment_status":"open","ping_status":"open","sticky":false,"template":"","format":"standard","meta":{"footnotes":""},"categories":[1],"tags":[1179],"class_list":["post-16958","post","type-post","status-publish","format-standard","has-post-thumbnail","hentry","category-uncategorized","tag-guzel"],"_links":{"self":[{"href":"https:\/\/bihavadis.com\/index.php\/wp-json\/wp\/v2\/posts\/16958","targetHints":{"allow":["GET"]}}],"collection":[{"href":"https:\/\/bihavadis.com\/index.php\/wp-json\/wp\/v2\/posts"}],"about":[{"href":"https:\/\/bihavadis.com\/index.php\/wp-json\/wp\/v2\/types\/post"}],"author":[{"embeddable":true,"href":"https:\/\/bihavadis.com\/index.php\/wp-json\/wp\/v2\/users\/1"}],"replies":[{"embeddable":true,"href":"https:\/\/bihavadis.com\/index.php\/wp-json\/wp\/v2\/comments?post=16958"}],"version-history":[{"count":1,"href":"https:\/\/bihavadis.com\/index.php\/wp-json\/wp\/v2\/posts\/16958\/revisions"}],"predecessor-version":[{"id":16963,"href":"https:\/\/bihavadis.com\/index.php\/wp-json\/wp\/v2\/posts\/16958\/revisions\/16963"}],"wp:featuredmedia":[{"embeddable":true,"href":"https:\/\/bihavadis.com\/index.php\/wp-json\/wp\/v2\/media\/16959"}],"wp:attachment":[{"href":"https:\/\/bihavadis.com\/index.php\/wp-json\/wp\/v2\/media?parent=16958"}],"wp:term":[{"taxonomy":"category","embeddable":true,"href":"https:\/\/bihavadis.com\/index.php\/wp-json\/wp\/v2\/categories?post=16958"},{"taxonomy":"post_tag","embeddable":true,"href":"https:\/\/bihavadis.com\/index.php\/wp-json\/wp\/v2\/tags?post=16958"}],"curies":[{"name":"wp","href":"https:\/\/api.w.org\/{rel}","templated":true}]}}