{"id":17026,"date":"2026-02-05T16:09:07","date_gmt":"2026-02-05T16:09:07","guid":{"rendered":"https:\/\/bihavadis.com\/?p=17026"},"modified":"2026-02-05T16:09:07","modified_gmt":"2026-02-05T16:09:07","slug":"kestelin-yesil-gucu-essen-fuarinda-dunyaya-acildi","status":"publish","type":"post","link":"https:\/\/bihavadis.com\/index.php\/2026\/02\/05\/kestelin-yesil-gucu-essen-fuarinda-dunyaya-acildi\/","title":{"rendered":"Kestel&#8217;in ye\u015fil g\u00fcc\u00fc Essen Fuar\u0131&#8217;nda d\u00fcnyaya a\u00e7\u0131ld\u0131"},"content":{"rendered":"<p> Kestel Belediyesi ve il\u00e7ede faaliyet g\u00f6steren s\u00fcs bitkileri \u00fcreticileri Almanya Essen Bah\u00e7ecilik ve S\u00fcs Bitkileri Fuar\u0131&#8217;na kat\u0131ld\u0131.<\/p>\n<p>27-30 Ocak 2026 tarihleri aras\u0131nda Almanya&#8217;n\u0131n Essen kentinde d\u00fczenlenen ve ye\u015fil sekt\u00f6r\u00fcn k\u00fcresel bulu\u015fma noktas\u0131 olarak kabul edilen fuarda; bitkiler, \u00fcretim teknolojileri, \u00e7i\u00e7ek\u00e7ilik ve bah\u00e7e aksesuarlar\u0131 alanlar\u0131nda en yeni \u00fcr\u00fcn ve hizmetler sergileniyor. \u0130klim de\u011fi\u015fikli\u011fi ve s\u00fcrd\u00fcr\u00fclebilirlik temalar\u0131n\u0131n \u00f6ne \u00e7\u0131kt\u0131\u011f\u0131 fuar, sahip oldu\u011fu geni\u015f \u00fcr\u00fcn yelpazesi ve yenilik\u00e7i yap\u0131s\u0131yla sekt\u00f6r\u00fcn en \u00f6nemli ticaret platformlar\u0131 aras\u0131nda yer al\u0131yor.<\/p>\n<p>Kestel Belediyesi \u00f6nc\u00fcl\u00fc\u011f\u00fcnde, Kaymakaml\u0131k ve ilgili kurum temsilcilerinin kat\u0131l\u0131m\u0131yla a\u00e7\u0131lan Kestel stand\u0131nda; il\u00e7enin \u00fcretim g\u00fcc\u00fc, eme\u011fi ve vizyonu uluslararas\u0131 ziyaret\u00e7ilerle bulu\u015fturuldu. Fuarda, Kestel&#8217;in s\u00fcs bitkileri \u00fcretimindeki potansiyelini tan\u0131tmak, yeni ihracat pazarlar\u0131na kap\u0131 aralamak ve \u00fcreticilerin d\u0131\u015f pazarlara a\u00e7\u0131lmas\u0131n\u0131 desteklemek amac\u0131yla yo\u011fun temaslar ger\u00e7ekle\u015ftirildi.<\/p>\n<p>Kestel Belediye Ba\u015fkan\u0131 Ferhat Erol, Essen Fuar\u0131&#8217;n\u0131n il\u00e7eye sa\u011flad\u0131\u011f\u0131 katk\u0131ya dikkat \u00e7ekerek \u015fu ifadeleri kulland\u0131: <\/p>\n<p>&#8220;Essen Fuar\u0131, s\u00fcs bitkileri ve bah\u00e7ecilik sekt\u00f6r\u00fcnde d\u00fcnyan\u0131n en \u00f6nemli bulu\u015fma noktalar\u0131ndan biri. Kestel&#8217;imizin \u00fcretim g\u00fcc\u00fcn\u00fc, eme\u011fini ve vizyonunu bu denli prestijli bir platformda temsil etmekten b\u00fcy\u00fck mutluluk duyuyoruz. Bu fuar sayesinde \u00fcreticilerimiz yeni pazarlara ula\u015fma imkan\u0131 buluyor, il\u00e7emizin ihracat potansiyeli her ge\u00e7en g\u00fcn daha da g\u00fc\u00e7leniyor. Yerelden k\u00fcresele uzanan bu yolculukta \u00fcreticilerimize \u00f6nc\u00fcl\u00fck etmek, onlar\u0131n d\u00fcnyaya a\u00e7\u0131lmas\u0131na katk\u0131 sunmak bizler i\u00e7in ayr\u0131 bir gurur kayna\u011f\u0131. Kestel Belediyesi olarak \u00fcretimi desteklemeye, ihracat\u0131 b\u00fcy\u00fctmeye ve il\u00e7emizin ad\u0131n\u0131 uluslararas\u0131 alanda daha g\u00fc\u00e7l\u00fc \u015fekilde duyurmaya devam edece\u011fiz.&#8221; &#8211; BURSA<\/p>\n","protected":false},"excerpt":{"rendered":"<p>Kestel Belediyesi, s\u00fcs bitkileri \u00fcreticileri ile birlikte Almanya&#8217;n\u0131n Essen kentinde d\u00fczenlenen Bah\u00e7ecilik ve S\u00fcs Bitkileri Fuar\u0131&#8217;na kat\u0131ld\u0131. Fuarda Kestel&#8217;in \u00fcretim g\u00fcc\u00fc tan\u0131t\u0131ld\u0131, yeni ihracat f\u0131rsatlar\u0131 arand\u0131.<\/p>\n","protected":false},"author":1,"featured_media":17027,"comment_status":"open","ping_status":"open","sticky":false,"template":"","format":"standard","meta":{"footnotes":""},"categories":[8],"tags":[433,3267,375],"class_list":["post-17026","post","type-post","status-publish","format-standard","has-post-thumbnail","hentry","category-ekonomi","tag-fuar","tag-kestel","tag-uretim"],"_links":{"self":[{"href":"https:\/\/bihavadis.com\/index.php\/wp-json\/wp\/v2\/posts\/17026","targetHints":{"allow":["GET"]}}],"collection":[{"href":"https:\/\/bihavadis.com\/index.php\/wp-json\/wp\/v2\/posts"}],"about":[{"href":"https:\/\/bihavadis.com\/index.php\/wp-json\/wp\/v2\/types\/post"}],"author":[{"embeddable":true,"href":"https:\/\/bihavadis.com\/index.php\/wp-json\/wp\/v2\/users\/1"}],"replies":[{"embeddable":true,"href":"https:\/\/bihavadis.com\/index.php\/wp-json\/wp\/v2\/comments?post=17026"}],"version-history":[{"count":1,"href":"https:\/\/bihavadis.com\/index.php\/wp-json\/wp\/v2\/posts\/17026\/revisions"}],"predecessor-version":[{"id":17028,"href":"https:\/\/bihavadis.com\/index.php\/wp-json\/wp\/v2\/posts\/17026\/revisions\/17028"}],"wp:featuredmedia":[{"embeddable":true,"href":"https:\/\/bihavadis.com\/index.php\/wp-json\/wp\/v2\/media\/17027"}],"wp:attachment":[{"href":"https:\/\/bihavadis.com\/index.php\/wp-json\/wp\/v2\/media?parent=17026"}],"wp:term":[{"taxonomy":"category","embeddable":true,"href":"https:\/\/bihavadis.com\/index.php\/wp-json\/wp\/v2\/categories?post=17026"},{"taxonomy":"post_tag","embeddable":true,"href":"https:\/\/bihavadis.com\/index.php\/wp-json\/wp\/v2\/tags?post=17026"}],"curies":[{"name":"wp","href":"https:\/\/api.w.org\/{rel}","templated":true}]}}