{"id":17069,"date":"2026-02-05T16:39:35","date_gmt":"2026-02-05T16:39:35","guid":{"rendered":"https:\/\/bihavadis.com\/?p=17069"},"modified":"2026-02-05T16:39:35","modified_gmt":"2026-02-05T16:39:35","slug":"arnavutkoyde-yangin-2-kisi-dumandan-etkilendi","status":"publish","type":"post","link":"https:\/\/bihavadis.com\/index.php\/2026\/02\/05\/arnavutkoyde-yangin-2-kisi-dumandan-etkilendi\/","title":{"rendered":"Arnavutk\u00f6y&#8217;de Yang\u0131n: 2 Ki\u015fi Dumandan Etkilendi"},"content":{"rendered":"<p>\n<p>ARNAVUTK\u00d6Y&#8217;de iki katl\u0131 bir evde \u00e7\u0131kan yang\u0131n, itfaiye ekiplerinin m\u00fcdahalesiyle s\u00f6nd\u00fcr\u00fcld\u00fc. Yang\u0131nda evde bulunan 2 ki\u015fi dumandan etkilendi.<\/p>\n<p>Yang\u0131n, saat 14.30 s\u0131ralar\u0131nda Arnavutk\u00f6y \u0130slambey Mahallesi&#8217;nde bulunan iki katl\u0131 bir evde hen\u00fcz belirlenemeyen nedenle \u00e7\u0131kt\u0131. K\u0131sa s\u00fcrede yo\u011fun duman\u0131n t\u00fcm evi sard\u0131\u011f\u0131n\u0131 g\u00f6renler, durumu 112 Acil \u00c7a\u011fr\u0131 Merkezi&#8217;ne bildirdi. \u0130hbar \u00fczerine olay yerine itfaiye, polis ve sa\u011fl\u0131k ekipleri sevk edildi. Polis ekipleri ev ve \u00e7evresinde g\u00fcvenlik \u00f6nlemi al\u0131rken, itfaiye ekipleri alevlere m\u00fcdahale etti. Yang\u0131n, ekiplerin \u00e7al\u0131\u015fmas\u0131 sonucu b\u00fcy\u00fcmeden s\u00f6nd\u00fcr\u00fcld\u00fc. Yang\u0131n s\u0131ras\u0131nda evde bulunan 4 ki\u015filik aileden 2 ki\u015fi dumandan etkilendi. Sa\u011fl\u0131k ekipleri, dumandan etkilenen 2 ki\u015fiye olay yerinde m\u00fcdahale etti. Yang\u0131n\u0131n ilk anlar\u0131nda evden y\u00fckselen yo\u011fun duman, \u00e7evredekiler taraf\u0131ndan cep telefonu kameras\u0131yla kaydedildi. G\u00f6r\u00fcnt\u00fclerde duman\u0131n camlardan ve \u00e7at\u0131 kenarlar\u0131ndan y\u00fckseldi\u011fi g\u00f6r\u00fcld\u00fc. Yang\u0131n\u0131n \u00e7\u0131k\u0131\u015f nedenine ili\u015fkin inceleme ba\u015flat\u0131ld\u0131. <\/p>\n","protected":false},"excerpt":{"rendered":"<p>Arnavutk\u00f6y&#8217;deki evde \u00e7\u0131kan yang\u0131n itfaiye ekiplerince s\u00f6nd\u00fcr\u00fcld\u00fc. 2 ki\u015fi dumandan etkilendi.<\/p>\n","protected":false},"author":1,"featured_media":17070,"comment_status":"open","ping_status":"open","sticky":false,"template":"","format":"standard","meta":{"footnotes":""},"categories":[9,4,13],"tags":[600],"class_list":["post-17069","post","type-post","status-publish","format-standard","has-post-thumbnail","hentry","category-genel","category-gundem","category-son-dakika","tag-yangin"],"_links":{"self":[{"href":"https:\/\/bihavadis.com\/index.php\/wp-json\/wp\/v2\/posts\/17069","targetHints":{"allow":["GET"]}}],"collection":[{"href":"https:\/\/bihavadis.com\/index.php\/wp-json\/wp\/v2\/posts"}],"about":[{"href":"https:\/\/bihavadis.com\/index.php\/wp-json\/wp\/v2\/types\/post"}],"author":[{"embeddable":true,"href":"https:\/\/bihavadis.com\/index.php\/wp-json\/wp\/v2\/users\/1"}],"replies":[{"embeddable":true,"href":"https:\/\/bihavadis.com\/index.php\/wp-json\/wp\/v2\/comments?post=17069"}],"version-history":[{"count":1,"href":"https:\/\/bihavadis.com\/index.php\/wp-json\/wp\/v2\/posts\/17069\/revisions"}],"predecessor-version":[{"id":17071,"href":"https:\/\/bihavadis.com\/index.php\/wp-json\/wp\/v2\/posts\/17069\/revisions\/17071"}],"wp:featuredmedia":[{"embeddable":true,"href":"https:\/\/bihavadis.com\/index.php\/wp-json\/wp\/v2\/media\/17070"}],"wp:attachment":[{"href":"https:\/\/bihavadis.com\/index.php\/wp-json\/wp\/v2\/media?parent=17069"}],"wp:term":[{"taxonomy":"category","embeddable":true,"href":"https:\/\/bihavadis.com\/index.php\/wp-json\/wp\/v2\/categories?post=17069"},{"taxonomy":"post_tag","embeddable":true,"href":"https:\/\/bihavadis.com\/index.php\/wp-json\/wp\/v2\/tags?post=17069"}],"curies":[{"name":"wp","href":"https:\/\/api.w.org\/{rel}","templated":true}]}}