{"id":17079,"date":"2026-02-05T16:45:36","date_gmt":"2026-02-05T16:45:36","guid":{"rendered":"https:\/\/bihavadis.com\/?p=17079"},"modified":"2026-02-05T16:45:36","modified_gmt":"2026-02-05T16:45:36","slug":"adanada-su-baskini-apartmanlar-mahsur-kaldi","status":"publish","type":"post","link":"https:\/\/bihavadis.com\/index.php\/2026\/02\/05\/adanada-su-baskini-apartmanlar-mahsur-kaldi\/","title":{"rendered":"Adana&#8217;da Su Bask\u0131n\u0131: Apartmanlar Mahsur Kald\u0131"},"content":{"rendered":"<p>\n<p>APARTMANIN G\u0130R\u0130\u015e KAPISI SULAR ALTINDA<\/p>\n<p> Adana&#8217;n\u0131n Sar\u0131\u00e7am il\u00e7esinde baz\u0131 evleri su bast\u0131; apartman sakinleri, oturduklar\u0131 binalarda mahsur kald\u0131. \u0130l\u00e7edeki Y\u00f6r\u00fcko\u011flu Apartman\u0131&#8217;n\u0131n bah\u00e7esini su basarken, giri\u015f kap\u0131s\u0131 tamamen su alt\u0131nda kald\u0131. Caddelerdeki ara\u00e7lar da suya g\u00f6m\u00fcld\u00fc.<\/p>\n<p>\u0130\u015e MAK\u0130NELER\u0130YLE KAR\u015eIYA GE\u00c7T\u0130LER<\/p>\n<p>Di\u011fer yandan Y\u00fcre\u011fir Devlet Hastanesi&#8217;nden \u00e7\u0131kan vatanda\u015flar da suyla dolan Mustafa Kemal Pa\u015fa Bulvar\u0131&#8217;nda, yolun kar\u015f\u0131s\u0131na ge\u00e7emedi. B\u00f6lgede suyun tahliyesi i\u00e7in \u00e7al\u0131\u015fma yapan ekipler, vatanda\u015flar\u0131 i\u015f makineleri ile yolun kar\u015f\u0131s\u0131na ge\u00e7irdi.<\/p>\n<p>SULAMA KANALI DOLDU<\/p>\n<p>Ayr\u0131ca Y\u00fcre\u011fir il\u00e7esi Kabaktepe Mahallesi&#8217;nde bir\u00e7ok sokak ile Ye\u015fil Bulvar, sa\u011fanakla birlikte g\u00f6le d\u00f6nd\u00fc. Yayalar i\u015f yerlerine s\u0131\u011f\u0131n\u0131rken, s\u00fcr\u00fcc\u00fcler ara\u00e7lar\u0131 ile trafikte g\u00fc\u00e7l\u00fckle ilerledi. Bulvardaki sulama kanal\u0131ndaki su seviyesi de ta\u015fma noktas\u0131na ula\u015ft\u0131. \u00d6te yandan Adana-Kozan kara yolu K\u0131l\u0131\u00e7l\u0131 mevkisi su ile doldu. 2 otomobil sel sular\u0131 ile s\u00fcr\u00fcklenirken, trafi\u011fin durdu\u011fu yolda ara\u00e7lar\u0131n kald\u0131r\u0131lmas\u0131 i\u00e7in \u00e7al\u0131\u015fma ba\u015flat\u0131ld\u0131. <\/p>\n","protected":false},"excerpt":{"rendered":"<p>Adana&#8217;n\u0131n Sar\u0131\u00e7am il\u00e7esinde su bask\u0131nlar\u0131 nedeniyle apartmanlar ve caddeler sular alt\u0131nda kald\u0131.<\/p>\n","protected":false},"author":1,"featured_media":17080,"comment_status":"open","ping_status":"open","sticky":false,"template":"","format":"standard","meta":{"footnotes":""},"categories":[9,4,13],"tags":[],"class_list":["post-17079","post","type-post","status-publish","format-standard","has-post-thumbnail","hentry","category-genel","category-gundem","category-son-dakika"],"_links":{"self":[{"href":"https:\/\/bihavadis.com\/index.php\/wp-json\/wp\/v2\/posts\/17079","targetHints":{"allow":["GET"]}}],"collection":[{"href":"https:\/\/bihavadis.com\/index.php\/wp-json\/wp\/v2\/posts"}],"about":[{"href":"https:\/\/bihavadis.com\/index.php\/wp-json\/wp\/v2\/types\/post"}],"author":[{"embeddable":true,"href":"https:\/\/bihavadis.com\/index.php\/wp-json\/wp\/v2\/users\/1"}],"replies":[{"embeddable":true,"href":"https:\/\/bihavadis.com\/index.php\/wp-json\/wp\/v2\/comments?post=17079"}],"version-history":[{"count":1,"href":"https:\/\/bihavadis.com\/index.php\/wp-json\/wp\/v2\/posts\/17079\/revisions"}],"predecessor-version":[{"id":17081,"href":"https:\/\/bihavadis.com\/index.php\/wp-json\/wp\/v2\/posts\/17079\/revisions\/17081"}],"wp:featuredmedia":[{"embeddable":true,"href":"https:\/\/bihavadis.com\/index.php\/wp-json\/wp\/v2\/media\/17080"}],"wp:attachment":[{"href":"https:\/\/bihavadis.com\/index.php\/wp-json\/wp\/v2\/media?parent=17079"}],"wp:term":[{"taxonomy":"category","embeddable":true,"href":"https:\/\/bihavadis.com\/index.php\/wp-json\/wp\/v2\/categories?post=17079"},{"taxonomy":"post_tag","embeddable":true,"href":"https:\/\/bihavadis.com\/index.php\/wp-json\/wp\/v2\/tags?post=17079"}],"curies":[{"name":"wp","href":"https:\/\/api.w.org\/{rel}","templated":true}]}}