{"id":17082,"date":"2026-02-05T16:48:09","date_gmt":"2026-02-05T16:48:09","guid":{"rendered":"https:\/\/bihavadis.com\/?p=17082"},"modified":"2026-02-05T16:48:09","modified_gmt":"2026-02-05T16:48:09","slug":"saricamda-sel-tepkisi-dere-yatagina-yapilasma-var-altyapi-yetersiz","status":"publish","type":"post","link":"https:\/\/bihavadis.com\/index.php\/2026\/02\/05\/saricamda-sel-tepkisi-dere-yatagina-yapilasma-var-altyapi-yetersiz\/","title":{"rendered":"Sar\u0131\u00e7am\u2019da sel tepkisi: Dere yata\u011f\u0131na yap\u0131la\u015fma var, altyap\u0131 yetersiz"},"content":{"rendered":"<p>Adana\u2019da cuma g\u00fcn\u00fc etkili olan yo\u011fun ya\u011f\u0131\u015ftan en fazla etkilenen il\u00e7elerden biri merkez Sar\u0131\u00e7am oldu. \u015eiddetli sa\u011fanak nedeniyle baz\u0131 l\u00fcks sitelerin bah\u00e7eleri sular alt\u0131nda kal\u0131rken, park halindeki ara\u00e7lar da zarar g\u00f6rd\u00fc.<\/p>\n<p><strong>HER YA\u011eMURDA AYNI MANZARA<\/strong><\/p>\n<p>\u0130l\u00e7ede ya\u015fayan vatanda\u015flar, her kuvvetli ya\u011f\u0131\u015f\u0131n ard\u0131ndan benzer g\u00f6r\u00fcnt\u00fclerin ortaya \u00e7\u0131kt\u0131\u011f\u0131n\u0131 belirtti. Ya\u011f\u0131\u015f sonras\u0131 dere yata\u011f\u0131na yap\u0131lan su kanal\u0131n\u0131n yetersiz kald\u0131\u011f\u0131, kanal \u00e7evresinde toprak kaymalar\u0131 ve heyelanlar\u0131n meydana geldi\u011fi g\u00f6zlemlendi. Uzmanlar, b\u00f6lgedeki yo\u011fun yap\u0131la\u015fman\u0131n ta\u015fk\u0131n riskini art\u0131rd\u0131\u011f\u0131na dikkat \u00e7ekti.<\/p>\n<p><img decoding=\"async\" src=\"https:\/\/bihavadis.com\/wp-content\/uploads\/2026\/02\/saricamda-sel-tepkisi-dere-yatagina-yapilasma-var-altyapi-yetersiz-0-AfHLNnea.jpg\"\/><\/p>\n<p><strong>&#8220;\u015eEH\u0130R PLANLAMASINDA C\u0130DD\u0130 EKS\u0130KLER VAR&#8221;<\/strong><\/p>\n<p>Sar\u0131\u00e7am\u2019da ya\u015fayan Avukat Yusuf \u00d6zer, ya\u015fanan sorunun temelinde planlama eksikli\u011fi bulundu\u011funu ifade ederek,<b><em> \u201cBir \u015fehir planlan\u0131rken uzun y\u0131llara dayanan veriler dikkate al\u0131n\u0131r. Sar\u0131\u00e7am ise kentin en yeni il\u00e7elerinden biri olmas\u0131na ra\u011fmen k\u0131sa s\u00fcrede ayn\u0131 sorunlar\u0131 defalarca ya\u015f\u0131yor\u201d<\/em><\/b> dedi.<\/p>\n<p><strong>DERE YATAKLARINDAK\u0130 YAPILA\u015eMA TEHL\u0130KE SA\u00c7IYOR<\/strong><\/p>\n<p>Dere yataklar\u0131n\u0131n yap\u0131la\u015fmaya a\u00e7\u0131lmas\u0131n\u0131n b\u00fcy\u00fck risk olu\u015fturdu\u011funu vurgulayan \u00d6zer, bu alanlar\u0131n bo\u015f b\u0131rak\u0131lmas\u0131 gerekti\u011fini belirterek, dere yataklar\u0131n\u0131n devam\u0131ndaki tar\u0131m alanlar\u0131nda da yap\u0131la\u015fman\u0131n artmas\u0131n\u0131n her ya\u011f\u0131\u015fta ta\u015fk\u0131nlara yol a\u00e7t\u0131\u011f\u0131n\u0131 s\u00f6yledi.<\/p>\n<p><img decoding=\"async\" src=\"https:\/\/bihavadis.com\/wp-content\/uploads\/2026\/02\/saricamda-sel-tepkisi-dere-yatagina-yapilasma-var-altyapi-yetersiz-1-hXsi2V2I.jpg\"\/><\/p>\n<p><strong>&#8220;B\u00dcY\u00dcK B\u0130R SELDE CAN KAYBI KA\u00c7INILMAZ OLAB\u0130L\u0130R&#8221;<\/strong><\/p>\n<p>2009 y\u0131l\u0131nda \u0130stanbul\u2019da Ayamama Deresi\u2019nde ya\u015fanan sel felaketini hat\u0131rlatan \u00d6zer, benzer bir durumun Sar\u0131\u00e7am\u2019da da ya\u015fanabilece\u011fi uyar\u0131s\u0131nda bulunarak, kuvvetli bir selde ciddi can kay\u0131plar\u0131n\u0131n olabilece\u011fini dile getirdi.<\/p>\n<p><strong>SORUN YA\u011eMUR DE\u011e\u0130L, ALTYAPI<\/strong><\/p>\n<p>Sorunun ya\u011f\u0131\u015f miktar\u0131ndan \u00e7ok suyun y\u00f6netilememesi oldu\u011funu savunan \u00d6zer, <em><b>\u201cCadde ve sokaklar\u0131n b\u00fcy\u00fck b\u00f6l\u00fcm\u00fc beton ve asfaltla kapl\u0131. Suyun emilece\u011fi alan yok. Dere yataklar\u0131 da kapat\u0131l\u0131nca ya\u011fmur suyu akacak yer bulam\u0131yor ve binalar\u0131 bas\u0131yor\u201d<\/b><\/em> ifadelerini kulland\u0131.<\/p>\n<p><img decoding=\"async\" src=\"https:\/\/bihavadis.com\/wp-content\/uploads\/2026\/02\/saricamda-sel-tepkisi-dere-yatagina-yapilasma-var-altyapi-yetersiz-2-QeaBg6m9.jpg\"\/><\/p>\n<p><strong>&#8220;ALTYAPI BU YA\u011eI\u015eI KALDIRAMADI&#8221;<\/strong><\/p>\n<p>Sar\u0131\u00e7am\u2019\u0131n Adana\u2019n\u0131n y\u00fcksek kesimlerinden biri oldu\u011funa dikkat \u00e7eken \u00d6zer, il\u00e7enin yakla\u015f\u0131k 63 metre rak\u0131ma sahip oldu\u011funu belirtti. Ya\u011fmur suyu ile kanalizasyon hatlar\u0131n\u0131n ayn\u0131 noktaya ba\u011fland\u0131\u011f\u0131n\u0131 ifade eden \u00d6zer, altyap\u0131n\u0131n saatlik 25\u201330 kilogram ya\u011f\u0131\u015fa g\u00f6re planland\u0131\u011f\u0131n\u0131, metrekareye 138 kilogram ya\u011f\u0131\u015f d\u00fc\u015fmesiyle ta\u015fk\u0131nlar\u0131n ka\u00e7\u0131n\u0131lmaz hale geldi\u011fini s\u00f6yledi.<\/p>\n<p><img decoding=\"async\" src=\"https:\/\/bihavadis.com\/wp-content\/uploads\/2026\/02\/saricamda-sel-tepkisi-dere-yatagina-yapilasma-var-altyapi-yetersiz-3-CPnADqzG.jpg\"\/><\/p>\n<p><img decoding=\"async\" src=\"https:\/\/bihavadis.com\/wp-content\/uploads\/2026\/02\/saricamda-sel-tepkisi-dere-yatagina-yapilasma-var-altyapi-yetersiz-4-5MfRxQfg.jpg\"\/><\/p>\n","protected":false},"excerpt":{"rendered":"<p>Metrekareye 138 kilogram ya\u011f\u0131\u015f\u0131n d\u00fc\u015ft\u00fc\u011f\u00fc sa\u011fanak sonras\u0131 Sar\u0131\u00e7am il\u00e7esinde l\u00fcks siteler d\u00e2hil bir\u00e7ok alan\u0131 su bast\u0131. Dere yataklar\u0131na yap\u0131lan yap\u0131la\u015fma ve yetersiz altyap\u0131, mahalle sakinlerinin tepkisine neden oldu.<\/p>\n","protected":false},"author":1,"featured_media":17083,"comment_status":"open","ping_status":"open","sticky":false,"template":"","format":"standard","meta":{"footnotes":""},"categories":[4,13],"tags":[1167,1474,3271,1165],"class_list":["post-17082","post","type-post","status-publish","format-standard","has-post-thumbnail","hentry","category-gundem","category-son-dakika","tag-dere","tag-ozer","tag-saricam","tag-yagis"],"_links":{"self":[{"href":"https:\/\/bihavadis.com\/index.php\/wp-json\/wp\/v2\/posts\/17082","targetHints":{"allow":["GET"]}}],"collection":[{"href":"https:\/\/bihavadis.com\/index.php\/wp-json\/wp\/v2\/posts"}],"about":[{"href":"https:\/\/bihavadis.com\/index.php\/wp-json\/wp\/v2\/types\/post"}],"author":[{"embeddable":true,"href":"https:\/\/bihavadis.com\/index.php\/wp-json\/wp\/v2\/users\/1"}],"replies":[{"embeddable":true,"href":"https:\/\/bihavadis.com\/index.php\/wp-json\/wp\/v2\/comments?post=17082"}],"version-history":[{"count":1,"href":"https:\/\/bihavadis.com\/index.php\/wp-json\/wp\/v2\/posts\/17082\/revisions"}],"predecessor-version":[{"id":17089,"href":"https:\/\/bihavadis.com\/index.php\/wp-json\/wp\/v2\/posts\/17082\/revisions\/17089"}],"wp:featuredmedia":[{"embeddable":true,"href":"https:\/\/bihavadis.com\/index.php\/wp-json\/wp\/v2\/media\/17083"}],"wp:attachment":[{"href":"https:\/\/bihavadis.com\/index.php\/wp-json\/wp\/v2\/media?parent=17082"}],"wp:term":[{"taxonomy":"category","embeddable":true,"href":"https:\/\/bihavadis.com\/index.php\/wp-json\/wp\/v2\/categories?post=17082"},{"taxonomy":"post_tag","embeddable":true,"href":"https:\/\/bihavadis.com\/index.php\/wp-json\/wp\/v2\/tags?post=17082"}],"curies":[{"name":"wp","href":"https:\/\/api.w.org\/{rel}","templated":true}]}}