{"id":17145,"date":"2026-02-05T17:33:05","date_gmt":"2026-02-05T17:33:05","guid":{"rendered":"https:\/\/bihavadis.com\/?p=17145"},"modified":"2026-02-05T17:33:05","modified_gmt":"2026-02-05T17:33:05","slug":"bakan-isikhan-tuik-verilene-gore-issizlik-orani-son-25-yilin-en-dusuk-seviyesinde","status":"publish","type":"post","link":"https:\/\/bihavadis.com\/index.php\/2026\/02\/05\/bakan-isikhan-tuik-verilene-gore-issizlik-orani-son-25-yilin-en-dusuk-seviyesinde\/","title":{"rendered":"Bakan I\u015f\u0131khan: &#8220;T\u00dc\u0130K verilene g\u00f6re i\u015fsizlik oran\u0131 son 25 y\u0131l\u0131n en d\u00fc\u015f\u00fck seviyesinde&#8221;"},"content":{"rendered":"<p>\u00c7al\u0131\u015fma ve Sosyal G\u00fcvenlik Bakan\u0131 Vedat I\u015f\u0131khan, T\u00dc\u0130K taraf\u0131ndan a\u00e7\u0131klanan 2025 Aral\u0131k ay\u0131 i\u015fg\u00fcc\u00fc istatistiklerine g\u00f6re i\u015fsizlik oran\u0131n\u0131n son 25 y\u0131l\u0131n en d\u00fc\u015f\u00fck seviyesine geriledi\u011fini ifade ederek, &#8220;A\u00e7\u0131klanan bu veriler bize \u015funu \u00e7ok net bir \u015fekilde g\u00f6steriyor; dezenflasyon politikalar\u0131n\u0131 kararl\u0131l\u0131kla uygularken, \u00e7al\u0131\u015fma hayat\u0131n\u0131 asla ihmal etmedik&#8221; dedi.<\/p>\n<p>\u00c7al\u0131\u015fma ve Sosyal G\u00fcvenlik Bakan\u0131 Vedat I\u015f\u0131khan, AK Parti Ordu \u0130l Ba\u015fkanl\u0131\u011f\u0131 taraf\u0131ndan d\u00fczenlenen \u0130l Dan\u0131\u015fma Meclisi Toplant\u0131s\u0131na kat\u0131ld\u0131. \u0130l Ba\u015fkanl\u0131\u011f\u0131 toplant\u0131 salonunda d\u00fczenlenen programda Bakan I\u015f\u0131khan, g\u00fcndeme dair a\u00e7\u0131klamalarda bulundu.<\/p>\n<p>&#8220;\u0130\u015fsizlik son 25 y\u0131l\u0131n en d\u00fc\u015f\u00fck seviyesinde&#8221;<\/p>\n<p>Bakan I\u015f\u0131khan, T\u00dc\u0130K taraf\u0131ndan a\u00e7\u0131klanan 2025 Aral\u0131k ay\u0131 i\u015fg\u00fcc\u00fc istatistiklerine g\u00f6re, i\u015fsizlik oran\u0131n\u0131n son 25 y\u0131l\u0131n en d\u00fc\u015f\u00fck seviyesine geriledi\u011fini belirterek, &#8220;\u0130\u015fsizlik oran\u0131, 2025 y\u0131l\u0131 aral\u0131k ay\u0131nda, bir \u00f6nceki aya g\u00f6re 0,8 puan azalarak y\u00fczde 7,7 seviyesinde ger\u00e7ekle\u015fti. B\u00f6ylelikle i\u015fsizlik oran\u0131, hem 25 y\u0131l\u0131n en d\u00fc\u015f\u00fck seviyesine geriledi, hem de 32 ayd\u0131r tekli hanelerdeki seyrini s\u00fcrd\u00fcr\u00fcyor. A\u00e7\u0131klanan bu veriler bize \u015funu \u00e7ok net bir \u015fekilde g\u00f6steriyor; dezenflasyon politikalar\u0131n\u0131 kararl\u0131l\u0131kla uygularken, \u00e7al\u0131\u015fma hayat\u0131n\u0131 asla ihmal etmedik. Tam tersine Cumhurba\u015fkan\u0131m\u0131z\u0131n riyasetinde istihdam\u0131 b\u00fcy\u00fcten, i\u015fsizli\u011fi kal\u0131c\u0131 bi\u00e7imde azaltan dengeli bir politika y\u00fcr\u00fctt\u00fc\u011f\u00fcm\u00fcz\u00fc g\u00f6r\u00fcyoruz. \u00d6zellikle gen\u00e7lerin ve kad\u0131nlar\u0131n, i\u015fg\u00fcc\u00fcne ve \u00fcretime etkin kat\u0131l\u0131m\u0131n\u0131 sa\u011flamak i\u00e7in gayret ediyoruz. Uygulad\u0131\u011f\u0131m\u0131z i\u015f pozitif gibi programlar\u0131n da etkisiyle kad\u0131nlarda i\u015fsizlik oran\u0131, bir \u00f6nceki aya g\u00f6re 1,1 puan azalarak y\u00fczde 10,5 ile 2013 y\u0131l\u0131ndan bu yana en d\u00fc\u015f\u00fck seviyesine geriledi. 15-24 ya\u015f grubunu kapsayan gen\u00e7 n\u00fcfusta i\u015fsizlik oran\u0131, ayn\u0131 d\u00f6nemde 1,1 puan azalarak y\u00fczde 14,1&#8217;e geriledi&#8221; diye konu\u015ftu.<\/p>\n<p>&#8220;3 y\u0131lda 3 milyon gencimizin istihdama kat\u0131lmas\u0131n\u0131 sa\u011flayaca\u011f\u0131z&#8221;<\/p>\n<p>Gen\u00e7lerin kal\u0131c\u0131, kay\u0131tl\u0131 ve nitelikli istihdam i\u00e7erisinde yer almas\u0131n\u0131 sa\u011flamak amac\u0131yla, ocak ay\u0131n\u0131n ba\u015f\u0131nda &#8216;Gen\u00e7 \u0130stihdam Hamlesi &#8211; G\u00dc\u00c7 Program\u0131&#8217;n\u0131 hayata ge\u00e7irdiklerini ve proje kapsam\u0131nda 3 y\u0131lda 3 milyon gencin istihdama kat\u0131lmas\u0131n\u0131 sa\u011flayacaklar\u0131n\u0131 kaydeden Bakan I\u015f\u0131khan, &#8220;Bu alanda da tarihimizin en \u00f6nemli at\u0131l\u0131mlar\u0131ndan birini yapm\u0131\u015f olaca\u011f\u0131z. Kad\u0131nlarda ve gen\u00e7lerde elde edilen tarihi iyile\u015fmeler, i\u015f pozitif ve gen\u00e7 istihdam hamlesi gibi programlarla \u00fcretime daha fazla insan\u0131 dahil etti\u011fimizi ortaya koyuyor&#8221; ifadelerine yer verdi.<\/p>\n<p>&#8220;\u0130\u015fg\u00fcc\u00fc Uyum Program\u0131m\u0131zla, bu d\u00f6nemde T\u00fcrkiye genelinde 50 bini a\u015fk\u0131n kontenjan tan\u0131mlayaca\u011f\u0131z&#8221;<\/p>\n<p>&#8220;\u00c7al\u0131\u015fma ve Sosyal G\u00fcvenlik Bakanl\u0131\u011f\u0131 olarak; \u00e7al\u0131\u015fma hayat\u0131n\u0131 geli\u015ftirme ve sosyal g\u00fcvenlik sistemimizi g\u00fc\u00e7lendirmek i\u00e7in var g\u00fcc\u00fcm\u00fczle \u00e7al\u0131\u015f\u0131yoruz&#8221; diyen Bakan I\u015f\u0131khan, &#8220;En son ge\u00e7en g\u00fcnlerde Cumhurba\u015fkan\u0131m\u0131z\u0131n te\u015frifleriyle Gen\u00e7li\u011fin \u00dcretim \u00c7a\u011f\u0131- G\u00dc\u00c7 program\u0131m\u0131z\u0131 duyurduk. Gen\u00e7lerin e\u011fitimden kopmadan, i\u015fg\u00fcc\u00fc piyasas\u0131na g\u00fc\u00e7l\u00fc ve kal\u0131c\u0131 bi\u00e7imde kat\u0131lmas\u0131n\u0131 sa\u011flamak amac\u0131yla hayata ge\u00e7irdi\u011fimiz bu programla gen\u00e7lerimizi stajdan ilk i\u015fe, meslek lisesinden \u00fcniversiteye ve \u00f6zel sekt\u00f6re uzanan kapsaml\u0131 bir istihdama te\u015fvik etmek amac\u0131nday\u0131z. G\u00fc\u00e7 program\u0131m\u0131z\u0131n Ordulu gen\u00e7lerimize ve giri\u015fimcilerimize ciddi bir motivasyon olaca\u011f\u0131na inan\u0131yorum. Ayr\u0131ca bug\u00fcn Ordu&#8217;ya bir m\u00fcjde daha vermek istiyorum. Aktif i\u015fg\u00fcc\u00fc programlar\u0131m\u0131zdan \u00f6nemli bir ad\u0131m olarak hayata ge\u00e7irdi\u011fimiz \u0130\u015fg\u00fcc\u00fc Uyum Program\u0131m\u0131zla, bu d\u00f6nemde T\u00fcrkiye genelinde 50 bini a\u015fk\u0131n kontenjan tan\u0131mlayaca\u011f\u0131z&#8221; \u015feklinde konu\u015ftu.<\/p>\n<p>Bu kapsamda Ordu&#8217;ya 2 bin 750 \u0130\u015fg\u00fcc\u00fc Uyum Program\u0131 (\u0130UP) kontenjan\u0131 tan\u0131mlad\u0131klar\u0131n\u0131 s\u00f6yleyen Bakan I\u015f\u0131khan, salondaki vatanda\u015flar\u0131n \u0131srar\u0131 \u00fczerine bu rakam\u0131 3 bin 552&#8217;ye y\u00fckselttiklerini ifade etti.<\/p>\n<p>CHP&#8217;li belediyeleri a\u00e7\u0131klamas\u0131<\/p>\n<p>Bakan I\u015f\u0131khan, AK Parti olarak s\u00fcrekli hizmet etmeye \u00e7al\u0131\u015ft\u0131klar\u0131n\u0131 ancak baz\u0131lar\u0131n\u0131n bu hizmetlere ta\u015f koymaya \u00e7al\u0131\u015ft\u0131\u011f\u0131n\u0131 dikkat \u00e7ekerek, &#8220;Biz y\u0131llard\u0131r yorulmadan ve dinlenmeden \u00fclkemizin istikbali i\u00e7in \u00e7al\u0131\u015f\u0131rken, birilerinin de maalesef y\u0131llarca yine yorulmadan ve dinlenmeden milletin al\u0131n terini ve eme\u011fini, hakk\u0131n\u0131 \u00e7alma, gasp etme derdinde oldu\u011funa \u015fahit olduk, olmaya da devam ediyoruz. T\u00fcrkiye, gelecek y\u00fczy\u0131la damgas\u0131n\u0131 vurmaya haz\u0131rlan\u0131rken, i\u00e7 g\u00fcndemimizin halen CHP&#8217;li belediyelerde \u00f6denmeyen i\u015f\u00e7i maa\u015flar\u0131, \u00e7ar\u00e7ur edilen belediye b\u00fct\u00e7eleri, akmayan sular, da\u011flara d\u00f6n\u00fc\u015fen \u00e7\u00f6pler olmas\u0131 son derece vahim ve utan\u00e7 verici bir durum&#8221; dedi.<\/p>\n<p>&#8220;2026 T\u00fcrkiye&#8217;sinde halen 1970 y\u0131llar\u0131n\u0131n sorunlar\u0131n\u0131 konu\u015fuyor olmam\u0131z y\u00fcz k\u0131zart\u0131c\u0131&#8221;<\/p>\n<p>Konu\u015fmas\u0131nda CHP&#8217;li belediyelerin y\u00f6netimlerini ele\u015ftiren Bakan I\u015f\u0131khan, &#8220;2026 y\u0131l\u0131n\u0131n T\u00fcrkiye&#8217;sinde halen 1970&#8217;lerin sorunlar\u0131n\u0131n konu\u015fuluyor olmas\u0131 da y\u00fcz k\u0131zart\u0131c\u0131 bir hadisedir. Maalesef CHP&#8217;li belediyelerin beceriksiz y\u00f6netimleri y\u00fcz\u00fcnden her g\u00fcn yeni bir rezalete, skandala uyan\u0131yoruz. \u0130\u015f\u00e7inin ve emek\u00e7inin hakk\u0131n\u0131 s\u00f6m\u00fcrerek, her g\u00fcn yeni bir rezilli\u011fe imza att\u0131klar\u0131 yetmiyormu\u015f gibi bir de utanmadan ve s\u0131k\u0131lmadan milletin lehine olan her hizmeti ele\u015ftirmek, yalanla ve iftirayla yap\u0131lan\u0131 y\u0131kmak derdindeler. T\u00fcy\u00fc bitmemi\u015f yetimin hakk\u0131n\u0131 tatillerde \u00e7ar\u00e7ur ederken, maalesef y\u00fczler k\u0131zarm\u0131yor. Bizler vatanda\u015flar\u0131m\u0131za kar\u015f\u0131 sorumluluklar\u0131m\u0131z\u0131 yerine getirmenin hakl\u0131 gayreti i\u00e7erisindeyiz. T\u00fcrkiye olarak hedefimiz, \u00fclkemizi b\u00fcy\u00fctecek 100 y\u0131ll\u0131k planlar yaparken, bu kutlu y\u00fcr\u00fcy\u00fc\u015f\u00fcm\u00fcze engel olacak t\u00fcm bu sorunlar\u0131 bertaraf ederek, T\u00fcrkiye Y\u00fczy\u0131l\u0131 vizyonumuzu ger\u00e7ekle\u015ftirmek&#8221; \u015feklinde konu\u015ftu.<\/p>\n<p>Programda, \u0130Y\u0130 Parti&#8217;den AK Parti&#8217;ye ge\u00e7en Akku\u015f Belediyesi Meclis \u00dcyeleri Turhan Y\u0131ld\u0131z ve Hasan Ta\u015f\u00e7\u0131&#8217;ya rozetleri Bakan I\u015f\u0131khan taraf\u0131ndan tak\u0131ld\u0131. &#8211; ORDU<\/p>\n","protected":false},"excerpt":{"rendered":"<p>\u00c7al\u0131\u015fma ve Sosyal G\u00fcvenlik Bakan\u0131 Vedat I\u015f\u0131khan, T\u00dc\u0130K taraf\u0131ndan a\u00e7\u0131klanan 2025 Aral\u0131k ay\u0131 i\u015fg\u00fcc\u00fc istatistiklerine g\u00f6re i\u015fsizlik oran\u0131n\u0131n son 25 y\u0131l\u0131n en d\u00fc\u015f\u00fck seviyesine geriledi\u011fini ifade ederek, &#8220;A\u00e7\u0131klanan bu veriler bize \u015funu \u00e7ok net bir \u015fekilde g\u00f6steriyor;<\/p>\n","protected":false},"author":1,"featured_media":17146,"comment_status":"open","ping_status":"open","sticky":false,"template":"","format":"standard","meta":{"footnotes":""},"categories":[8],"tags":[340,1355,416,197,682],"class_list":["post-17145","post","type-post","status-publish","format-standard","has-post-thumbnail","hentry","category-ekonomi","tag-genc","tag-isgucu","tag-istihdam","tag-turkiye","tag-yuz"],"_links":{"self":[{"href":"https:\/\/bihavadis.com\/index.php\/wp-json\/wp\/v2\/posts\/17145","targetHints":{"allow":["GET"]}}],"collection":[{"href":"https:\/\/bihavadis.com\/index.php\/wp-json\/wp\/v2\/posts"}],"about":[{"href":"https:\/\/bihavadis.com\/index.php\/wp-json\/wp\/v2\/types\/post"}],"author":[{"embeddable":true,"href":"https:\/\/bihavadis.com\/index.php\/wp-json\/wp\/v2\/users\/1"}],"replies":[{"embeddable":true,"href":"https:\/\/bihavadis.com\/index.php\/wp-json\/wp\/v2\/comments?post=17145"}],"version-history":[{"count":1,"href":"https:\/\/bihavadis.com\/index.php\/wp-json\/wp\/v2\/posts\/17145\/revisions"}],"predecessor-version":[{"id":17147,"href":"https:\/\/bihavadis.com\/index.php\/wp-json\/wp\/v2\/posts\/17145\/revisions\/17147"}],"wp:featuredmedia":[{"embeddable":true,"href":"https:\/\/bihavadis.com\/index.php\/wp-json\/wp\/v2\/media\/17146"}],"wp:attachment":[{"href":"https:\/\/bihavadis.com\/index.php\/wp-json\/wp\/v2\/media?parent=17145"}],"wp:term":[{"taxonomy":"category","embeddable":true,"href":"https:\/\/bihavadis.com\/index.php\/wp-json\/wp\/v2\/categories?post=17145"},{"taxonomy":"post_tag","embeddable":true,"href":"https:\/\/bihavadis.com\/index.php\/wp-json\/wp\/v2\/tags?post=17145"}],"curies":[{"name":"wp","href":"https:\/\/api.w.org\/{rel}","templated":true}]}}