{"id":17148,"date":"2026-02-05T17:45:04","date_gmt":"2026-02-05T17:45:04","guid":{"rendered":"https:\/\/bihavadis.com\/?p=17148"},"modified":"2026-02-05T17:45:04","modified_gmt":"2026-02-05T17:45:04","slug":"norvec-kraliyet-ailesinde-kriz-veliaht-prensesin-oglu-hakim-karsisinda","status":"publish","type":"post","link":"https:\/\/bihavadis.com\/index.php\/2026\/02\/05\/norvec-kraliyet-ailesinde-kriz-veliaht-prensesin-oglu-hakim-karsisinda\/","title":{"rendered":"Norve\u00e7 kraliyet ailesinde kriz: Veliaht Prensesin o\u011flu hakim kar\u015f\u0131s\u0131nda"},"content":{"rendered":"<p>Norve\u00e7 kraliyet ailesinde dikkat \u00e7eken olay&#8230;<\/p>\n<p>Oslo B\u00f6lge Mahkemesinde sal\u0131 g\u00fcn\u00fc ba\u015flayan yedi haftal\u0131k dava, son y\u0131llar\u0131n en \u00e7ok ses getiren yarg\u0131 s\u00fcreci olarak nitelendiriliyor.<\/p>\n<p>Dava \u00f6ncesinde 29 ya\u015f\u0131ndaki Hoiby\u2019nin, darp, b\u0131\u00e7akla tehdit ve uzakla\u015ft\u0131rma karar\u0131n\u0131 ihlal \u015f\u00fcphesiyle yeniden g\u00f6zalt\u0131na al\u0131nmas\u0131 ve tutuklu yarg\u0131lanmas\u0131na karar verilmesi gerginli\u011fi art\u0131r\u0131yor.<\/p>\n<p><strong>A\u011eIR SU\u00c7LAMALAR VE HAP\u0130S \u0130STEM\u0130<\/strong><\/p>\n<p>Marius Borg Hoiby, aralar\u0131nda cinsel sald\u0131r\u0131, darp ve uyu\u015fturucu ka\u00e7ak\u00e7\u0131l\u0131\u011f\u0131n\u0131n da bulundu\u011fu toplam 38 farkl\u0131 su\u00e7lamayla kar\u015f\u0131 kar\u015f\u0131ya bulunuyor.<\/p>\n<p>\u0130ddianamede, bilinci yerinde olmayan kad\u0131nlara y\u00f6nelik cinsel sald\u0131r\u0131lar\u0131n yan\u0131 s\u0131ra eski partnerlerine y\u00f6nelik sistematik \u015fiddet ve tehdit su\u00e7lamalar\u0131 yer al\u0131yor.<\/p>\n<p>Savunma ekibi, Hoiby\u2019nin cinsel istismar ve a\u011f\u0131r \u015fiddet su\u00e7lamalar\u0131n\u0131 reddetti\u011fini, ancak baz\u0131 k\u00fc\u00e7\u00fck \u00e7apl\u0131 su\u00e7lar\u0131 ve e\u015fyalara zarar verme eylemini kabul etti\u011fini belirtiyor.<\/p>\n<p>Su\u00e7lu bulunmas\u0131 halinde Hoiby\u2019nin en az 10 y\u0131l hapis cezas\u0131 alabilece\u011fi ifade ediliyor.<\/p>\n<p><img decoding=\"async\" src=\"https:\/\/bihavadis.com\/wp-content\/uploads\/2026\/02\/norvec-kraliyet-ailesinde-kriz-veliaht-prensesin-oglu-hakim-karsisinda-0-nYJ7ajby.jpg\"\/><\/p>\n<p><strong>KRAL\u0130YET A\u0130LES\u0130 \u00dcZER\u0130NDE EPSTE\u0130N G\u00d6LGES\u0130<\/strong><\/p>\n<p>BBC&#8217;nin haberine g\u00f6re yarg\u0131 s\u00fcreci devam ederken, Veliaht Prenses Mette-Marit\u2019e y\u00f6nelik ele\u015ftiriler de t\u0131rman\u0131yor.<\/p>\n<p>Prensesin, h\u00fck\u00fcm giymi\u015f cinsel su\u00e7lu Jeffrey Epstein ile ge\u00e7mi\u015fte yo\u011fun ileti\u015fim kurdu\u011funa dair y\u00fczlerce e-postan\u0131n ortaya \u00e7\u0131kmas\u0131 kamuoyunda tepkiye yol a\u00e7t\u0131.<\/p>\n<p>Mette-Marit <em><b>&#8220;muhakeme hatas\u0131&#8221;<\/b><\/em> yapt\u0131\u011f\u0131n\u0131 kabul etse de baz\u0131 kurumlar prensesle olan ba\u011flar\u0131n\u0131 kesmeye ba\u015flad\u0131.<\/p>\n<p>Norve\u00e7 Kraliyet Ailesi \u00fcyelerinin mahkeme salonunda yer almayaca\u011f\u0131 bildirilirken, Kral 5. Harald ve Krali\u00e7e Sonja\u2019n\u0131n K\u0131\u015f Olimpiyatlar\u0131 i\u00e7in \u0130talya\u2019ya gidecek olmas\u0131 bu s\u00fcre\u00e7teki izolasyon hissini g\u00fc\u00e7lendiriyor.<\/p>\n<p><strong>SIKI G\u00dcVENL\u0130K VE YAYIN YASA\u011eI<\/strong><\/p>\n<p>Duru\u015fmalar\u0131n yap\u0131ld\u0131\u011f\u0131 Oslo B\u00f6lge Mahkemesi \u00e7evresinde ve i\u00e7inde ola\u011fan\u00fcst\u00fc g\u00fcvenlik \u00f6nlemleri uygulan\u0131yor.<\/p>\n<p>Mahkeme, Hoiby\u2019nin i\u00e7eride veya d\u0131\u015far\u0131da foto\u011fraf\u0131n\u0131n \u00e7ekilmesine ve ma\u011fdur oldu\u011fu iddia edilen d\u00f6rt kad\u0131n\u0131n kimli\u011fini de\u015fifre edecek herhangi bir ayr\u0131nt\u0131n\u0131n payla\u015f\u0131lmas\u0131na kesin yasak getirdi.<\/p>\n<p>Veliaht Prens Haakon\u2019un \u00fcvey o\u011flu olan ancak resmi bir kraliyet unvan\u0131 bulunmayan Hoiby\u2019nin \u00e7ar\u015famba g\u00fcn\u00fc ilk kez ifade vermesi bekleniyor.<\/p>\n","protected":false},"excerpt":{"rendered":"<p>Norve\u00e7 Veliaht Prensesi Mette-Marit\u2019in o\u011flu Marius Borg Hoiby, Oslo\u2019da bir kad\u0131n\u0131n dairesinde ya\u015fanan \u015fiddet olay\u0131n\u0131n ard\u0131ndan ba\u015flayan s\u00fcre\u00e7te hakim kar\u015f\u0131s\u0131na \u00e7\u0131k\u0131yor.<\/p>\n","protected":false},"author":1,"featured_media":17149,"comment_status":"open","ping_status":"open","sticky":false,"template":"","format":"standard","meta":{"footnotes":""},"categories":[6],"tags":[2488],"class_list":["post-17148","post","type-post","status-publish","format-standard","has-post-thumbnail","hentry","category-dunya","tag-kral"],"_links":{"self":[{"href":"https:\/\/bihavadis.com\/index.php\/wp-json\/wp\/v2\/posts\/17148","targetHints":{"allow":["GET"]}}],"collection":[{"href":"https:\/\/bihavadis.com\/index.php\/wp-json\/wp\/v2\/posts"}],"about":[{"href":"https:\/\/bihavadis.com\/index.php\/wp-json\/wp\/v2\/types\/post"}],"author":[{"embeddable":true,"href":"https:\/\/bihavadis.com\/index.php\/wp-json\/wp\/v2\/users\/1"}],"replies":[{"embeddable":true,"href":"https:\/\/bihavadis.com\/index.php\/wp-json\/wp\/v2\/comments?post=17148"}],"version-history":[{"count":1,"href":"https:\/\/bihavadis.com\/index.php\/wp-json\/wp\/v2\/posts\/17148\/revisions"}],"predecessor-version":[{"id":17151,"href":"https:\/\/bihavadis.com\/index.php\/wp-json\/wp\/v2\/posts\/17148\/revisions\/17151"}],"wp:featuredmedia":[{"embeddable":true,"href":"https:\/\/bihavadis.com\/index.php\/wp-json\/wp\/v2\/media\/17149"}],"wp:attachment":[{"href":"https:\/\/bihavadis.com\/index.php\/wp-json\/wp\/v2\/media?parent=17148"}],"wp:term":[{"taxonomy":"category","embeddable":true,"href":"https:\/\/bihavadis.com\/index.php\/wp-json\/wp\/v2\/categories?post=17148"},{"taxonomy":"post_tag","embeddable":true,"href":"https:\/\/bihavadis.com\/index.php\/wp-json\/wp\/v2\/tags?post=17148"}],"curies":[{"name":"wp","href":"https:\/\/api.w.org\/{rel}","templated":true}]}}