{"id":17170,"date":"2026-02-05T18:03:05","date_gmt":"2026-02-05T18:03:05","guid":{"rendered":"https:\/\/bihavadis.com\/?p=17170"},"modified":"2026-02-05T18:03:05","modified_gmt":"2026-02-05T18:03:05","slug":"nba-all-stara-secilmeyen-alperen-sengunden-39-sayilik-performans","status":"publish","type":"post","link":"https:\/\/bihavadis.com\/index.php\/2026\/02\/05\/nba-all-stara-secilmeyen-alperen-sengunden-39-sayilik-performans\/","title":{"rendered":"NBA All-Star&#8217;a se\u00e7ilmeyen Alperen \u015eeng\u00fcn&#8217;den 39 say\u0131l\u0131k performans"},"content":{"rendered":"<p>NBA&#8217;de All-Star heyecan\u0131 ya\u015fan\u0131rken Houston Rockets&#8217;\u0131n gen\u00e7 pivotu Alperen \u015eeng\u00fcn&#8217;\u00fcn All-Star kadrosuna se\u00e7ilmemesi, b\u00fcy\u00fck bir s\u00fcrpriz oldu.<\/p>\n<p>\u00d6zellikle ge\u00e7en y\u0131l g\u00f6sterdi\u011fi performansla dikkatleri \u00fczerine \u00e7eken ve tak\u0131m\u0131n\u0131n \u00f6nemli oyuncular\u0131ndan biri haline gelen \u015eeng\u00fcn&#8217;\u00fcn, bu y\u0131lki All-Star ma\u00e7\u0131nda yer almamas\u0131 bir\u00e7ok basketbolseveri \u015fa\u015f\u0131rtt\u0131.<\/p>\n<p>Ancak Alperen \u015eeng\u00fcn, bu hayal k\u0131r\u0131kl\u0131\u011f\u0131n\u0131 sahaya yans\u0131tmak yerine Indiana Pacers kar\u015f\u0131s\u0131nda adeta \u015fov yapt\u0131.<\/p>\n<p><strong>&#8220;BEN\u0130 DAHA FAZLA \u00c7ALI\u015eMAYA \u0130TECEK&#8221;<\/strong><\/p>\n<p>NBA&#8217;de Indiana Pacers&#8217;\u0131 118-114 yendikleri ma\u00e7\u0131n ard\u0131ndan bas\u0131n mensuplar\u0131n\u0131n sorular\u0131n\u0131 yan\u0131tlayan milli basketbolcu,<b><em> &#8220;Benim hedefim, ge\u00e7en y\u0131ldan sonra her y\u0131l All-Star olmakt\u0131. Se\u00e7ilememek benim i\u00e7in hayal k\u0131r\u0131kl\u0131\u011f\u0131yd\u0131. Ligde \u00e7ok fazla yetenek var ve hala gencim. Eninde sonunda bunu ba\u015faraca\u011f\u0131m. Bu durum beni sadece daha \u00e7ok \u00e7al\u0131\u015fmaya itecek.&#8221;<\/em><\/b> diye konu\u015ftu.<\/p>\n<p><img decoding=\"async\" src=\"https:\/\/bihavadis.com\/wp-content\/uploads\/2026\/02\/nba-all-stara-secilmeyen-alperen-sengunden-39-sayilik-performans-0-1KPFhB9N.jpg\"\/><\/p>\n<p><strong>&#8220;MUTLAKA YAPACA\u011eIM&#8221;<\/strong><\/p>\n<p>Bu durumlarda her zaman iyi y\u00f6nde motive oldu\u011funu vurgulayan Alperen, <b><em>&#8220;Hala ger\u00e7ekle\u015ftirmem gereken hedeflerim var. Sadece daha \u00e7ok \u00e7al\u0131\u015fmam laz\u0131m. Yapt\u0131\u011f\u0131m i\u015fte disiplinli olmal\u0131y\u0131m. Umar\u0131m NBA&#8217;de uzun y\u0131llar oynar\u0131m ve All-Star se\u00e7imleri olur. Mutlaka yapaca\u011f\u0131m.&#8221;<\/em><\/b> dedi.<\/p>\n<p><img decoding=\"async\" src=\"https:\/\/bihavadis.com\/wp-content\/uploads\/2026\/02\/nba-all-stara-secilmeyen-alperen-sengunden-39-sayilik-performans-1-huhbCN9k.jpg\"\/><\/p>\n<p><strong>39 SAYI ATTI, 16 R\u0130BAUNTLA OYNADI&#8230;<\/strong><\/p>\n<p>Pacers kar\u015f\u0131s\u0131nda 39 say\u0131, 16 ribaunt, 5 asistle tak\u0131m\u0131na liderlik eden Alperen, performans\u0131yla ilgili soruya, <b><em>&#8220;Asl\u0131nda mesele sadece All-Star olmak de\u011fil, kendimi kan\u0131tlamam gerekiyor. Dedi\u011fim gibi, ge\u00e7en ay\u0131 pek iyi ge\u00e7irmedim ama art\u0131k yeni bir ayday\u0131z. Agresif olmal\u0131y\u0131m. Kim oldu\u011fumu ve her ma\u00e7\u0131 nas\u0131l domine edebilece\u011fimi hat\u0131rlamam gerekiyor. Kendime g\u00fcvenmeli, sahaya \u00e7\u0131k\u0131p i\u015fi bitirmeliyim. Ben buyum ve her ma\u00e7 yapaca\u011f\u0131m \u015fey de bu.&#8221;<\/em><\/b> cevab\u0131n\u0131 verdi.<\/p>\n<p><img decoding=\"async\" src=\"https:\/\/bihavadis.com\/wp-content\/uploads\/2026\/02\/nba-all-stara-secilmeyen-alperen-sengunden-39-sayilik-performans-2-liTciNiH.jpg\"\/><\/p>\n","protected":false},"excerpt":{"rendered":"<p>Amerikan Basketbol Ligi (NBA) tak\u0131mlar\u0131ndan Houston Rockets&#8217;ta forma giyen Alperen \u015eeng\u00fcn, All-Star se\u00e7ilememesi nedeniyle hayal k\u0131r\u0131kl\u0131\u011f\u0131 ya\u015fad\u0131\u011f\u0131n\u0131 ancak bunun kendisini daha \u00e7ok motive edece\u011fini s\u00f6yledi.<\/p>\n","protected":false},"author":1,"featured_media":17171,"comment_status":"open","ping_status":"open","sticky":false,"template":"","format":"standard","meta":{"footnotes":""},"categories":[14],"tags":[2978],"class_list":["post-17170","post","type-post","status-publish","format-standard","has-post-thumbnail","hentry","category-spor","tag-all-star"],"_links":{"self":[{"href":"https:\/\/bihavadis.com\/index.php\/wp-json\/wp\/v2\/posts\/17170","targetHints":{"allow":["GET"]}}],"collection":[{"href":"https:\/\/bihavadis.com\/index.php\/wp-json\/wp\/v2\/posts"}],"about":[{"href":"https:\/\/bihavadis.com\/index.php\/wp-json\/wp\/v2\/types\/post"}],"author":[{"embeddable":true,"href":"https:\/\/bihavadis.com\/index.php\/wp-json\/wp\/v2\/users\/1"}],"replies":[{"embeddable":true,"href":"https:\/\/bihavadis.com\/index.php\/wp-json\/wp\/v2\/comments?post=17170"}],"version-history":[{"count":1,"href":"https:\/\/bihavadis.com\/index.php\/wp-json\/wp\/v2\/posts\/17170\/revisions"}],"predecessor-version":[{"id":17175,"href":"https:\/\/bihavadis.com\/index.php\/wp-json\/wp\/v2\/posts\/17170\/revisions\/17175"}],"wp:featuredmedia":[{"embeddable":true,"href":"https:\/\/bihavadis.com\/index.php\/wp-json\/wp\/v2\/media\/17171"}],"wp:attachment":[{"href":"https:\/\/bihavadis.com\/index.php\/wp-json\/wp\/v2\/media?parent=17170"}],"wp:term":[{"taxonomy":"category","embeddable":true,"href":"https:\/\/bihavadis.com\/index.php\/wp-json\/wp\/v2\/categories?post=17170"},{"taxonomy":"post_tag","embeddable":true,"href":"https:\/\/bihavadis.com\/index.php\/wp-json\/wp\/v2\/tags?post=17170"}],"curies":[{"name":"wp","href":"https:\/\/api.w.org\/{rel}","templated":true}]}}