{"id":17179,"date":"2026-02-05T18:09:04","date_gmt":"2026-02-05T18:09:04","guid":{"rendered":"https:\/\/bihavadis.com\/?p=17179"},"modified":"2026-02-05T18:09:04","modified_gmt":"2026-02-05T18:09:04","slug":"cin-guvenlik-gerekcesiyle-gizli-kapi-kollarini-yasakliyor","status":"publish","type":"post","link":"https:\/\/bihavadis.com\/index.php\/2026\/02\/05\/cin-guvenlik-gerekcesiyle-gizli-kapi-kollarini-yasakliyor\/","title":{"rendered":"\u00c7in, g\u00fcvenlik gerek\u00e7esiyle gizli kap\u0131 kollar\u0131n\u0131 yasakl\u0131yor"},"content":{"rendered":"<p>\u00c7in&#8217;den tarihi karar&#8230;<\/p>\n<p>Asya \u00fclkesi\u00a0modern elektrikli ara\u00e7lar\u0131n vazge\u00e7ilmezi haline gelen gizli kap\u0131 kollar\u0131n\u0131 yasakl\u0131yor.<\/p>\n<p><strong>CAN KAYIPLARININ ARTMASI \u00dcZER\u0130NE ALINDI<\/strong><\/p>\n<p>Karar, \u00f6zellikle kaza an\u0131nda elektrik sisteminin devre d\u0131\u015f\u0131 kalmas\u0131 sonucu kap\u0131lar\u0131n a\u00e7\u0131lamamas\u0131 ve buna ba\u011fl\u0131 can kay\u0131plar\u0131n\u0131n artmas\u0131 \u00fczerine al\u0131nd\u0131.<\/p>\n<p>\u00c7in Sanayi ve Bili\u015fim Teknolojileri Bakanl\u0131\u011f\u0131 taraf\u0131ndan duyurulan yeni y\u00f6netmelik, ara\u00e7lar\u0131n hem i\u00e7eriden hem de d\u0131\u015far\u0131dan fiziksel bir m\u00fcdahaleyle a\u00e7\u0131labilen mekanik mekanizmalara sahip olmas\u0131n\u0131 zorunlu k\u0131l\u0131yor.<\/p>\n<p><strong>\u00d6L\u00dcMC\u00dcL KAZALAR D\u00dcZENLEMEY\u0130 TET\u0130KLED\u0130<\/strong><\/p>\n<p>Yeni kurallar, \u00c7in&#8217;de Xiaomi elektrikli ara\u00e7lar\u0131n\u0131n kar\u0131\u015ft\u0131\u011f\u0131 ve kap\u0131lar\u0131n kaza sonras\u0131 kilitli kalmas\u0131 nedeniyle yolcular\u0131n tahliye edilemedi\u011fi trajik olaylar\u0131n ard\u0131ndan geldi.<\/p>\n<p>Son d\u00f6nemde Chengdu ve Tongling \u015fehirlerinde ya\u015fanan kazalarda, \u00e7evredekilerin yard\u0131ma ko\u015fmas\u0131na ra\u011fmen elektronik kap\u0131 kollar\u0131n\u0131n \u00e7al\u0131\u015fmamas\u0131 sonucu kurtarma \u00e7al\u0131\u015fmalar\u0131 ba\u015far\u0131s\u0131z olmu\u015ftu.<\/p>\n<p>Devlet medyas\u0131n\u0131n verilerine g\u00f6re, \u00c7in&#8217;de en \u00e7ok satan 100 yeni nesil arac\u0131n yakla\u015f\u0131k y\u00fczde 60&#8217;\u0131 \u015fu anda bu tart\u0131\u015fmal\u0131 tasar\u0131m\u0131 kullan\u0131yor.<\/p>\n<p><img decoding=\"async\" src=\"https:\/\/bihavadis.com\/wp-content\/uploads\/2026\/02\/cin-guvenlik-gerekcesiyle-gizli-kapi-kollarini-yasakliyor-0-Kwze6S22.jpg\"\/><\/p>\n<p><strong>2027 BA\u015eINDA Y\u00dcR\u00dcRL\u00dc\u011eE G\u0130RECEK<\/strong><\/p>\n<p>1 Ocak 2027 itibar\u0131yla y\u00fcr\u00fcrl\u00fc\u011fe girecek d\u00fczenleme kapsam\u0131nda, ara\u00e7 kap\u0131lar\u0131nda (bagaj hari\u00e7) en az 6 cm x 2 cm x 2,5 cm \u00f6l\u00e7\u00fclerinde bir bo\u015fluk bulunmas\u0131 ve kap\u0131 kolunun elle kavranabilir olmas\u0131 \u015fart ko\u015fulacak.<\/p>\n<p>Ayr\u0131ca ara\u00e7 i\u00e7indeki mekanik a\u00e7ma kollar\u0131n\u0131n yerini g\u00f6steren belirgin i\u015faretlerin bulunmas\u0131 da zorunlu hale getirilecek.<\/p>\n<p>Hali haz\u0131rda onaylanm\u0131\u015f ve piyasaya \u00e7\u0131k\u0131\u015f a\u015famas\u0131nda olan modeller i\u00e7in ise tasar\u0131mlar\u0131n\u0131 g\u00fcncellemeleri amac\u0131yla 2029 y\u0131l\u0131na kadar iki y\u0131ll\u0131k ek s\u00fcre tan\u0131nacak.<\/p>\n<p><strong>K\u00dcRESEL OTOMOT\u0130V PAZARINI ETK\u0130LEYECEK<\/strong><\/p>\n<p>D\u00fcnyan\u0131n en b\u00fcy\u00fck elektrikli ara\u00e7 pazar\u0131 olan \u00c7in&#8217;in bu hamlesi, sadece yerel markalar\u0131 de\u011fil, Tesla gibi k\u00fcresel \u00fcreticileri de etkileyecek.<\/p>\n<p>Uzmanlar, \u00fcreticilerin \u00c7in pazar\u0131 i\u00e7in ayr\u0131 bir tasar\u0131m maliyetine katlanmak yerine, k\u00fcresel modellerinde de standart mekanik kollara d\u00f6nebilece\u011fini \u00f6ng\u00f6r\u00fcyor.<\/p>\n<p>\u00d6te yandan Amerika Birle\u015fik Devletleri ve Avrupa&#8217;daki g\u00fcvenlik otoriteleri de benzer \u015fikayetler \u00fczerine gizli kap\u0131 kolu sistemlerine y\u00f6nelik incelemelerini s\u00fcrd\u00fcr\u00fcyor.<\/p>\n","protected":false},"excerpt":{"rendered":"<p>\u00c7in, Tesla ile pop\u00fclerle\u015fen ve modern elektrikli ara\u00e7lar\u0131n vazge\u00e7ilmezi haline gelen gizli kap\u0131 kollar\u0131n\u0131 yasaklayan d\u00fcnyadaki ilk \u00fclke olacak.<\/p>\n","protected":false},"author":1,"featured_media":17180,"comment_status":"open","ping_status":"open","sticky":false,"template":"","format":"standard","meta":{"footnotes":""},"categories":[6],"tags":[581,400,1410],"class_list":["post-17179","post","type-post","status-publish","format-standard","has-post-thumbnail","hentry","category-dunya","tag-arac","tag-cin","tag-kapi"],"_links":{"self":[{"href":"https:\/\/bihavadis.com\/index.php\/wp-json\/wp\/v2\/posts\/17179","targetHints":{"allow":["GET"]}}],"collection":[{"href":"https:\/\/bihavadis.com\/index.php\/wp-json\/wp\/v2\/posts"}],"about":[{"href":"https:\/\/bihavadis.com\/index.php\/wp-json\/wp\/v2\/types\/post"}],"author":[{"embeddable":true,"href":"https:\/\/bihavadis.com\/index.php\/wp-json\/wp\/v2\/users\/1"}],"replies":[{"embeddable":true,"href":"https:\/\/bihavadis.com\/index.php\/wp-json\/wp\/v2\/comments?post=17179"}],"version-history":[{"count":1,"href":"https:\/\/bihavadis.com\/index.php\/wp-json\/wp\/v2\/posts\/17179\/revisions"}],"predecessor-version":[{"id":17182,"href":"https:\/\/bihavadis.com\/index.php\/wp-json\/wp\/v2\/posts\/17179\/revisions\/17182"}],"wp:featuredmedia":[{"embeddable":true,"href":"https:\/\/bihavadis.com\/index.php\/wp-json\/wp\/v2\/media\/17180"}],"wp:attachment":[{"href":"https:\/\/bihavadis.com\/index.php\/wp-json\/wp\/v2\/media?parent=17179"}],"wp:term":[{"taxonomy":"category","embeddable":true,"href":"https:\/\/bihavadis.com\/index.php\/wp-json\/wp\/v2\/categories?post=17179"},{"taxonomy":"post_tag","embeddable":true,"href":"https:\/\/bihavadis.com\/index.php\/wp-json\/wp\/v2\/tags?post=17179"}],"curies":[{"name":"wp","href":"https:\/\/api.w.org\/{rel}","templated":true}]}}