{"id":17193,"date":"2026-02-05T18:24:07","date_gmt":"2026-02-05T18:24:07","guid":{"rendered":"https:\/\/bihavadis.com\/?p=17193"},"modified":"2026-02-05T18:24:07","modified_gmt":"2026-02-05T18:24:07","slug":"aydinda-balkondan-atlayan-firari-hukumlu-agir-yaralandi","status":"publish","type":"post","link":"https:\/\/bihavadis.com\/index.php\/2026\/02\/05\/aydinda-balkondan-atlayan-firari-hukumlu-agir-yaralandi\/","title":{"rendered":"Ayd\u0131nda balkondan atlayan firari h\u00fck\u00fcml\u00fc, a\u011f\u0131r yaraland\u0131"},"content":{"rendered":"<p>Ayd\u0131n&#8217;\u0131n Ku\u015fadas\u0131 il\u00e7esine ba\u011fl\u0131 \u0130ki\u00e7e\u015fmelik Mahallesi\u2019nde ak\u015fam saatlerinde, &#8220;kasten yaralama\u201d su\u00e7undan 5 y\u0131l kesinle\u015fmi\u015f hapis cezas\u0131 bulunan ve uzun s\u00fcredir aranan 34 ya\u015f\u0131ndaki Bilal Tekta\u015f\u2019\u0131n sakland\u0131\u011f\u0131 adrese y\u00f6nelik polis ekipleri taraf\u0131ndan operasyon d\u00fczenlendi.<\/p>\n<p><strong>YAKALANMAMAK \u0130\u00c7\u0130N BALKONDAN ATLADI<\/strong><\/p>\n<p>Asayi\u015f \u015eube M\u00fcd\u00fcrl\u00fc\u011f\u00fc Aranan \u015eah\u0131slar B\u00fcro Amirli\u011fi ekiplerinin eve yakla\u015ft\u0131\u011f\u0131n\u0131 fark eden Tekta\u015f, ka\u00e7maya \u00e7al\u0131\u015ft\u0131. \u015e\u00fcpheli, yakalanaca\u011f\u0131n\u0131 anlay\u0131nca bulundu\u011fu evin 2\u2019nci kat\u0131ndaki balkondan a\u015fa\u011f\u0131 atlad\u0131.<\/p>\n<p><img decoding=\"async\" src=\"https:\/\/bihavadis.com\/wp-content\/uploads\/2026\/02\/aydinda-balkondan-atlayan-firari-hukumlu-agir-yaralandi-0-4d2vjpvj.jpg\"\/><\/p>\n<p><strong>HAYAT\u0130 TEHL\u0130KES\u0130 BULUNUYOR<\/strong><\/p>\n<p>Yere d\u00fc\u015ferek a\u011f\u0131r yaralanan Tekta\u015f i\u00e7in olay yerine sa\u011fl\u0131k ekipleri sevk edildi. \u0130lk m\u00fcdahalesi yap\u0131lan yaral\u0131, ambulansla Ku\u015fadas\u0131 Devlet Hastanesi\u2019ne kald\u0131r\u0131larak tedavi alt\u0131na al\u0131nd\u0131. Yetkililer, Tekta\u015f\u2019\u0131n hayati tehlikesinin bulundu\u011funu bildirdi.<\/p>\n<p><img decoding=\"async\" src=\"https:\/\/bihavadis.com\/wp-content\/uploads\/2026\/02\/aydinda-balkondan-atlayan-firari-hukumlu-agir-yaralandi-1-lYsGYFsm.jpg\"\/><\/p>\n","protected":false},"excerpt":{"rendered":"<p>Ku\u015fadas\u0131 il\u00e7esinde, hakk\u0131nda kesinle\u015fmi\u015f 5 y\u0131l hapis cezas\u0131 bulunan firari h\u00fck\u00fcml\u00fc, polis operasyonu s\u0131ras\u0131nda yakalanmamak i\u00e7in 2\u2019nci kattaki evinin balkonundan atlayarak a\u011f\u0131r yaraland\u0131.<\/p>\n","protected":false},"author":1,"featured_media":17194,"comment_status":"open","ping_status":"open","sticky":false,"template":"","format":"standard","meta":{"footnotes":""},"categories":[4,13],"tags":[],"class_list":["post-17193","post","type-post","status-publish","format-standard","has-post-thumbnail","hentry","category-gundem","category-son-dakika"],"_links":{"self":[{"href":"https:\/\/bihavadis.com\/index.php\/wp-json\/wp\/v2\/posts\/17193","targetHints":{"allow":["GET"]}}],"collection":[{"href":"https:\/\/bihavadis.com\/index.php\/wp-json\/wp\/v2\/posts"}],"about":[{"href":"https:\/\/bihavadis.com\/index.php\/wp-json\/wp\/v2\/types\/post"}],"author":[{"embeddable":true,"href":"https:\/\/bihavadis.com\/index.php\/wp-json\/wp\/v2\/users\/1"}],"replies":[{"embeddable":true,"href":"https:\/\/bihavadis.com\/index.php\/wp-json\/wp\/v2\/comments?post=17193"}],"version-history":[{"count":1,"href":"https:\/\/bihavadis.com\/index.php\/wp-json\/wp\/v2\/posts\/17193\/revisions"}],"predecessor-version":[{"id":17197,"href":"https:\/\/bihavadis.com\/index.php\/wp-json\/wp\/v2\/posts\/17193\/revisions\/17197"}],"wp:featuredmedia":[{"embeddable":true,"href":"https:\/\/bihavadis.com\/index.php\/wp-json\/wp\/v2\/media\/17194"}],"wp:attachment":[{"href":"https:\/\/bihavadis.com\/index.php\/wp-json\/wp\/v2\/media?parent=17193"}],"wp:term":[{"taxonomy":"category","embeddable":true,"href":"https:\/\/bihavadis.com\/index.php\/wp-json\/wp\/v2\/categories?post=17193"},{"taxonomy":"post_tag","embeddable":true,"href":"https:\/\/bihavadis.com\/index.php\/wp-json\/wp\/v2\/tags?post=17193"}],"curies":[{"name":"wp","href":"https:\/\/api.w.org\/{rel}","templated":true}]}}