{"id":17198,"date":"2026-02-05T18:27:11","date_gmt":"2026-02-05T18:27:11","guid":{"rendered":"https:\/\/bihavadis.com\/?p=17198"},"modified":"2026-02-05T18:27:11","modified_gmt":"2026-02-05T18:27:11","slug":"kazakistanda-yeni-anayasa-taslagi-tanitildi","status":"publish","type":"post","link":"https:\/\/bihavadis.com\/index.php\/2026\/02\/05\/kazakistanda-yeni-anayasa-taslagi-tanitildi\/","title":{"rendered":"Kazakistan&#8217;da Yeni Anayasa Tasla\u011f\u0131 Tan\u0131t\u0131ld\u0131"},"content":{"rendered":"<p> Kazakistan&#8217;da 11 b\u00f6l\u00fcm ve 95 maddeden olu\u015fan yeni anayasan\u0131n tasla\u011f\u0131 tan\u0131t\u0131ld\u0131.<\/p>\n<p>Kazakistan&#8217;\u0131n ba\u015fkenti Astana&#8217;da, Anayasal Reform Komisyonunun toplant\u0131lar\u0131 devam ediyor.<\/p>\n<p>Kazakistan Anayasa Mahkemesi Ba\u015fkan Yard\u0131mc\u0131s\u0131 Bak\u0131t Nurmuhanov, Anayasal Reform Komisyonunun bug\u00fcn ger\u00e7ekle\u015ftirilen 6. toplant\u0131s\u0131nda yeni anayasan\u0131n ilk tasla\u011f\u0131n\u0131 tan\u0131tt\u0131.<\/p>\n<p>S\u00f6z konusu tasla\u011fa g\u00f6re, Kazakistan&#8217;\u0131n yeni anayasas\u0131, \u00f6ns\u00f6z, 11 b\u00f6l\u00fcm ve 95 maddeden olu\u015facak.<\/p>\n<p>Yeni anayasada egemenlik, ba\u011f\u0131ms\u0131zl\u0131k, \u00fcniter yap\u0131, toprak b\u00fct\u00fcnl\u00fc\u011f\u00fc ve y\u00f6netim bi\u00e7imi de\u011fi\u015ftirilemez de\u011ferler olarak tan\u0131mlanacak.<\/p>\n<p>Ayr\u0131ca insan sermayesinin geli\u015ftirilmesi, e\u011fitim, bilim ve inovasyon ise devletin stratejik faaliyet alan\u0131 olarak kabul edilecek.<\/p>\n<p>Kazak dili, devlet dili stat\u00fcs\u00fcn\u00fc koruyacak.<\/p>\n<p>D\u0131\u015f politikada ise Kazakistan, bar\u0131\u015f, i\u015fbirli\u011fi, i\u00e7 i\u015flerine kar\u0131\u015fmama ve uluslararas\u0131 anla\u015fmazl\u0131klar\u0131n bar\u0131\u015f\u00e7\u0131l \u00e7\u00f6z\u00fcm\u00fc ilkelerine ba\u011fl\u0131 kalacak.<\/p>\n<p>Do\u011fu\u015ftan Kazakistan vatanda\u015f\u0131, en az 40 ya\u015f\u0131nda, devlet dilini ak\u0131c\u0131 \u015fekilde bilen, son 15 y\u0131l\u0131n\u0131 Kazakistan&#8217;da ya\u015fam\u0131\u015f, y\u00fcksek\u00f6\u011frenim g\u00f6rm\u00fc\u015f, devlet hizmetinde veya se\u00e7ilmi\u015f g\u00f6revlerde en az 5 y\u0131l deneyimi olan ki\u015fi cumhurba\u015fkan\u0131 aday\u0131 olabilecek.<\/p>\n<p>Cumhurba\u015fkan\u0131n\u0131n erken g\u00f6revden ayr\u0131lmas\u0131 durumunda g\u00f6revi ge\u00e7ici olarak cumhurba\u015fkan\u0131 yard\u0131mc\u0131s\u0131na, kurultay (parlamento) ba\u015fkan\u0131na veya ba\u015fbakana devredilecek.<\/p>\n<p>Kazakistan Devlet M\u00fcste\u015far\u0131 Yerlan Karin, toplant\u0131da, yeni anayasan\u0131n egemenlik ve ba\u011f\u0131ms\u0131zl\u0131\u011f\u0131n korunmas\u0131, insan hak ve \u00f6zg\u00fcrl\u00fcklerine sayg\u0131, hukukun \u00fcst\u00fcnl\u00fc\u011f\u00fc, milli birli\u011fin g\u00fc\u00e7lendirilmesi, halk\u0131n refah\u0131n\u0131n art\u0131r\u0131lmas\u0131, toplumsal diyalog, y\u00fcksek \u00e7evre bilinci, tarihi ve k\u00fclt\u00fcrel miras\u0131n korunmas\u0131, ulusal k\u00fclt\u00fcr\u00fcn desteklenmesi gibi temel ilkeler \u00fczerine haz\u0131rland\u0131\u011f\u0131n\u0131 s\u00f6yledi.<\/p>\n<p>Kazakistan Parlamentosu Meclis Ba\u015fkan Yard\u0131mc\u0131s\u0131 Daniya Yespayeva ise s\u00f6z konusu tasla\u011f\u0131n 1995&#8217;te kabul edilen mevcut anayasan\u0131n yeniden yaz\u0131lmas\u0131 anlam\u0131na geldi\u011fini kaydetti.<\/p>\n<p>Yespayeva, \u015fu anda \u00fclkenin \u00f6n\u00fcnde yaln\u0131zca anayasan\u0131n baz\u0131 b\u00f6l\u00fcmlerinin d\u00fczeltilmesi ya da eklenmesiyle s\u0131n\u0131rl\u0131 olmayan bir g\u00f6rev bulundu\u011funa i\u015faret ederek, &#8220;Bug\u00fcn s\u00f6z konusu olan taslak, 1995 Anayasas\u0131 metninin g\u00fcn\u00fcm\u00fcz ko\u015fullar\u0131na uyarlanmas\u0131 de\u011fil. Bu, devlet yap\u0131s\u0131n\u0131n, hak ve \u00f6zg\u00fcrl\u00fck sisteminin, iktidar kurumlar\u0131 ile toplum aras\u0131ndaki etkile\u015fim mekanizmas\u0131n\u0131n k\u00f6kl\u00fc bi\u00e7imde yeniden ele al\u0131nmas\u0131d\u0131r.&#8221; de\u011ferlendirmesinde bulundu.<\/p>\n","protected":false},"excerpt":{"rendered":"<p>Kazakistan&#8217;da 11 b\u00f6l\u00fcm ve 95 maddeden olu\u015fan yeni anayasa tasla\u011f\u0131, ba\u015fkent Astana&#8217;da a\u00e7\u0131kland\u0131.<\/p>\n","protected":false},"author":1,"featured_media":17199,"comment_status":"open","ping_status":"open","sticky":false,"template":"","format":"standard","meta":{"footnotes":""},"categories":[9,4,13],"tags":[3283,3284,1247,3282],"class_list":["post-17198","post","type-post","status-publish","format-standard","has-post-thumbnail","hentry","category-genel","category-gundem","category-son-dakika","tag-anayasa","tag-anayasanin","tag-devlet","tag-kazakistan"],"_links":{"self":[{"href":"https:\/\/bihavadis.com\/index.php\/wp-json\/wp\/v2\/posts\/17198","targetHints":{"allow":["GET"]}}],"collection":[{"href":"https:\/\/bihavadis.com\/index.php\/wp-json\/wp\/v2\/posts"}],"about":[{"href":"https:\/\/bihavadis.com\/index.php\/wp-json\/wp\/v2\/types\/post"}],"author":[{"embeddable":true,"href":"https:\/\/bihavadis.com\/index.php\/wp-json\/wp\/v2\/users\/1"}],"replies":[{"embeddable":true,"href":"https:\/\/bihavadis.com\/index.php\/wp-json\/wp\/v2\/comments?post=17198"}],"version-history":[{"count":1,"href":"https:\/\/bihavadis.com\/index.php\/wp-json\/wp\/v2\/posts\/17198\/revisions"}],"predecessor-version":[{"id":17200,"href":"https:\/\/bihavadis.com\/index.php\/wp-json\/wp\/v2\/posts\/17198\/revisions\/17200"}],"wp:featuredmedia":[{"embeddable":true,"href":"https:\/\/bihavadis.com\/index.php\/wp-json\/wp\/v2\/media\/17199"}],"wp:attachment":[{"href":"https:\/\/bihavadis.com\/index.php\/wp-json\/wp\/v2\/media?parent=17198"}],"wp:term":[{"taxonomy":"category","embeddable":true,"href":"https:\/\/bihavadis.com\/index.php\/wp-json\/wp\/v2\/categories?post=17198"},{"taxonomy":"post_tag","embeddable":true,"href":"https:\/\/bihavadis.com\/index.php\/wp-json\/wp\/v2\/tags?post=17198"}],"curies":[{"name":"wp","href":"https:\/\/api.w.org\/{rel}","templated":true}]}}