{"id":17238,"date":"2026-02-05T19:00:04","date_gmt":"2026-02-05T19:00:04","guid":{"rendered":"https:\/\/bihavadis.com\/?p=17238"},"modified":"2026-02-05T19:00:04","modified_gmt":"2026-02-05T19:00:04","slug":"cumhurbaskani-erdogan-bolunmus-yollarimizin-30-bininci-kilometresini-hizmete-almak-uzere-bir-aradayiz","status":"publish","type":"post","link":"https:\/\/bihavadis.com\/index.php\/2026\/02\/05\/cumhurbaskani-erdogan-bolunmus-yollarimizin-30-bininci-kilometresini-hizmete-almak-uzere-bir-aradayiz\/","title":{"rendered":"Cumhurba\u015fkan\u0131 Erdo\u011fan: B\u00f6l\u00fcnm\u00fc\u015f yollar\u0131m\u0131z\u0131n, 30 bininci kilometresini hizmete almak \u00fczere bir araday\u0131z"},"content":{"rendered":"<p>\n<p>KARAYOLLARI Genel M\u00fcd\u00fcrl\u00fc\u011f\u00fc Otuz Bininci Kilometre B\u00f6l\u00fcnm\u00fc\u015f Yol Hizmete Alma T\u00f6reni&#8217;nde konu\u015fan Cumhurba\u015fkan\u0131 Erdo\u011fan, &#8220;Bug\u00fcn yap\u0131m\u0131 tamamlanan b\u00f6l\u00fcnm\u00fc\u015f yollar\u0131m\u0131z\u0131n, 30 bininci kilometresini hizmete almak \u00fczere bir araday\u0131z. Eserlerimize bir yenisini eklemenin gururunu ya\u015f\u0131yoruz&#8221; dedi. <\/p>\n<p>Cumhurba\u015fkan\u0131 Recep Tayyip Erdo\u011fan, Karayollar\u0131 Genel M\u00fcd\u00fcrl\u00fc\u011f\u00fc Otuz Bininci Kilometre B\u00f6l\u00fcnm\u00fc\u015f Yol Hizmete Alma T\u00f6reni&#8217;ne kat\u0131ld\u0131. T\u00f6rene Cumhurba\u015fkan\u0131 Erdo\u011fan&#8217;\u0131n yan\u0131 s\u0131ra Ula\u015ft\u0131rma ve Altyap\u0131 Bakan\u0131 Abdulkadir Uralo\u011flu da kat\u0131ld\u0131. T\u00f6rende konu\u015fan Cumhurba\u015fkan\u0131 Erdo\u011fan, &#8220;Bug\u00fcn yat\u0131r\u0131mlar\u0131m\u0131zla T\u00fcrkiye&#8217;yi g\u00fc\u00e7lendirmenin, 86 milyonun tamam\u0131na a\u015fkla hizmet etmenin bahtiyarl\u0131\u011f\u0131n\u0131 ya\u015f\u0131yoruz. Bug\u00fcn bir yandan kalpleri birbirine s\u0131k\u0131ca kenetlenen, di\u011fer yandan \u015fehirlerimizi b\u00f6l\u00fcnm\u00fc\u015f yollarla birbirine ba\u011flaman\u0131n sevincini ya\u015f\u0131yoruz. \u00d6ncelikle bu yollar\u0131n yap\u0131m\u0131nda fedakarca \u00e7al\u0131\u015fan, serdi\u011fi asfalt\u0131 al\u0131n teriyle harmanlayan emek\u00e7i karde\u015flerime \u015fahs\u0131m ve milletim ad\u0131na can\u0131 g\u00f6n\u00fclden te\u015fekk\u00fcr ediyorum. Ayn\u0131 \u015fekilde mimar ve m\u00fchendislerimize, yol yap\u0131m projelerinde g\u00f6rev alan t\u00fcm karde\u015flerime \u015f\u00fckranlar\u0131m\u0131 sunuyorum. Say\u0131n Bakanlar\u0131m\u0131z\u0131 ve Genel M\u00fcd\u00fcrlerimizi, Ula\u015ft\u0131rma Bakanl\u0131\u011f\u0131m\u0131z\u0131n ve Karayollar\u0131 Genel M\u00fcd\u00fcrl\u00fc\u011f\u00fcm\u00fcz\u00fcn her bir mensubunu ge\u00e7mi\u015f d\u00f6nemde te\u015frik-i mesai yapt\u0131\u011f\u0131m\u0131z Ula\u015ft\u0131rma Bakanlar\u0131m\u0131z\u0131, tam 30 bin 49 kilometre uzunlu\u011fa eri\u015fen bu b\u00f6l\u00fcnm\u00fc\u015f yollar i\u00e7in tebrik ediyorum&#8221; diye konu\u015ftu. <\/p>\n<p>&#8216;ZEK\u0130 ERGEZEN&#8217;\u0130 RAHMETLE YAD ED\u0130YORUM&#8217;<\/p>\n<p>Cumhurba\u015fkan\u0131 Erdo\u011fan, &#8220;B\u00f6l\u00fcnm\u00fc\u015f yol projesini birlikte ba\u015flatt\u0131\u011f\u0131m\u0131z partimizin kurucular\u0131ndan, eski Bay\u0131nd\u0131rl\u0131k ve \u0130skan Bakan\u0131m\u0131z, Bitlis Milletvekilimiz merhum Zeki Ergezen&#8217;i de bu vesileyle bir kez daha rahmetle yad ediyorum. Rabbim mekan\u0131n\u0131 in\u015fallah cennet eylesin. Son olarak gece g\u00fcnd\u00fcz demeden, yaz k\u0131\u015f dinlemeden yollar\u0131m\u0131z\u0131n bak\u0131m, in\u015fa ve onar\u0131m i\u015flerinde \u00e7al\u0131\u015fan; sabah\u0131n ayaz\u0131nda, ak\u015fam\u0131n karanl\u0131\u011f\u0131nda, g\u00fcne\u015fin aln\u0131nda, ya\u011fmurun alt\u0131nda, kar\u0131n so\u011fu\u011funda, h\u00fclasa en zorlu \u015fartlarda \u00f6zveriyle g\u00f6rev yapan t\u00fcm karayollar\u0131 \u00e7al\u0131\u015fanlar\u0131m\u0131za buradan \u015fahs\u0131m ve milletim ad\u0131na tebriklerimi iletiyor, \u00fclkemize yapt\u0131klar\u0131 de\u011ferli hizmetler i\u00e7in kendilerine \u015f\u00fckranlar\u0131m\u0131 ifade ediyorum&#8221; dedi. <\/p>\n","protected":false},"excerpt":{"rendered":"<p>KARAYOLLARI Genel M\u00fcd\u00fcrl\u00fc\u011f\u00fc Otuz Bininci Kilometre B\u00f6l\u00fcnm\u00fc\u015f Yol Hizmete Alma T\u00f6reni&#8217;nde konu\u015fan Cumhurba\u015fkan\u0131 Erdo\u011fan, &#8220;Bug\u00fcn yap\u0131m\u0131 tamamlanan b\u00f6l\u00fcnm\u00fc\u015f yollar\u0131m\u0131z\u0131n, 30 bininci kilometresini hizmete almak \u00fczere bir araday\u0131z. Eserlerimize bir yenisini eklemenin gururunu ya\u015f\u0131yoruz&#8221; dedi.<\/p>\n","protected":false},"author":1,"featured_media":0,"comment_status":"open","ping_status":"open","sticky":false,"template":"","format":"standard","meta":{"footnotes":""},"categories":[12],"tags":[268,1297,315],"class_list":["post-17238","post","type-post","status-publish","format-standard","hentry","category-siyaset","tag-bolunmus-yol","tag-cumhurbaskani","tag-hizmet"],"_links":{"self":[{"href":"https:\/\/bihavadis.com\/index.php\/wp-json\/wp\/v2\/posts\/17238","targetHints":{"allow":["GET"]}}],"collection":[{"href":"https:\/\/bihavadis.com\/index.php\/wp-json\/wp\/v2\/posts"}],"about":[{"href":"https:\/\/bihavadis.com\/index.php\/wp-json\/wp\/v2\/types\/post"}],"author":[{"embeddable":true,"href":"https:\/\/bihavadis.com\/index.php\/wp-json\/wp\/v2\/users\/1"}],"replies":[{"embeddable":true,"href":"https:\/\/bihavadis.com\/index.php\/wp-json\/wp\/v2\/comments?post=17238"}],"version-history":[{"count":1,"href":"https:\/\/bihavadis.com\/index.php\/wp-json\/wp\/v2\/posts\/17238\/revisions"}],"predecessor-version":[{"id":17239,"href":"https:\/\/bihavadis.com\/index.php\/wp-json\/wp\/v2\/posts\/17238\/revisions\/17239"}],"wp:attachment":[{"href":"https:\/\/bihavadis.com\/index.php\/wp-json\/wp\/v2\/media?parent=17238"}],"wp:term":[{"taxonomy":"category","embeddable":true,"href":"https:\/\/bihavadis.com\/index.php\/wp-json\/wp\/v2\/categories?post=17238"},{"taxonomy":"post_tag","embeddable":true,"href":"https:\/\/bihavadis.com\/index.php\/wp-json\/wp\/v2\/tags?post=17238"}],"curies":[{"name":"wp","href":"https:\/\/api.w.org\/{rel}","templated":true}]}}