{"id":17255,"date":"2026-02-05T19:21:09","date_gmt":"2026-02-05T19:21:09","guid":{"rendered":"https:\/\/bihavadis.com\/?p=17255"},"modified":"2026-02-05T19:21:09","modified_gmt":"2026-02-05T19:21:09","slug":"sivasta-namazlarini-aksatmayan-ogrenciler-odullerini-aldi","status":"publish","type":"post","link":"https:\/\/bihavadis.com\/index.php\/2026\/02\/05\/sivasta-namazlarini-aksatmayan-ogrenciler-odullerini-aldi\/","title":{"rendered":"Sivas\u2019ta namazlar\u0131n\u0131 aksatmayan \u00f6\u011frenciler \u00f6d\u00fcllerini ald\u0131"},"content":{"rendered":"<p>Sivas Belediyesi ve Sivas \u0130l M\u00fcft\u00fcl\u00fc\u011f\u00fc\u2019n\u00fcn ortakla\u015fa hayata ge\u00e7irdi\u011fi proje, Fatih Mahallesi b\u00f6lgesinde bulunan 11 camide ger\u00e7ekle\u015ftirildi. Ara tatil s\u00fcresince camilere devam eden \u00f6\u011frenciler, projeye yo\u011fun ilgi g\u00f6sterdi.<\/p>\n<p><strong>22 \u00d6\u011eRENC\u0130YE B\u0130S\u0130KLET HED\u0130YE ED\u0130LD\u0130<\/strong><\/p>\n<p>Proje kapsam\u0131nda 40 vakit namaz\u0131n\u0131 tamamlayan \u00f6\u011frenciler aras\u0131ndan, her camiden iki \u00f6\u011frenci olmak \u00fczere toplam 22 \u00f6\u011frenciye kura y\u00f6ntemiyle bisiklet verildi. Programa kat\u0131lan di\u011fer \u00f6\u011frencilere ise \u00e7e\u015fitli hediyeler takdim edildi.<\/p>\n<p><img decoding=\"async\" src=\"https:\/\/bihavadis.com\/wp-content\/uploads\/2026\/02\/sivasta-namazlarini-aksatmayan-ogrenciler-odullerini-aldi-0-Md1vS5c8.jpg\"\/><\/p>\n<p><strong>\u00d6D\u00dcL T\u00d6REN\u0130 GAZ\u0130OSMANPA\u015eA CAM\u0130\u0130&#8217;NDE YAPILDI<\/strong><\/p>\n<p>\u00d6d\u00fcl t\u00f6reni Sivas Gaziosmanpa\u015fa Camii\u2019nde d\u00fczenlendi. Programa Sivas Belediye Ba\u015fkan\u0131 Dr. Adem Uzun, \u0130l M\u00fcft\u00fc Vekili Mehmet Ko\u00e7, din g\u00f6revlileri, \u00f6\u011frenciler ve veliler kat\u0131ld\u0131. Kur\u2019an-\u0131 Kerim tilavetiyle ba\u015flayan programda konu\u015fmalar ger\u00e7ekle\u015ftirildi.<\/p>\n<p><img decoding=\"async\" src=\"https:\/\/bihavadis.com\/wp-content\/uploads\/2026\/02\/sivasta-namazlarini-aksatmayan-ogrenciler-odullerini-aldi-1-fflc5HcX.jpg\"\/><\/p>\n<p><strong>&#8220;GEN\u00c7LER\u0130N MANEV\u0130 GEL\u0130\u015e\u0130M\u0130 \u0130\u00c7\u0130N \u00d6NEML\u0130&#8221;<\/strong><\/p>\n<p>T\u00f6rende konu\u015fan Sivas Belediye Ba\u015fkan\u0131 Adem Uzun, projeye katk\u0131 sunan \u0130l M\u00fcft\u00fcl\u00fc\u011f\u00fc ve din g\u00f6revlilerine te\u015fekk\u00fcr ederek, bu t\u00fcr \u00e7al\u0131\u015fmalar\u0131n gen\u00e7lerin dini ve ahlaki de\u011ferlerle yeti\u015fmesi a\u00e7\u0131s\u0131ndan b\u00fcy\u00fck \u00f6nem ta\u015f\u0131d\u0131\u011f\u0131n\u0131 ifade etti.<\/p>\n<p><img decoding=\"async\" src=\"https:\/\/bihavadis.com\/wp-content\/uploads\/2026\/02\/sivasta-namazlarini-aksatmayan-ogrenciler-odullerini-aldi-2-haZuSvli.jpg\"\/><\/p>\n<p><strong>&#8220;AMA\u00c7, B\u0130L\u0130N\u00c7L\u0130 VE AHLAKLI B\u0130REYLE YET\u0130\u015eT\u0130RMEK&#8221;<\/strong><\/p>\n<p>\u0130l M\u00fcft\u00fc Vekili Mehmet Ko\u00e7 ise konu\u015fmas\u0131nda, projenin temel amac\u0131n\u0131n ara tatilde gen\u00e7leri camilerde bir araya getirerek dini de\u011ferleri \u00f6\u011fretmek oldu\u011funu belirtti. Ko\u00e7, \u00e7al\u0131\u015fman\u0131n devletine ve milletine ba\u011fl\u0131, ahlakl\u0131 bireyler yeti\u015ftirmeyi hedefledi\u011fini s\u00f6yledi.<\/p>\n<p>Program, \u00f6\u011frencilere \u00f6d\u00fcllerinin verilmesiyle sona erdi.<\/p>\n<p><img decoding=\"async\" src=\"https:\/\/bihavadis.com\/wp-content\/uploads\/2026\/02\/sivasta-namazlarini-aksatmayan-ogrenciler-odullerini-aldi-3-u89vgL3k.jpg\"\/><\/p>\n<p><img decoding=\"async\" src=\"https:\/\/bihavadis.com\/wp-content\/uploads\/2026\/02\/sivasta-namazlarini-aksatmayan-ogrenciler-odullerini-aldi-4-2LztFNCV.jpg\"\/><\/p>\n<p><img decoding=\"async\" src=\"https:\/\/bihavadis.com\/wp-content\/uploads\/2026\/02\/sivasta-namazlarini-aksatmayan-ogrenciler-odullerini-aldi-5-H4Xa2wIU.jpg\"\/><\/p>\n","protected":false},"excerpt":{"rendered":"<p>Sivas Belediyesi ile \u0130l M\u00fcft\u00fcl\u00fc\u011f\u00fc i\u015f birli\u011finde y\u00fcr\u00fct\u00fclen \u201c40 Vakit Camideyim, De\u011ferlerimi \u00d6\u011freniyorum\u201d projesi kapsam\u0131nda ara tatil boyunca namazlara d\u00fczenli kat\u0131lan \u00f6\u011frenciler, bisiklet ve \u00e7e\u015fitli hediyelerle \u00f6d\u00fcllendirildi.<\/p>\n","protected":false},"author":1,"featured_media":17256,"comment_status":"open","ping_status":"open","sticky":false,"template":"","format":"standard","meta":{"footnotes":""},"categories":[7],"tags":[1002,237,2557],"class_list":["post-17255","post","type-post","status-publish","format-standard","has-post-thumbnail","hentry","category-egitim","tag-ogrenciler","tag-proje","tag-sivas"],"_links":{"self":[{"href":"https:\/\/bihavadis.com\/index.php\/wp-json\/wp\/v2\/posts\/17255","targetHints":{"allow":["GET"]}}],"collection":[{"href":"https:\/\/bihavadis.com\/index.php\/wp-json\/wp\/v2\/posts"}],"about":[{"href":"https:\/\/bihavadis.com\/index.php\/wp-json\/wp\/v2\/types\/post"}],"author":[{"embeddable":true,"href":"https:\/\/bihavadis.com\/index.php\/wp-json\/wp\/v2\/users\/1"}],"replies":[{"embeddable":true,"href":"https:\/\/bihavadis.com\/index.php\/wp-json\/wp\/v2\/comments?post=17255"}],"version-history":[{"count":1,"href":"https:\/\/bihavadis.com\/index.php\/wp-json\/wp\/v2\/posts\/17255\/revisions"}],"predecessor-version":[{"id":17263,"href":"https:\/\/bihavadis.com\/index.php\/wp-json\/wp\/v2\/posts\/17255\/revisions\/17263"}],"wp:featuredmedia":[{"embeddable":true,"href":"https:\/\/bihavadis.com\/index.php\/wp-json\/wp\/v2\/media\/17256"}],"wp:attachment":[{"href":"https:\/\/bihavadis.com\/index.php\/wp-json\/wp\/v2\/media?parent=17255"}],"wp:term":[{"taxonomy":"category","embeddable":true,"href":"https:\/\/bihavadis.com\/index.php\/wp-json\/wp\/v2\/categories?post=17255"},{"taxonomy":"post_tag","embeddable":true,"href":"https:\/\/bihavadis.com\/index.php\/wp-json\/wp\/v2\/tags?post=17255"}],"curies":[{"name":"wp","href":"https:\/\/api.w.org\/{rel}","templated":true}]}}