{"id":17275,"date":"2026-02-05T19:33:07","date_gmt":"2026-02-05T19:33:07","guid":{"rendered":"https:\/\/bihavadis.com\/?p=17275"},"modified":"2026-02-05T19:33:07","modified_gmt":"2026-02-05T19:33:07","slug":"surdurulebilir-cevre-lideri-kampi-baslatildi","status":"publish","type":"post","link":"https:\/\/bihavadis.com\/index.php\/2026\/02\/05\/surdurulebilir-cevre-lideri-kampi-baslatildi\/","title":{"rendered":"S\u00fcrd\u00fcr\u00fclebilir \u00c7evre Lideri Kamp\u0131 Ba\u015flat\u0131ld\u0131"},"content":{"rendered":"<p>Garanti BBVA&#8217;n\u0131n kurucusu ve daimi destek\u00e7isi oldu\u011fu \u00d6\u011fretmen Akademisi Vakf\u0131 (\u00d6RAV) ve ve Dow T\u00fcrkiye i\u015fbirli\u011fiyle &#8220;S\u00fcrd\u00fcr\u00fclebilir \u00c7evre Lideri Kamp\u0131&#8221; d\u00fczenlendi.<\/p>\n<p>Vak\u0131ftan yap\u0131lan a\u00e7\u0131klamaya g\u00f6re, \u0130stanbul&#8217;da ger\u00e7ekle\u015ftirilen kampa, \u0130stanbul, Ankara, \u0130zmir, Samsun, Erzurum, Tekirda\u011f, Mu\u011fla, \u00c7anakkale ve Bal\u0131kesir&#8217;den 19 \u00f6\u011fretmen ve 5 \u00d6RAV e\u011fitimcisi mentor kat\u0131ld\u0131.<\/p>\n<p>\u00d6RAV ile Dow T\u00fcrkiye i\u015fbirli\u011finde hayata ge\u00e7irilen kampta kat\u0131l\u0131mc\u0131lar, s\u00fcrd\u00fcr\u00fclebilir \u00e7evre, etkinlik tasar\u0131m\u0131, geri bildirim mekanizmalar\u0131 ve \u00e7evresel fark\u0131ndal\u0131k konular\u0131n\u0131 ele ald\u0131.<\/p>\n<p>Oturumlarda \u00f6\u011fretmenler, s\u00fcrd\u00fcr\u00fclebilir \u00e7evre liderli\u011fi yakla\u015f\u0131m\u0131yla etkinlikler tasarlarken, bu \u00e7al\u0131\u015fmalar grup seanslar\u0131yla de\u011ferlendirildi. Program sonunda \u00f6\u011fretmenlere &#8220;S\u00fcrd\u00fcr\u00fclebilir \u00c7evre Lideri Sertifikas\u0131&#8221; verildi.<\/p>\n<p>&#8220;S\u00fcrd\u00fcr\u00fclebilirlik, gelece\u011fi sorumlulukla d\u00fc\u015f\u00fcnmeyi gerektiriyor&#8221;<\/p>\n<p>A\u00e7\u0131klamada g\u00f6r\u00fc\u015flerine yer verilen \u00d6RAV Genel M\u00fcd\u00fcr\u00fc Arzu Atasoy, s\u00fcrd\u00fcr\u00fclebilirli\u011fin yaln\u0131zca bug\u00fcn\u00fc de\u011fil gelece\u011fi de sorumlulukla d\u00fc\u015f\u00fcnmeyi gerektirdi\u011fini belirtti.<\/p>\n<p>\u00d6\u011fretmenlerin bu d\u00f6n\u00fc\u015f\u00fcmde aktif birer lider olmas\u0131n\u0131 \u00f6nemsediklerini aktaran Atasoy, &#8220;Dow T\u00fcrkiye i\u015fbirli\u011fiyle ilk kez hayata ge\u00e7irdi\u011fimiz S\u00fcrd\u00fcr\u00fclebilir \u00c7evre Lideri Kamp\u0131, \u00f6\u011fretmenlerin \u00e7evre oda\u011f\u0131nda \u00e7\u00f6z\u00fcm \u00fcretme, etki yaratma ve bu etkiyi e\u011fitim yoluyla yayg\u0131nla\u015ft\u0131rma kapasitelerini g\u00fc\u00e7lendiren \u00e7ok de\u011ferli bir ad\u0131m oldu.&#8221; ifadelerini kulland\u0131.<\/p>\n<p>Atasoy, kamp\u0131n, e\u011fitim ekosisteminde s\u00fcrd\u00fcr\u00fclebilir d\u00f6n\u00fc\u015f\u00fcm i\u00e7in ilham verici bir ba\u015flang\u0131\u00e7 oldu\u011funa inand\u0131klar\u0131n\u0131 vurgulad\u0131.<\/p>\n<p>Dow T\u00fcrkiye ve Orta Asya Ba\u015fkan\u0131 Banu Korun da s\u00fcrd\u00fcr\u00fclebilirli\u011fin, uzun vadeli sorumluluk ve birlikte \u00fcretildi\u011finde anlam kazanan bir yakla\u015f\u0131m oldu\u011funa dikkati \u00e7ekti.<\/p>\n<p>T\u00fcrkiye&#8217;de \u00d6RAV ile 2014 y\u0131l\u0131ndan bu yana \u00f6\u011fretmenlerin mesleki ve ki\u015fisel geli\u015fimini destekleyen yolculu\u011fun bir par\u00e7as\u0131 olmaktan gurur duyduklar\u0131n\u0131 kaydeden Korun, \u015funlar\u0131 ifade etti: <\/p>\n<p>&#8220;12 y\u0131ld\u0131r s\u00fcren bu i\u015fbirli\u011fiyle, \u00f6\u011fretmenler \u00fczerinden \u00f6\u011frencilerimize ve topluma yay\u0131lan kal\u0131c\u0131 bir etki yaratmay\u0131 hedefliyoruz. G\u00fcvene dayal\u0131 bu uzun soluklu ortakl\u0131k, birlikte hareket edildi\u011finde s\u00fcrd\u00fcr\u00fclebilir d\u00f6n\u00fc\u015f\u00fcm\u00fcn nas\u0131l m\u00fcmk\u00fcn olabildi\u011finin \u00e7ok g\u00fc\u00e7l\u00fc bir g\u00f6stergesi.&#8221;<\/p>\n","protected":false},"excerpt":{"rendered":"<p>\u00d6RAV ve Dow T\u00fcrkiye, \u00f6\u011fretmenlere s\u00fcrd\u00fcr\u00fclebilirlik e\u011fitimi veren kamp d\u00fczenledi, sertifikalar verildi.<\/p>\n","protected":false},"author":1,"featured_media":17276,"comment_status":"open","ping_status":"open","sticky":false,"template":"","format":"standard","meta":{"footnotes":""},"categories":[8],"tags":[244,1158,1573,3293,970],"class_list":["post-17275","post","type-post","status-publish","format-standard","has-post-thumbnail","hentry","category-ekonomi","tag-etki","tag-lider","tag-ogretmen","tag-orav","tag-surdurulebilir"],"_links":{"self":[{"href":"https:\/\/bihavadis.com\/index.php\/wp-json\/wp\/v2\/posts\/17275","targetHints":{"allow":["GET"]}}],"collection":[{"href":"https:\/\/bihavadis.com\/index.php\/wp-json\/wp\/v2\/posts"}],"about":[{"href":"https:\/\/bihavadis.com\/index.php\/wp-json\/wp\/v2\/types\/post"}],"author":[{"embeddable":true,"href":"https:\/\/bihavadis.com\/index.php\/wp-json\/wp\/v2\/users\/1"}],"replies":[{"embeddable":true,"href":"https:\/\/bihavadis.com\/index.php\/wp-json\/wp\/v2\/comments?post=17275"}],"version-history":[{"count":1,"href":"https:\/\/bihavadis.com\/index.php\/wp-json\/wp\/v2\/posts\/17275\/revisions"}],"predecessor-version":[{"id":17277,"href":"https:\/\/bihavadis.com\/index.php\/wp-json\/wp\/v2\/posts\/17275\/revisions\/17277"}],"wp:featuredmedia":[{"embeddable":true,"href":"https:\/\/bihavadis.com\/index.php\/wp-json\/wp\/v2\/media\/17276"}],"wp:attachment":[{"href":"https:\/\/bihavadis.com\/index.php\/wp-json\/wp\/v2\/media?parent=17275"}],"wp:term":[{"taxonomy":"category","embeddable":true,"href":"https:\/\/bihavadis.com\/index.php\/wp-json\/wp\/v2\/categories?post=17275"},{"taxonomy":"post_tag","embeddable":true,"href":"https:\/\/bihavadis.com\/index.php\/wp-json\/wp\/v2\/tags?post=17275"}],"curies":[{"name":"wp","href":"https:\/\/api.w.org\/{rel}","templated":true}]}}