{"id":17320,"date":"2026-02-05T20:24:42","date_gmt":"2026-02-05T20:24:42","guid":{"rendered":"https:\/\/bihavadis.com\/?p=17320"},"modified":"2026-02-05T20:24:42","modified_gmt":"2026-02-05T20:24:42","slug":"kastamonuda-yerel-eylem-guruplarina-33-milyon-liralik-hibe-destegi","status":"publish","type":"post","link":"https:\/\/bihavadis.com\/index.php\/2026\/02\/05\/kastamonuda-yerel-eylem-guruplarina-33-milyon-liralik-hibe-destegi\/","title":{"rendered":"Kastamonu&#8217;da yerel eylem guruplar\u0131na 33 milyon liral\u0131k hibe deste\u011fi"},"content":{"rendered":"<p> Kastamonu Tar\u0131m ve K\u0131rsal Kalk\u0131nmay\u0131 Destekleme Kurumu taraf\u0131ndan Ara\u00e7 Yerel Eylem Grubu, Ta\u015fk\u00f6pr\u00fc Yerel Eylem Grubu ve \u015eenp\u0131nar Yerel Eylem Grubu derneklerine 33 milyon liral\u0131k hibe deste\u011fi sa\u011flanacak.<\/p>\n<p>Kastamonu Tar\u0131m ve K\u0131rsal Kalk\u0131nmay\u0131 Destekleme Kurumu (TKDK) IPARD-III Program\u0131 Proje \u0130mza Program\u0131, Valilik Makam\u0131nda Vali Meftun Dall\u0131&#8217;n\u0131n ba\u015fkanl\u0131\u011f\u0131nda yap\u0131ld\u0131. D\u00fczenlenen proje imza program\u0131na Vali Meftun Dall\u0131, Kastamonu Tar\u0131m ve K\u0131rsal Kalk\u0131nmay\u0131 Destekleme Kurumu \u0130l Koordinat\u00f6r\u00fc Ahmet Kuyulu, P\u0131narba\u015f\u0131 Belediye Ba\u015fkan\u0131 Serkan Ar\u0131 ve di\u011fer ilgili ki\u015filer kat\u0131ld\u0131.<\/p>\n<p>TKDK IPARD-III Program\u0131 Projesi hakk\u0131nda bilgi veren Vali Meftun Dall\u0131, &#8220;Bu kurumun tamam\u0131 hibe \u015feklinde verdi\u011fi bir destek ve ad\u0131 \u00fczerinde Yerel Eylem Gruplar\u0131&#8217;na tam da bir inisiyatif tan\u0131m\u0131\u015flar. Yerelin \u00f6zelliklerine g\u00f6re faaliyet alanlar\u0131n\u0131 ne yapacaklar\u0131n\u0131 da kendileri se\u00e7iyorlar, belirliyorlar ve o \u015fekilde \u00e7al\u0131\u015facaklar. Tar\u0131m ve K\u0131rsal Kalk\u0131nmay\u0131 Destekleme Kurumu taraf\u0131ndan Yerel Eylem Gruplar\u0131 destekleniyor. Avrupa Birli\u011fi (AB) ve T\u00fcrkiye Cumhuriyeti e\u015f finansman\u0131nda y\u00fcr\u00fct\u00fclen IPARD-III Program\u0131 6. \u00c7a\u011fr\u0131 Yerel Kalk\u0131nma Stratejilerinin Uygulanmas\u0131 (LEADER) tedbiri kapsam\u0131nda Yerel Eylem Gruplar\u0131 desteklenmektedir. \u0130limizden 7 yerel eylem grubu ba\u015fvuru yapm\u0131\u015f ve tamam\u0131 s\u00f6zle\u015fme imzalamaya hak kazanm\u0131\u015ft\u0131r. 3&#8217;\u00fc s\u00f6zle\u015fme imzalama a\u015famas\u0131na gelmi\u015f, 4 yerel eylem grubunun ba\u015fvuru i\u015flemleri devam etmektedir. Yerel eylem hruplar\u0131n\u0131n kendi haz\u0131rlad\u0131klar\u0131 stratejileri ile ilgili yapacaklar\u0131 harcamalar y\u00fczde 100 oran\u0131nda desteklenmektedir. Bu derneklerin y\u00f6netim kurullar\u0131, kamu, \u00f6zel sekt\u00f6r ve sivil toplum kurulu\u015fu temsilcilerinden olu\u015fuyor. Ayr\u0131ca y\u00f6netim kurulunda bir kad\u0131n ve bir gen\u00e7 \u00fcye bulunuyor. Dernekler, faaliyet b\u00f6lgelerinin kalk\u0131nmas\u0131 i\u00e7in bir Yerel Kalk\u0131nma Stratejisi olu\u015fturdular. Bu stratejiler kabul edildi. LEADER yakla\u015f\u0131m\u0131 \u00e7er\u00e7evesinde belirlenen temalara uygun olarak y\u00fcr\u00fct\u00fclecek olan, yerel halk\u0131n e\u011fitimi, animasyon ve tan\u0131t\u0131m faaliyetlerinin d\u00fczenlenmesi, halk\u0131n ulusal ve uluslar aras\u0131 seminer ve \u00e7al\u0131\u015ftaylara, toplant\u0131lara kat\u0131l\u0131m\u0131 gibi yetenek kazand\u0131rma faaliyetleri, k\u00f6y festivalleri, fuarlara kat\u0131l\u0131m, \u00e7e\u015fitli malzeme al\u0131mlar\u0131, k\u00fclt\u00fcrel ve gen\u00e7lik gruplar\u0131 i\u00e7in malzemeler, topluluk odalar\u0131 i\u00e7in mobilya al\u0131mlar\u0131, topluluk binalar\u0131n\u0131n k\u00fc\u00e7\u00fck \u00f6l\u00e7ekli yenilenmesi, tarihi binalar\u0131n restorasyonu i\u00e7in tasar\u0131m planlar\u0131 gibi k\u00fc\u00e7\u00fck \u00f6l\u00e7ekli projeler yerel payda\u015flar\u0131n kat\u0131l\u0131m\u0131yla hayata ge\u00e7irilecek. Ayr\u0131ca yerel eylem gruplar\u0131n\u0131n i\u015fletme giderleri, demirba\u015f al\u0131mlar\u0131 gibi giderlerde destek kapsam\u0131nda yer al\u0131yor. IPARD- II d\u00f6neminde Kastamonu&#8217;da 8 Yerel eylem grubu faaliyette bulundu. Bu YEG&#8217;lere toplam 35,35 milyon TL hibe \u00f6demesi yap\u0131ld\u0131. \u0130mzalanacak olan s\u00f6zle\u015fmelerin YEG&#8217;lerimize ve il\u00e7elerimize hay\u0131rl\u0131 olmas\u0131n\u0131 dileriz&#8221; dedi.<\/p>\n<p>TKDK \u0130l Koordinat\u00f6r\u00fc Ahmet Kuyulu ise, &#8220;3 tane yerel eylem gurubumuz var. Bunlardan birisi olan Ara\u00e7 Yerel Eylem Grubu, Ara\u00e7-\u0130hsangazi ve k\u00f6ylerini kaps\u0131yor. Ta\u015fk\u00f6pr\u00fc Yerel Eylem Grubu ise Ta\u015fk\u00f6pr\u00fc ve Han\u00f6n\u00fc il\u00e7esindeki faaliyetleri y\u00fcr\u00fct\u00fclecekler. \u015eenp\u0131nar Yerel Eylem Grubu Derne\u011fi de P\u0131narba\u015f\u0131-\u015eenpazar il\u00e7e ve k\u00f6ylerini kaps\u0131yor. Bunlar\u0131n \u00fc\u00e7\u00fcn\u00fcn toplam b\u00fct\u00e7esi 33 milyon 168 bin TL&#8217;dir. Bu b\u00fct\u00e7eleri kullanacaklar. Biz de y\u00fczde 100 oran\u0131nda hibe verece\u011fiz. Kendi stratejilerini belirledikleri stratejileri do\u011frultusunda faaliyetlerini y\u00fcr\u00fctecekler. Bunlar, e\u011fitim faaliyetlerinden, kendi ihtiya\u00e7lar\u0131n\u0131 kar\u015f\u0131lamadan kooperatiflerin, birliklerin, di\u011fer derneklerin ihtiya\u00e7lar\u0131n\u0131 kar\u015f\u0131lama y\u00f6nelik projeleri \u00fcretmeye, yetenek kazand\u0131rma faaliyetleri gibi bir\u00e7ok faaliyetler yapacaklar ve biz bunlar\u0131 destekleyece\u011fiz. Hatta kendi \u00e7al\u0131\u015fanlar\u0131n tutun da derneklerin ofislerinin kiras\u0131na kadar destek kapsam\u0131nda hepsi destek kapsam\u0131nda yerelde kendi i\u015f dinamikleriyle faaliyetlerini tetikleyecek projeleri biz destekleyece\u011fiz&#8221; diye konu\u015ftu. &#8211; KASTAMONU<\/p>\n","protected":false},"excerpt":{"rendered":"<p>Kastamonu Tar\u0131m ve K\u0131rsal Kalk\u0131nmay\u0131 Destekleme Kurumu, \u00fc\u00e7 Yerel Eylem Grubu&#8217;na toplam 33 milyon lira hibe deste\u011fi sa\u011fl\u0131yor. Destek, yerel kalk\u0131nma stratejileri \u00e7er\u00e7evesinde \u00e7e\u015fitli projelerin hayata ge\u00e7irilmesine katk\u0131da bulunacak.<\/p>\n","protected":false},"author":1,"featured_media":17321,"comment_status":"open","ping_status":"open","sticky":false,"template":"","format":"standard","meta":{"footnotes":""},"categories":[8],"tags":[498,930,3302,237,1574],"class_list":["post-17320","post","type-post","status-publish","format-standard","has-post-thumbnail","hentry","category-ekonomi","tag-destek","tag-faaliyet","tag-kalkinma","tag-proje","tag-yerel"],"_links":{"self":[{"href":"https:\/\/bihavadis.com\/index.php\/wp-json\/wp\/v2\/posts\/17320","targetHints":{"allow":["GET"]}}],"collection":[{"href":"https:\/\/bihavadis.com\/index.php\/wp-json\/wp\/v2\/posts"}],"about":[{"href":"https:\/\/bihavadis.com\/index.php\/wp-json\/wp\/v2\/types\/post"}],"author":[{"embeddable":true,"href":"https:\/\/bihavadis.com\/index.php\/wp-json\/wp\/v2\/users\/1"}],"replies":[{"embeddable":true,"href":"https:\/\/bihavadis.com\/index.php\/wp-json\/wp\/v2\/comments?post=17320"}],"version-history":[{"count":1,"href":"https:\/\/bihavadis.com\/index.php\/wp-json\/wp\/v2\/posts\/17320\/revisions"}],"predecessor-version":[{"id":17322,"href":"https:\/\/bihavadis.com\/index.php\/wp-json\/wp\/v2\/posts\/17320\/revisions\/17322"}],"wp:featuredmedia":[{"embeddable":true,"href":"https:\/\/bihavadis.com\/index.php\/wp-json\/wp\/v2\/media\/17321"}],"wp:attachment":[{"href":"https:\/\/bihavadis.com\/index.php\/wp-json\/wp\/v2\/media?parent=17320"}],"wp:term":[{"taxonomy":"category","embeddable":true,"href":"https:\/\/bihavadis.com\/index.php\/wp-json\/wp\/v2\/categories?post=17320"},{"taxonomy":"post_tag","embeddable":true,"href":"https:\/\/bihavadis.com\/index.php\/wp-json\/wp\/v2\/tags?post=17320"}],"curies":[{"name":"wp","href":"https:\/\/api.w.org\/{rel}","templated":true}]}}