{"id":17376,"date":"2026-02-05T21:27:09","date_gmt":"2026-02-05T21:27:09","guid":{"rendered":"https:\/\/bihavadis.com\/?p=17376"},"modified":"2026-02-05T21:27:09","modified_gmt":"2026-02-05T21:27:09","slug":"bursada-kira-odemedikleri-daire-cope-dondu","status":"publish","type":"post","link":"https:\/\/bihavadis.com\/index.php\/2026\/02\/05\/bursada-kira-odemedikleri-daire-cope-dondu\/","title":{"rendered":"Bursa&#8217;da kira \u00f6demedikleri daire \u00e7\u00f6pe d\u00f6nd\u00fc"},"content":{"rendered":"<p>Bursa&#8217;n\u0131n Osmangazi il\u00e7esinde ya\u015fayan Erol \u00dcnveren, dairesini 1,5 y\u0131l \u00f6nce K.K.\u2019ye 6 ayl\u0131\u011f\u0131na kiralad\u0131<\/p>\n<p>M\u00fcteahhide ev yapt\u0131rd\u0131\u011f\u0131n\u0131 ve 6 ay i\u00e7erisinde evinin haz\u0131r olaca\u011f\u0131n\u0131 s\u00f6yleyen K.K., ilk aylarda kiras\u0131n\u0131 d\u00fczenli olarak \u00f6dedi.<\/p>\n<p>Verdi\u011fi s\u00fcre i\u00e7inde evden \u00e7\u0131kmayan K.K., 8 ayd\u0131r kiras\u0131n\u0131 \u00f6demedi.<\/p>\n<p><strong>EV \u00c7\u00d6PLE DOLDU<\/strong><\/p>\n<p>Ayl\u0131k 16 bin 500 TL olan kiras\u0131n\u0131 alamay\u0131p, kirac\u0131s\u0131n\u0131n telefonlar\u0131n\u0131 ve kap\u0131s\u0131n\u0131 a\u00e7mad\u0131\u011f\u0131 \u00dcnveren, evin tahliyesi i\u00e7in dava a\u00e7t\u0131.<\/p>\n<p>\u00dcnveren, icra takibi i\u00e7in eve giden avukat\u0131n\u0131n \u00e7ekti\u011fi foto\u011fraf ve g\u00f6r\u00fcnt\u00fclerle ise b\u00fcy\u00fck \u00fcz\u00fcnt\u00fc ya\u015fad\u0131\u011f\u0131n\u0131 belirtti.<\/p>\n<p>G\u00f6r\u00fcnt\u00fclerde duvarlar\u0131 soyulan, parke ve fayans olan zemininde sigara s\u00f6nd\u00fcr\u00fclen dairenin odalar\u0131n\u0131n ise \u00e7\u00f6p y\u0131\u011f\u0131nlar\u0131yla dolu oldu\u011fu g\u00f6r\u00fcld\u00fc.<\/p>\n<p><strong>&#8220;EV\u0130M\u0130N EN AZ 200 B\u0130N L\u0130RA MASRAFI VAR&#8221;<\/strong><\/p>\n<p>Kira harici, evindeki zarar\u0131n en az 200 bin lira oldu\u011funu s\u00f6yleyen Erol \u00dcnveren, &#8220;<em><b>Konutumu \u00e7\u00f6p eve \u00e7evirdi. B\u00fct\u00fcn kom\u015fular \u015fikayet\u00e7i. Her g\u00fcn beni rahats\u0131z ediyorlar. Bu evden bunlar\u0131n \u00e7\u0131kar\u0131lmas\u0131 i\u00e7in kap\u0131lar\u0131na \u00e7ok defa gittim. <\/b><\/em><\/p>\n<p><em><b>Kap\u0131lar\u0131n\u0131 a\u00e7may\u0131p, \u00e7e\u015fitli hakaretlerde bulundular. Evimin en az 200 bin lira masraf\u0131 var<\/b><\/em>&#8221; dedi.<\/p>\n<p><img decoding=\"async\" src=\"https:\/\/bihavadis.com\/wp-content\/uploads\/2026\/02\/bursada-kira-odemedikleri-daire-cope-dondu-0-9u3zwQWr.jpg\"\/><\/p>\n<p><strong>&#8220;2 \u00c7OCUK UYGUNSUZ KO\u015eULLARDA B\u00dcY\u00dcYOR&#8221;<\/strong><\/p>\n<p>\u00c7\u00f6p eve d\u00f6nen dairesinde 2 \u00e7ocu\u011fun da ya\u015fad\u0131\u011f\u0131na dikkat \u00e7eken \u00dcnveren, <em><b>&#8220;Bir an evvel evden \u00e7\u0131kar\u0131lmas\u0131n\u0131 istiyorum. Bu evde ya\u015fayan iki tane de k\u00fc\u00e7\u00fck \u00e7ocuk var.<\/b><\/em><\/p>\n<p><em><b> \u00c7\u00f6p eve d\u00f6nen dairemde onlar\u0131n da sa\u011fl\u0131\u011f\u0131ndan endi\u015fe ediyorum. Sa\u011fl\u0131ks\u0131z ko\u015fullarda ya\u015f\u0131yor. Aile ve Sosyal Hizmetler Bakanl\u0131\u011f\u0131&#8217;na sesleniyorum. <\/b><\/em><\/p>\n<p><em><b>Bu \u00e7ocuklar devlet korumas\u0131na al\u0131ns\u0131n. Osmangazi Belediyesi de evi temizlesin. Evi \u00e7\u00f6p ev haline getirdiler. Evimi peri\u015fan ettiler. \u015eu anda ald\u0131\u011f\u0131m kiran\u0131n hi\u00e7 de\u011feri yok. Ben bu ma\u011fduriyetimin kar\u015f\u0131lanmas\u0131n\u0131 istiyorum&#8221;<\/b><\/em> diye konu\u015ftu.<\/p>\n<p><img decoding=\"async\" src=\"https:\/\/bihavadis.com\/wp-content\/uploads\/2026\/02\/bursada-kira-odemedikleri-daire-cope-dondu-1-WR8yO2k5.jpg\"\/><\/p>\n<p><img decoding=\"async\" src=\"https:\/\/bihavadis.com\/wp-content\/uploads\/2026\/02\/bursada-kira-odemedikleri-daire-cope-dondu-2-bdIhkb4q.jpg\"\/><\/p>\n<p><img decoding=\"async\" src=\"https:\/\/bihavadis.com\/wp-content\/uploads\/2026\/02\/bursada-kira-odemedikleri-daire-cope-dondu-3-HACcYKHG.jpg\"\/><\/p>\n<p><img decoding=\"async\" src=\"https:\/\/bihavadis.com\/wp-content\/uploads\/2026\/02\/bursada-kira-odemedikleri-daire-cope-dondu-4-bQa8SkWz.jpg\"\/><\/p>\n<p><img decoding=\"async\" src=\"https:\/\/bihavadis.com\/wp-content\/uploads\/2026\/02\/bursada-kira-odemedikleri-daire-cope-dondu-5-f9maMpI4.jpg\"\/><\/p>\n","protected":false},"excerpt":{"rendered":"<p>Bursa&#8217;da Erol \u00dcnveren, dairesini 1,5 y\u0131l \u00f6nce 6 ayl\u0131\u011f\u0131na kiralad\u0131\u011f\u0131 K.K.&#8217;den 8 ayd\u0131r \u00f6deme alamad\u0131\u011f\u0131 gerek\u00e7esiyle tahliyesi davas\u0131 a\u00e7t\u0131.<\/p>\n","protected":false},"author":1,"featured_media":17377,"comment_status":"open","ping_status":"open","sticky":false,"template":"","format":"standard","meta":{"footnotes":""},"categories":[4,13],"tags":[3309,842],"class_list":["post-17376","post","type-post","status-publish","format-standard","has-post-thumbnail","hentry","category-gundem","category-son-dakika","tag-cop","tag-kira"],"_links":{"self":[{"href":"https:\/\/bihavadis.com\/index.php\/wp-json\/wp\/v2\/posts\/17376","targetHints":{"allow":["GET"]}}],"collection":[{"href":"https:\/\/bihavadis.com\/index.php\/wp-json\/wp\/v2\/posts"}],"about":[{"href":"https:\/\/bihavadis.com\/index.php\/wp-json\/wp\/v2\/types\/post"}],"author":[{"embeddable":true,"href":"https:\/\/bihavadis.com\/index.php\/wp-json\/wp\/v2\/users\/1"}],"replies":[{"embeddable":true,"href":"https:\/\/bihavadis.com\/index.php\/wp-json\/wp\/v2\/comments?post=17376"}],"version-history":[{"count":1,"href":"https:\/\/bihavadis.com\/index.php\/wp-json\/wp\/v2\/posts\/17376\/revisions"}],"predecessor-version":[{"id":17384,"href":"https:\/\/bihavadis.com\/index.php\/wp-json\/wp\/v2\/posts\/17376\/revisions\/17384"}],"wp:featuredmedia":[{"embeddable":true,"href":"https:\/\/bihavadis.com\/index.php\/wp-json\/wp\/v2\/media\/17377"}],"wp:attachment":[{"href":"https:\/\/bihavadis.com\/index.php\/wp-json\/wp\/v2\/media?parent=17376"}],"wp:term":[{"taxonomy":"category","embeddable":true,"href":"https:\/\/bihavadis.com\/index.php\/wp-json\/wp\/v2\/categories?post=17376"},{"taxonomy":"post_tag","embeddable":true,"href":"https:\/\/bihavadis.com\/index.php\/wp-json\/wp\/v2\/tags?post=17376"}],"curies":[{"name":"wp","href":"https:\/\/api.w.org\/{rel}","templated":true}]}}