{"id":17493,"date":"2026-02-05T22:54:07","date_gmt":"2026-02-05T22:54:07","guid":{"rendered":"https:\/\/bihavadis.com\/?p=17493"},"modified":"2026-02-05T22:54:07","modified_gmt":"2026-02-05T22:54:07","slug":"cumhurbaskani-erdogandan-suudi-arabistan-cikarmasi","status":"publish","type":"post","link":"https:\/\/bihavadis.com\/index.php\/2026\/02\/05\/cumhurbaskani-erdogandan-suudi-arabistan-cikarmasi\/","title":{"rendered":"Cumhurba\u015fkan\u0131 Erdo\u011fan&#8217;dan Suudi Arabistan \u00e7\u0131karmas\u0131"},"content":{"rendered":"<p>T\u00fcrkiye ve Orta Do\u011fu ili\u015fkileri h\u0131z kesmeden devam ediyor. Diplomatik ili\u015fkileri bir \u00fcst lige ta\u015f\u0131yan Recep Tayyip Erdo\u011fan\u00a0Veliaht Prensi Muhammed bin Selman&#8217;\u0131n daveti \u00fczerine Suudi Arabistan&#8217;a gitti.<\/p>\n<p><strong>ESENBO\u011eA HAVAL\u0130MANINDAN HARAKET ETT\u0130<\/strong><\/p>\n<p>Cumhurba\u015fkan\u0131 Recep Tayyip Erdo\u011fan Suudi Arabistan Veliaht Prensi Muhammed bin Selman&#8217;\u0131n daveti \u00fczerine \u00f6zel u\u00e7ak &#8220;TUR&#8221; ile Suudi Arabistan&#8217;a gitti. Cumhurba\u015fkan\u0131 Erdo\u011fan&#8217;\u0131 Esenbo\u011fa Havaliman\u0131&#8217;ndan Cumhurba\u015fkan\u0131 Yard\u0131mc\u0131s\u0131 Cevdet Y\u0131lmaz, Ankara Valisi Vasip \u015eahin u\u011furlad\u0131.<\/p>\n<p><strong>BAKANLAR E\u015eL\u0130K ETT\u0130<\/strong><\/p>\n<p>Cumhurba\u015fkan\u0131 Erdo\u011fan&#8217;a Suudi Arabistan ziyaretinde Emine Erdo\u011fan, D\u0131\u015fi\u015fleri Bakan\u0131 Hakan Fidan, Hazine ve Maliye Bakan\u0131 Mehmet \u015eim\u015fek, Aile ve Sosyal Hizmetler Bakan\u0131 Mahinur \u00d6zdemir G\u00f6kta\u015f, Enerji ve Tabii Kaynaklar Bakan\u0131 Alparslan Bayraktar, Sanayi ve Teknoloji Bakan\u0131 Mehmet Fatih Kac\u0131r, Gen\u00e7lik ve Spor Bakan\u0131 Osman A\u015fk\u0131n Bak, Milli Savunma Bakan\u0131 Ya\u015far G\u00fcler, Sa\u011fl\u0131k Bakan\u0131 Kemal Memi\u015fo\u011flu, Cumhurba\u015fkanl\u0131\u011f\u0131 \u0130leti\u015fim Ba\u015fkan\u0131 Burhanettin Duran, Cumhurba\u015fkan\u0131 D\u0131\u015f Politika ve G\u00fcvenlik Ba\u015fdan\u0131\u015fman\u0131 Akif \u00c7a\u011fatay K\u0131l\u0131\u00e7 ile baz\u0131 yetkililer de e\u015flik ediyor.<\/p>\n<p>Cumhurba\u015fkan\u0131, Riyad&#8217;\u0131 ziyaretinin ard\u0131ndan 4 \u015eubat 2026 tarihinde ise M\u0131s\u0131r Cumhurba\u015fkan\u0131 Abd\u00fclfettah Es-Sisi&#8217;nin davetine \u00fczerine M\u0131s\u0131r&#8217;a gidecek.<\/p>\n","protected":false},"excerpt":{"rendered":"<p>Cumhurba\u015fkan\u0131 Recep Tayyip Erdo\u011fan Veliaht Prensi Muhammed bin Selman&#8217;\u0131n daveti \u00fczerine Suudi Arabistan&#8217;a ziyareti i\u00e7in Ankara&#8217;dan ayr\u0131ld\u0131.<\/p>\n","protected":false},"author":1,"featured_media":17494,"comment_status":"open","ping_status":"open","sticky":false,"template":"","format":"standard","meta":{"footnotes":""},"categories":[9,13],"tags":[1297,1526],"class_list":["post-17493","post","type-post","status-publish","format-standard","has-post-thumbnail","hentry","category-genel","category-son-dakika","tag-cumhurbaskani","tag-erdogan"],"_links":{"self":[{"href":"https:\/\/bihavadis.com\/index.php\/wp-json\/wp\/v2\/posts\/17493","targetHints":{"allow":["GET"]}}],"collection":[{"href":"https:\/\/bihavadis.com\/index.php\/wp-json\/wp\/v2\/posts"}],"about":[{"href":"https:\/\/bihavadis.com\/index.php\/wp-json\/wp\/v2\/types\/post"}],"author":[{"embeddable":true,"href":"https:\/\/bihavadis.com\/index.php\/wp-json\/wp\/v2\/users\/1"}],"replies":[{"embeddable":true,"href":"https:\/\/bihavadis.com\/index.php\/wp-json\/wp\/v2\/comments?post=17493"}],"version-history":[{"count":1,"href":"https:\/\/bihavadis.com\/index.php\/wp-json\/wp\/v2\/posts\/17493\/revisions"}],"predecessor-version":[{"id":17495,"href":"https:\/\/bihavadis.com\/index.php\/wp-json\/wp\/v2\/posts\/17493\/revisions\/17495"}],"wp:featuredmedia":[{"embeddable":true,"href":"https:\/\/bihavadis.com\/index.php\/wp-json\/wp\/v2\/media\/17494"}],"wp:attachment":[{"href":"https:\/\/bihavadis.com\/index.php\/wp-json\/wp\/v2\/media?parent=17493"}],"wp:term":[{"taxonomy":"category","embeddable":true,"href":"https:\/\/bihavadis.com\/index.php\/wp-json\/wp\/v2\/categories?post=17493"},{"taxonomy":"post_tag","embeddable":true,"href":"https:\/\/bihavadis.com\/index.php\/wp-json\/wp\/v2\/tags?post=17493"}],"curies":[{"name":"wp","href":"https:\/\/api.w.org\/{rel}","templated":true}]}}