{"id":17511,"date":"2026-02-05T23:09:05","date_gmt":"2026-02-05T23:09:05","guid":{"rendered":"https:\/\/bihavadis.com\/?p=17511"},"modified":"2026-02-05T23:09:05","modified_gmt":"2026-02-05T23:09:05","slug":"gencler-sorunlarini-tartisacak","status":"publish","type":"post","link":"https:\/\/bihavadis.com\/index.php\/2026\/02\/05\/gencler-sorunlarini-tartisacak\/","title":{"rendered":"Gen\u00e7ler sorunlar\u0131n\u0131 tart\u0131\u015facak"},"content":{"rendered":"<p>Antalya B\u00fcy\u00fck\u015fehir Belediyesi, Gen\u00e7lik \u00d6rg\u00fctleri Forumu (GoFor) i\u015f birli\u011fiyle y\u00fcr\u00fctmekte oldu\u011fu \u201cYerel Gen\u00e7lik Politikas\u0131 Program\u0131\u201d kapsam\u0131nda, Antalya Yerel Gen\u00e7lik Forumu d\u00fczenliyor. 7 \u015eubat\u2019ta d\u00fczenlenecek forumda Antalyal\u0131 gen\u00e7ler, kentte ya\u015fad\u0131klar\u0131 deneyimlerini, ihtiya\u00e7lar\u0131n\u0131 ve taleplerini do\u011frudan payla\u015fabilme imkan\u0131 bulacak.\u00a0<\/p>\n<p>B\u00fcy\u00fck\u015fehir Belediyesi ve Gen\u00e7lik \u00d6rg\u00fctleri Forumu (GoFor) i\u015f birli\u011fiyle \u201cYerel Gen\u00e7lik Politikas\u0131 Program\u0131\u201d kapsam\u0131nda 7 \u015eubat 2026 Cumartesi g\u00fcn\u00fc, \u201cGen\u00e7lerin G\u00fcn\u00fc\u201d ba\u015fl\u0131\u011f\u0131yla Antalya B\u00fcy\u00fck\u015fehir Belediyesi Hizmet Binas\u0131\u2019ndaki Sosyal Tesislerde Antalya Yerel Gen\u00e7lik Forumu ger\u00e7ekle\u015ftirilecek. Antalya B\u00fcy\u00fck\u015fehir Belediyesi Gen\u00e7lik Meclisi\u2019nin 2025 y\u0131l\u0131n\u0131n ilk toplant\u0131s\u0131nda Muhittin B\u00f6cek\u2019in \u201cT\u00fcrkiye\u2019de ilk olacak diyerek m\u00fcjdeledi\u011fi Antalya Yerel Gen\u00e7lik Politikas\u0131 Program\u0131\u2019na ba\u015fvurular s\u00fcr\u00fcyor.\u00a0<br \/>SEK\u0130Z GEN\u00c7L\u0130K HAKKI ELE ALINACAK<br \/>18\u201335 ya\u015f aras\u0131 gen\u00e7lerin kat\u0131l\u0131m\u0131na a\u00e7\u0131k olacak programda; Yerel Gen\u00e7lik Politikas\u0131 s\u00fcreci aktar\u0131lacak. Gen\u00e7ler sekiz gen\u00e7lik hakk\u0131 ba\u015fl\u0131\u011f\u0131 olan; ayr\u0131mc\u0131l\u0131kla m\u00fccadele, bar\u0131nma, \u00e7al\u0131\u015fma, e\u011fitim, ifade \u00f6zg\u00fcrl\u00fc\u011f\u00fc, kat\u0131l\u0131m, \u00f6rg\u00fctlenme \u00f6zg\u00fcrl\u00fc\u011f\u00fc ve sa\u011fl\u0131k hakk\u0131 ba\u015fl\u0131klar\u0131nda d\u00fczenlenecek yuvarlak masa toplant\u0131lar\u0131yla talep, ihtiya\u00e7 ve \u00e7\u00f6z\u00fcm \u00f6nerilerini tart\u0131\u015fma f\u0131rsat\u0131 bulacak.\u00a0<br \/>SONU\u00c7LAR KURUM TEMS\u0130LC\u0130LER\u0130YLE PAYLA\u015eILACAK<br \/>7 \u015eubat tarihinde yap\u0131lacak olan Antalya Yerel Gen\u00e7lik Forumu sonras\u0131nda ise 9 \u015eubat tarihinde ise Antalya Yerel Gen\u00e7lik Forumu \u2013 Ara\u015ft\u0131rma Sonu\u00e7lar\u0131 Toplant\u0131s\u0131 yap\u0131lacak. Antalya B\u00fcy\u00fck\u015fehir Belediyesi Gen\u00e7lik ve Spor Hizmetleri Dairesi Ba\u015fkanl\u0131\u011f\u0131\u2019na ba\u011fl\u0131 olarak hizmet veren HUB Antalya Giri\u015fimcilik Merkezi\u2019nde yap\u0131lacak olan toplant\u0131da hem ara\u015ft\u0131rma sonu\u00e7lar\u0131 hem de forumun sonu\u00e7lar\u0131 temsilcilerle payla\u015f\u0131lacak. Antalya Yerel Gen\u00e7lik Forumu sonras\u0131nda politika metninin \u015fekillendirilerek Nisan ay\u0131 ortas\u0131na kadar Antalya Yerel Gen\u00e7lik Politika Belgesi\u2019nin kamuoyu ile payla\u015f\u0131lmas\u0131 planlan\u0131yor.<br \/>BA\u015eVURULAR ONLINE<br \/>Gen\u00e7lik Forumuna kat\u0131lmak isteyen 18 \u2013 35 ya\u015f aras\u0131ndaki gen\u00e7ler www.antalya.bel.tr ve www.yerelgenclikpolitikasi.org adresinde yer alan detayl\u0131 bilgi ve form ile ba\u015fvuru yapabilecek. Ayr\u0131nt\u0131l\u0131 bilgi almak isteyen gen\u00e7ler ise 0242 321 24 70 numaral\u0131 telefon \u00fczerinden Antalya B\u00fcy\u00fck\u015fehir Belediyesi Gen\u00e7lik ve Spor Hizmetleri Dairesi Ba\u015fkanl\u0131\u011f\u0131\u2019ndan bilgi alabilecek. Kat\u0131l\u0131mc\u0131 gen\u00e7ler i\u00e7in sabah 09.45\u2019te Akdeniz \u00dcniversitesi \u00f6n\u00fcnden B\u00fcy\u00fck\u015fehir Belediyesi\u2019ne \u00fccretsiz ula\u015f\u0131m imk\u00e2n\u0131 sa\u011flanacak. \u0130l\u00e7elerden gelecek gen\u00e7ler i\u00e7in de ba\u015fvuruda bulunmalar\u0131 halinde il\u00e7e belediyeleri i\u015f birli\u011fi ile ara\u00e7 deste\u011fi sa\u011flanacak.\u00a0<\/p>\n<p>\u00a0<\/p>\n<p>Kaynak: (BYZHA) Beyaz Haber Ajans\u0131<\/p>\n","protected":false},"excerpt":{"rendered":"<p>Antalya B\u00fcy\u00fck\u015fehir Belediyesi, Gen\u00e7lik \u00d6rg\u00fctleri Forumu (GoFor) i\u015f birli\u011fiyle y\u00fcr\u00fctmekte oldu\u011fu \u201cYerel Gen\u00e7lik Politikas\u0131 Program\u0131\u201d kapsam\u0131nda, Antalya Yerel Gen\u00e7lik Forumu d\u00fczenliyor.<\/p>\n","protected":false},"author":1,"featured_media":17512,"comment_status":"open","ping_status":"open","sticky":false,"template":"","format":"standard","meta":{"footnotes":""},"categories":[4],"tags":[1774,1205,2417],"class_list":["post-17511","post","type-post","status-publish","format-standard","has-post-thumbnail","hentry","category-gundem","tag-antalya-buyuksehir-belediyesi","tag-gencler","tag-genclik"],"_links":{"self":[{"href":"https:\/\/bihavadis.com\/index.php\/wp-json\/wp\/v2\/posts\/17511","targetHints":{"allow":["GET"]}}],"collection":[{"href":"https:\/\/bihavadis.com\/index.php\/wp-json\/wp\/v2\/posts"}],"about":[{"href":"https:\/\/bihavadis.com\/index.php\/wp-json\/wp\/v2\/types\/post"}],"author":[{"embeddable":true,"href":"https:\/\/bihavadis.com\/index.php\/wp-json\/wp\/v2\/users\/1"}],"replies":[{"embeddable":true,"href":"https:\/\/bihavadis.com\/index.php\/wp-json\/wp\/v2\/comments?post=17511"}],"version-history":[{"count":1,"href":"https:\/\/bihavadis.com\/index.php\/wp-json\/wp\/v2\/posts\/17511\/revisions"}],"predecessor-version":[{"id":17513,"href":"https:\/\/bihavadis.com\/index.php\/wp-json\/wp\/v2\/posts\/17511\/revisions\/17513"}],"wp:featuredmedia":[{"embeddable":true,"href":"https:\/\/bihavadis.com\/index.php\/wp-json\/wp\/v2\/media\/17512"}],"wp:attachment":[{"href":"https:\/\/bihavadis.com\/index.php\/wp-json\/wp\/v2\/media?parent=17511"}],"wp:term":[{"taxonomy":"category","embeddable":true,"href":"https:\/\/bihavadis.com\/index.php\/wp-json\/wp\/v2\/categories?post=17511"},{"taxonomy":"post_tag","embeddable":true,"href":"https:\/\/bihavadis.com\/index.php\/wp-json\/wp\/v2\/tags?post=17511"}],"curies":[{"name":"wp","href":"https:\/\/api.w.org\/{rel}","templated":true}]}}