{"id":17584,"date":"2026-02-06T00:06:08","date_gmt":"2026-02-06T00:06:08","guid":{"rendered":"https:\/\/bihavadis.com\/?p=17584"},"modified":"2026-02-06T00:06:08","modified_gmt":"2026-02-06T00:06:08","slug":"emine-erdogan-seyh-zayed-cocuk-evleri-sitesi-yeni-birimler-acilis-programina-katildi-aciklamasi","status":"publish","type":"post","link":"https:\/\/bihavadis.com\/index.php\/2026\/02\/06\/emine-erdogan-seyh-zayed-cocuk-evleri-sitesi-yeni-birimler-acilis-programina-katildi-aciklamasi\/","title":{"rendered":"Emine Erdo\u011fan, \u015eeyh Zayed \u00c7ocuk Evleri Sitesi Yeni Birimler A\u00e7\u0131l\u0131\u015f Program\u0131&#8217;na kat\u0131ld\u0131 A\u00e7\u0131klamas\u0131"},"content":{"rendered":"<p>Cumhurba\u015fkan\u0131 Recep Tayyip Erdo\u011fan&#8217;\u0131n e\u015fi Emine Erdo\u011fan, &#8220;D\u00fcnyam\u0131z, sava\u015f, ayr\u0131mc\u0131l\u0131k, yoksulluk, g\u00f6\u00e7, iklim de\u011fi\u015fikli\u011fi gibi birbiri i\u00e7ine ge\u00e7mi\u015f k\u00fcresel krizlerle dolu ve bu s\u0131namalar g\u00fcn ge\u00e7tik\u00e7e daha da a\u011f\u0131rla\u015f\u0131yor. En b\u00fcy\u00fck bedeliyse \u00e7ocuklar \u00f6d\u00fcyor. O nedenle ge\u00e7ici \u00e7\u00f6z\u00fcmleri de\u011fil, kal\u0131c\u0131 de\u011fi\u015fimleri hedeflemeliyiz.&#8221; dedi.<\/p>\n<p>Emine Erdo\u011fan, Bah\u00e7elievler&#8217;de, Aile ve Sosyal Hizmetler Bakanl\u0131\u011f\u0131&#8217;na ba\u011fl\u0131 \u015eeyh Zayed \u00c7ocuk Evleri Sitesi&#8217;nin, Birle\u015fik Arap Emirlikleri (BAE) H\u00fck\u00fcmetinin deste\u011fiyle yap\u0131m\u0131 tamamlanan ek ya\u015fam birimlerinin a\u00e7\u0131l\u0131\u015f program\u0131ndaki konu\u015fmas\u0131na, kat\u0131l\u0131mc\u0131lar\u0131 selamlayarak ve yurt d\u0131\u015f\u0131ndan gelen misafirlere &#8220;ho\u015f geldiniz&#8221; diyerek ba\u015flad\u0131.<\/p>\n<p>Programa kat\u0131lmaktan mutluluk duydu\u011funu ifade eden Emine Erdo\u011fan &#8220;Bu anlaml\u0131 projenin hamisi, Altesleri \u015eeyha Fat\u0131ma Bint Mubarek&#8217;e en derin \u015f\u00fckranlar\u0131m\u0131 sundu\u011fumu ifade etmek isterim. Bug\u00fcn ne yaz\u0131k ki aram\u0131zda de\u011filler ancak kalbinin ve dualar\u0131n\u0131n bizlerle oldu\u011funu biliyorum.&#8221; dedi.<\/p>\n<p>Erdo\u011fan, son y\u0131llarda T\u00fcrkiye ile Birle\u015fik Arap Emirlikleri aras\u0131ndaki ili\u015fkilerin, liderler d\u00fczeyinde ortaya koyulan ortak vizyonla g\u00fc\u00e7l\u00fc bir ivme kazand\u0131\u011f\u0131n\u0131 belirterek, iki \u00fclke aras\u0131ndaki dostluk ve karde\u015flik ba\u011flar\u0131n\u0131n her ge\u00e7en g\u00fcn daha da g\u00fc\u00e7lendi\u011fini g\u00f6rmenin kendilerini ziyadesiyle memnun etti\u011fini s\u00f6yledi.<\/p>\n<p>\u015eeyh Zayed \u00c7ocuk Evlerinin, iki \u00fclke aras\u0131ndaki g\u00f6n\u00fcl birli\u011finin en kal\u0131c\u0131 sembollerinden biri oldu\u011funa inand\u0131\u011f\u0131n\u0131 kaydeden Erdo\u011fan, \u00f6rnek i\u015fbirliklerinin artarak devam etmesi temennisinde bulundu.<\/p>\n<p>Erdo\u011fan, Aile ve Sosyal Hizmetler Bakan\u0131 Mahinur \u00d6zdemir G\u00f6kta\u015f&#8217;a, Birle\u015fik Arap Emirlikleri&#8217;nin yetkililerine, projede eme\u011fi ge\u00e7enlere ve kurumdaki \u00e7ocuklara kol kanat geren her kademedeki fedakar personele te\u015fekk\u00fcrlerini sundu.<\/p>\n<p>Programda kurumda kalan \u00e7ocuklar\u0131 da a\u011f\u0131rlad\u0131klar\u0131n\u0131 dile getiren Erdo\u011fan, &#8220;Sevgili \u00e7ocuklar, sizleri burada g\u00f6rmekten \u00e7ok mutlu oldu\u011fumu ve hepinizi ayr\u0131 ayr\u0131 \u00e7ok sevdi\u011fimi bilmenizi isterim. Sizler de program\u0131m\u0131za ho\u015f geldiniz, sefalar getirdiniz.&#8221; dedi.<\/p>\n<p>Emine Erdo\u011fan, \u015f\u00f6yle devam etti: <\/p>\n<p>&#8220;T\u00fcrkiye, insan onurunu merkeze alan, her \u015fartta \u00e7ocu\u011fun \u00fcst\u00fcn yarar\u0131n\u0131 g\u00f6zeten k\u00f6kl\u00fc bir devlet gelene\u011fine sahiptir. Ne zaman bir \u00e7ocuk dara d\u00fc\u015fse, devletimiz t\u00fcm imkanlar\u0131yla onun yan\u0131nda yer al\u0131r. Aile ve Sosyal Hizmetler Bakanl\u0131\u011f\u0131m\u0131z\u0131n farkl\u0131 ihtiya\u00e7lara kar\u015f\u0131l\u0131k veren bir\u00e7ok hizmet modeli var. Kurulu\u015f bak\u0131m hizmeti, koruyucu aile hizmeti, sosyal ve ekonomik destek hizmetleri gibi \u00e7e\u015fitli modellerle, \u00e7ocuklar\u0131m\u0131za g\u00fcven i\u00e7inde, sevgiyle b\u00fcy\u00fcyebilecekleri bir ortam sa\u011fl\u0131yoruz. Bug\u00fcn, 15 bin 508 \u00e7ocu\u011fumuz, kurulu\u015flar\u0131m\u0131zda devletimizin korumas\u0131 alt\u0131ndad\u0131r. Ancak \u015fu bir ger\u00e7ek ki, bir \u00e7ocuk i\u00e7in ailenin manevi iklimi, her \u015feyin \u00fczerindedir.&#8221;<\/p>\n<p>Bu anlay\u0131\u015fla 16 y\u0131l \u00f6nce kendilerinin himayesinde G\u00f6n\u00fcl El\u00e7ileri Projesini ba\u015flatt\u0131klar\u0131n\u0131 kaydeden Erdo\u011fan, s\u00f6zlerini \u015f\u00f6yle s\u00fcrd\u00fcrd\u00fc: <\/p>\n<p>&#8220;\u0130stedik ki her evlad\u0131m\u0131z kendini ait hissetti\u011fi bir aile oca\u011f\u0131nda b\u00fcy\u00fcs\u00fcn, k\u0131r\u0131k kalpleri aile sevgisiyle iyile\u015fsin. Y\u00fcre\u011finde umudu, ne\u015feyi ta\u015f\u0131s\u0131n, yar\u0131nlara k\u00fcsmesin. Ne mutlu ki halk\u0131m\u0131z bu \u00e7a\u011fr\u0131ya kay\u0131ts\u0131z kalmad\u0131, g\u00f6n\u00fcll\u00fcl\u00fck k\u00fclt\u00fcr\u00fcm\u00fcz\u00fcn ne kadar g\u00fc\u00e7l\u00fc oldu\u011funu g\u00f6sterdi. 2002 y\u0131l\u0131nda 515 \u00e7ocuk koruyucu aile yan\u0131ndayken, 2025 Aral\u0131k ay\u0131 sonu itibar\u0131yla 10 bin 841 \u00e7ocu\u011fumuz, 9 bin 96 ailenin s\u0131cak yuvas\u0131nda sevgiyle b\u00fcy\u00fcyor. Bu evlatlar\u0131m\u0131z\u0131n 1207&#8217;si, aralar\u0131nda a\u011f\u0131r engelli \u00e7ocuklar\u0131n da bulundu\u011fu, \u00f6zel gereksinimli \u00e7ocuklard\u0131r. Ayr\u0131ca, sava\u015f ma\u011fduru olarak \u00fclkemizde bulunan 894 \u00e7ocuk da koruyucu aile yan\u0131ndad\u0131r.&#8221;<\/p>\n<p>&#8220;Koruyucu ailelerimizle s\u00fcrekli ileti\u015fim halindeyiz&#8221;<\/p>\n<p>Erdo\u011fan, bu rakamlar\u0131n &#8220;bakmaya doyulamayacak bir insaniyet tablosu&#8221; oldu\u011funu belirterek, &#8220;B\u00f6yle \u00f6rnek bir merhamet eserini ortaya koyan, milletimizdeki &#8216;\u0130nsan insana emanettir&#8217; inanc\u0131 ve devletimizin &#8216;\u0130nsan\u0131 ya\u015fat ki devlet ya\u015fas\u0131n&#8217; ilkesidir. Bizler, koruyucu ailelerimizle s\u00fcrekli ileti\u015fim halindeyiz. Onlar\u0131n \u00f6zverisine ve bu \u00e7ocuklar\u0131 nas\u0131l \u00f6z evlatlar\u0131 sayd\u0131klar\u0131na defalarca tan\u0131k olduk. \u015eahsen bu ba\u015far\u0131y\u0131, en \u00e7ok inanc\u0131m\u0131za bor\u00e7lu oldu\u011fumuzu d\u00fc\u015f\u00fcn\u00fcyorum.&#8221; diye konu\u015ftu.<\/p>\n<p>\u00c7ocuklara olan sevgilerinin, yaln\u0131zca T\u00fcrkiye&#8217;deki \u00e7ocuklarla s\u0131n\u0131rl\u0131 olmad\u0131\u011f\u0131n\u0131 ifade eden Erdo\u011fan, \u015funlar\u0131 kaydetti: <\/p>\n<p>&#8220;\u00c7ocuk haklar\u0131n\u0131n iyile\u015ftirilmesine y\u00f6nelik t\u00fcm uluslararas\u0131 giri\u015fimlere ve Birle\u015fmi\u015f Milletler nezdinde y\u00fcr\u00fct\u00fclen \u00e7al\u0131\u015fmalara her zaman g\u00f6n\u00fclden destek veriyoruz. UNICEF taraf\u0131ndan \u00f6rnek proje g\u00f6sterilen G\u00f6n\u00fcl El\u00e7ileri projemizi, Birle\u015fmi\u015f Milletler Genel Kurulu 79. Oturumunda d\u00fczenledi\u011fimiz etkinlikle k\u00fcresel bir vicdan \u00e7a\u011fr\u0131s\u0131na d\u00f6n\u00fc\u015ft\u00fcrd\u00fck. \u00c7\u00fcnk\u00fc inan\u0131yoruz ki d\u00fcnya \u00fczerindeki her \u00e7ocu\u011fu i\u00e7ine d\u00fc\u015ft\u00fc\u011f\u00fc \u00e7\u0131kmazdan kurtarmak, insanl\u0131\u011f\u0131n ortak mesuliyetidir. ve istisnas\u0131z her \u00e7ocuk, insanl\u0131k ailesine emanettir. \u0130\u015fte biz de bu emanete sahip \u00e7\u0131kma gayesindeyiz.&#8221;<\/p>\n<p>Emine Erdo\u011fan, artan k\u00fcresel krizlerle birlikte, d\u00fcnya \u00e7ocuk karnesinin ne yaz\u0131k ki her ge\u00e7en g\u00fcn daha fazla k\u0131r\u0131k notla doldu\u011funu anlatarak, &#8220;Bug\u00fcn, 473 milyondan fazla \u00e7ocuk, yani her 6 \u00e7ocuktan 1&#8217;i, \u00e7at\u0131\u015fmalardan etkilenen b\u00f6lgelerde ya\u015f\u0131yor. G\u00f6\u00e7e zorlanm\u0131\u015f 50 milyondan fazla \u00e7ocuk var. 2018-2024 y\u0131llar\u0131 aras\u0131nda 2 milyondan fazla \u00e7ocuk hayata g\u00f6zlerini m\u00fclteci olarak a\u00e7t\u0131. Bir vatana, bayra\u011fa, topra\u011fa ait olmak ne demek, hi\u00e7 bilmediler.&#8221; ifadelerini kulland\u0131.<\/p>\n<p>&#8220;Gazze&#8217;de iki senede 54 bine yak\u0131n \u00e7ocuk yetim kald\u0131&#8221;<\/p>\n<p>D\u00fcnyadaki yetim \u00e7ocuk say\u0131s\u0131n\u0131n 150 milyonu ge\u00e7ti\u011fini bildiren Erdo\u011fan, &#8220;150 milyonu s\u00f6ylemek dile kolay. Bu rakam, b\u00fcy\u00fck bir \u00fclkenin n\u00fcfusuna denktir. D\u00fcnyada kolu kanad\u0131 k\u0131r\u0131k ne \u00e7ok \u00e7ocuk var de\u011fil mi? Hen\u00fcz bu \u00e7ocuklar i\u00e7in bir \u00e7\u00f6z\u00fcm bulamam\u0131\u015f, onlara haklar\u0131n\u0131 eksiksiz teslim edememi\u015fken, bir de modern tarihin en b\u00fcy\u00fck yetim kriziyle kar\u015f\u0131 kar\u015f\u0131yay\u0131z. Gazze&#8217;de iki senede 54 bine yak\u0131n \u00e7ocuk yetim kald\u0131. Orada daha \u00f6nce e\u015fi benzeri g\u00f6r\u00fclmemi\u015f \u00f6yle bir vah\u015fet ya\u015fand\u0131 ki, s\u00f6zl\u00fckteki hi\u00e7bir kelime olanlar\u0131 anlatmaya yetmedi. O y\u00fczden yeni tan\u0131mlar icat edildi. Art\u0131k literat\u00fcrde, &#8216;Hayatta Ailesi Kalmayan Yaral\u0131 \u00c7ocuk&#8217; diye bir ifade var.&#8221; \u015feklinde konu\u015ftu.<\/p>\n<p>Erdo\u011fan, \u015f\u00f6yle devam etti: <\/p>\n<p>&#8220;Bedenleri kadar, ruhlar\u0131 da yara bere i\u00e7indeki bu \u00e7ocuklar, anne babalar\u0131na sar\u0131lamad\u0131klar\u0131, karde\u015fleriyle bir sofran\u0131n etraf\u0131nda toplanamad\u0131klar\u0131, \u00e7aresizlik i\u00e7inde k\u0131vrand\u0131klar\u0131 bir hayata mahkumlar. Bak\u0131ma ve korunmaya en muhta\u00e7 olduklar\u0131 ya\u015flarda, tehlikelerle dolu bir d\u00fcnyada yapayaln\u0131zlar. Bu da yetmezmi\u015f gibi a\u00e7l\u0131\u011f\u0131n silah olarak kullan\u0131ld\u0131\u011f\u0131, sivil altyap\u0131n\u0131n yerle bir edildi\u011fi, sa\u011fl\u0131k ve e\u011fitim gibi temel hizmetlerin yok edildi\u011fi bir zul\u00fcmle kar\u015f\u0131 kar\u015f\u0131yalar. Bug\u00fcn Gazze&#8217;nin bebekleri, dondurucu k\u0131\u015f \u015fartlar\u0131nda, derme \u00e7atma bez \u00e7ad\u0131rlar\u0131n i\u00e7inde, g\u00f6zlerimizin \u00f6n\u00fcnde so\u011fuktan \u00f6l\u00fcyor. D\u00fcnyadan 400 kilometre yukar\u0131daki y\u00f6r\u00fcngede ya\u015fan\u0131p \u00e7al\u0131\u015f\u0131labilecek bir uzay istasyonu kuran insanl\u0131k, ne yaz\u0131k ki yan\u0131 ba\u015f\u0131m\u0131zdaki Gazze&#8217;de s\u0131\u011f\u0131n\u0131lacak bir konteyner kent kuramad\u0131. \u015eu bir ger\u00e7ek ki \u00e7ocuk haklar\u0131 ancak, d\u00fcnyan\u0131n t\u00fcm \u00e7ocuklar\u0131n\u0131n g\u00f6z\u00fcnden akan ya\u015f\u0131n de\u011feri e\u015fit oldu\u011funda ger\u00e7ek mahiyetine kavu\u015fabilir.&#8221;<\/p>\n<p>Ailenin g\u00fc\u00e7lendirilmesi ba\u015fl\u0131\u011f\u0131n\u0131n, uluslararas\u0131 g\u00fcndemin merkezinde tutulmas\u0131n\u0131n hayati \u00f6nemde oldu\u011funu vurgulayan Erdo\u011fan, &#8220;D\u00fcnyam\u0131z, sava\u015f, ayr\u0131mc\u0131l\u0131k, yoksulluk, g\u00f6\u00e7, iklim de\u011fi\u015fikli\u011fi gibi birbiri i\u00e7ine ge\u00e7mi\u015f k\u00fcresel krizlerle dolu ve bu s\u0131namalar g\u00fcn ge\u00e7tik\u00e7e daha da a\u011f\u0131rla\u015f\u0131yor. En b\u00fcy\u00fck bedeliyse \u00e7ocuklar \u00f6d\u00fcyor. O nedenle ge\u00e7ici \u00e7\u00f6z\u00fcmleri de\u011fil, kal\u0131c\u0131 de\u011fi\u015fimleri hedeflemeliyiz. Unutmayal\u0131m ki, d\u00fcnyan\u0131n neresinde olursa olsun, \u00e7ocuklar\u0131n hayata sa\u011flam k\u00f6klerle ba\u011flanabilece\u011fi yegane yer aile topra\u011f\u0131d\u0131r. O y\u00fczden gelin, aile kurumunu k\u00fcresel tehditlere kar\u015f\u0131 koruman\u0131n yollar\u0131n\u0131 birlikte bulal\u0131m.&#8221; de\u011ferlendirmesinde bulundu.<\/p>\n<p>Erdo\u011fan, \u015eeyh Zayed \u00c7ocuk Evlerinin kap\u0131lar\u0131n\u0131n, \u00e7ocuklar i\u00e7in hay\u0131rl\u0131 ve ayd\u0131nl\u0131k bir gelece\u011fe a\u00e7\u0131lmas\u0131n\u0131 temenni etti.<\/p>\n<p>Programda, Aile ve Sosyal Hizmet Bakan\u0131 Mahinur \u00d6zdemir G\u00f6kta\u015f ile BAE Devlet Bakan\u0131 Maitha Bint Salem Al Shamsi de birer konu\u015fma yapt\u0131.<\/p>\n<p>Emine Erdo\u011fan kurumdaki \u00e7ocuklarla bir araya geldi<\/p>\n<p>Bakan G\u00f6kta\u015f, koruma alt\u0131ndaki \u00e7ocuklar taraf\u0131ndan Osmanl\u0131 kaftanlar\u0131n\u0131n desen ve ihti\u015fam\u0131n\u0131 yans\u0131tan ka\u011f\u0131t r\u00f6lyef y\u00f6ntemiyle \u00fc\u00e7 boyutlu tasarlanm\u0131\u015f k\u0131ymetli bir \u00e7al\u0131\u015fmay\u0131 Emine Erdo\u011fan&#8217;a takdim etti.<\/p>\n<p>BAE Devlet Bakan\u0131 ise \u015eeyha Fat\u0131ma Bint Mubarek ad\u0131na BAE&#8217;nin do\u011fal \u00e7evresi ile kentsel ya\u015fam\u0131 aras\u0131ndaki ili\u015fkiyi yans\u0131tan, sanat\u00e7\u0131 Asma Belhamar taraf\u0131ndan haz\u0131rlanan bir \u00e7al\u0131\u015fmay\u0131 g\u00fcn\u00fcn an\u0131s\u0131na Emine Erdo\u011fan&#8217;a hediye etti.<\/p>\n<p>Kurumun giri\u015finde \u00e7ocuklar\u0131n \u00e7i\u00e7eklerle kar\u015f\u0131lad\u0131\u011f\u0131 Emine Erdo\u011fan, yerle\u015fkede \u00e7ocuklar\u0131n robotik kodlama, 3D yaz\u0131c\u0131 kullan\u0131m\u0131, algoritma olu\u015fturmaya y\u00f6nelik d\u00fczenli olarak e\u011fitimler ald\u0131\u011f\u0131 Bilim ve Teknoloji Evi&#8217;ni gezdi.<\/p>\n<p>Burada, 2025 y\u0131l\u0131nda ger\u00e7ekle\u015fen TEKNOFEST&#8217;e &#8220;Tarla Faresi&#8221; isimli proje ile kat\u0131larak finale kalan \u00e7ocuklarla bir araya gelen Erdo\u011fan, daha sonra 2025 y\u0131l\u0131nda in\u015fa edilen yeni grup evlerini ziyaret etti.<\/p>\n<p>Erdo\u011fan, grup evinde kendi elleriyle yapt\u0131klar\u0131 kek ve kurabiyeleri ikram eden \u00e7ocuklarla keyifli bir sohbet ger\u00e7ekle\u015ftirdi. \u00c7ocuklar, grup evlerini tan\u0131tarak, yapt\u0131klar\u0131 resimleri Erdo\u011fan&#8217;a g\u00f6sterdi.<\/p>\n<p>Devlet korumas\u0131nda b\u00fcy\u00fcyen yeti\u015fkinler hayatlar\u0131n\u0131 anlatt\u0131<\/p>\n<p>Nijerya Kad\u0131n \u0130\u015fleri ve Sosyal Kalk\u0131nma Bakan\u0131 Imaan Sulaiman-Ibrahim, AK Parti Genel Ba\u015fkan Yard\u0131mc\u0131lar\u0131, iki \u00fclkenin b\u00fcy\u00fckel\u00e7ileri, milletvekilleri, Birle\u015fik Arap Emirlikleri devlet temsilcileri, belediye ba\u015fkanlar\u0131, kurum personelleri ve \u00e7ocuklar\u0131n kat\u0131ld\u0131\u011f\u0131 programda, \u00c7ocuk Evleri&#8217;nde yeti\u015fen Muhammet Teke\u015f&#8217;in Kuran-\u0131 Kerim tilaveti ger\u00e7ekle\u015ftirmesinin ard\u0131ndan, &#8220;Aile Y\u0131l\u0131&#8221; ile \u015eeyh Zayed \u00c7ES&#8217;in tan\u0131t\u0131m videolar\u0131 g\u00f6sterildi.<\/p>\n<p>Kurumdaki \u00e7ocuklardan olu\u015fan halk oyunlar\u0131 ekibinin g\u00f6sterisinin ard\u0131ndan, devlet korumas\u0131 ve deste\u011fiyle hayata g\u00fc\u00e7l\u00fc ad\u0131m atan H\u00fclya Haska ve Fatih Ba\u015fk\u00f6y birer konu\u015fma yaparak, kurumun hayatlar\u0131na nas\u0131l dokundu\u011funu anlatt\u0131.<\/p>\n<p>BAE temsilcisi M\u00fchendis Mohammed Ahmed Al Dhaheri&#8217;nin kurumda hayata ge\u00e7irilen projelere ili\u015fkin sunum yapt\u0131\u011f\u0131 program, aile foto\u011fraf\u0131 \u00e7ekimiyle sona erdi.<\/p>\n","protected":false},"excerpt":{"rendered":"<p>Cumhurba\u015fkan\u0131 Recep Tayyip Erdo\u011fan&#8217;\u0131n e\u015fi Emine Erdo\u011fan, &#8220;D\u00fcnyam\u0131z, sava\u015f, ayr\u0131mc\u0131l\u0131k, yoksulluk, g\u00f6\u00e7, iklim de\u011fi\u015fikli\u011fi gibi birbiri i\u00e7ine ge\u00e7mi\u015f k\u00fcresel krizlerle dolu ve bu s\u0131namalar g\u00fcn ge\u00e7tik\u00e7e daha da a\u011f\u0131rla\u015f\u0131yor.<\/p>\n","protected":false},"author":1,"featured_media":17585,"comment_status":"open","ping_status":"open","sticky":false,"template":"","format":"standard","meta":{"footnotes":""},"categories":[12],"tags":[250,242,683,1247,1526],"class_list":["post-17584","post","type-post","status-publish","format-standard","has-post-thumbnail","hentry","category-siyaset","tag-aile","tag-cocuk","tag-cocuklar","tag-devlet","tag-erdogan"],"_links":{"self":[{"href":"https:\/\/bihavadis.com\/index.php\/wp-json\/wp\/v2\/posts\/17584","targetHints":{"allow":["GET"]}}],"collection":[{"href":"https:\/\/bihavadis.com\/index.php\/wp-json\/wp\/v2\/posts"}],"about":[{"href":"https:\/\/bihavadis.com\/index.php\/wp-json\/wp\/v2\/types\/post"}],"author":[{"embeddable":true,"href":"https:\/\/bihavadis.com\/index.php\/wp-json\/wp\/v2\/users\/1"}],"replies":[{"embeddable":true,"href":"https:\/\/bihavadis.com\/index.php\/wp-json\/wp\/v2\/comments?post=17584"}],"version-history":[{"count":1,"href":"https:\/\/bihavadis.com\/index.php\/wp-json\/wp\/v2\/posts\/17584\/revisions"}],"predecessor-version":[{"id":17586,"href":"https:\/\/bihavadis.com\/index.php\/wp-json\/wp\/v2\/posts\/17584\/revisions\/17586"}],"wp:featuredmedia":[{"embeddable":true,"href":"https:\/\/bihavadis.com\/index.php\/wp-json\/wp\/v2\/media\/17585"}],"wp:attachment":[{"href":"https:\/\/bihavadis.com\/index.php\/wp-json\/wp\/v2\/media?parent=17584"}],"wp:term":[{"taxonomy":"category","embeddable":true,"href":"https:\/\/bihavadis.com\/index.php\/wp-json\/wp\/v2\/categories?post=17584"},{"taxonomy":"post_tag","embeddable":true,"href":"https:\/\/bihavadis.com\/index.php\/wp-json\/wp\/v2\/tags?post=17584"}],"curies":[{"name":"wp","href":"https:\/\/api.w.org\/{rel}","templated":true}]}}