{"id":17602,"date":"2026-02-06T00:21:07","date_gmt":"2026-02-06T00:21:07","guid":{"rendered":"https:\/\/bihavadis.com\/?p=17602"},"modified":"2026-02-06T00:21:07","modified_gmt":"2026-02-06T00:21:07","slug":"tendurek-gecidinde-kar-kureme-araci-devrildi-2-olu","status":"publish","type":"post","link":"https:\/\/bihavadis.com\/index.php\/2026\/02\/06\/tendurek-gecidinde-kar-kureme-araci-devrildi-2-olu\/","title":{"rendered":"Tend\u00fcrek Ge\u00e7idi\u2019nde kar k\u00fcreme arac\u0131 devrildi: 2 \u00f6l\u00fc"},"content":{"rendered":"<p>\u00c7ald\u0131ran\u2013Do\u011fubayaz\u0131t kara yolunda yer alan Tend\u00fcrek Ge\u00e7idi\u2019nin So\u011fuksu Mahallesi mevkiinde, b\u00f6lgede etkisini s\u00fcrd\u00fcren yo\u011fun kar ya\u011f\u0131\u015f\u0131n\u0131n ard\u0131ndan yol temizleme \u00e7al\u0131\u015fmas\u0131 yapan Karayollar\u0131 11\u2019inci B\u00f6lge M\u00fcd\u00fcrl\u00fc\u011f\u00fc\u2019ne ba\u011fl\u0131 115\u2019inci Erci\u015f \u015eube \u015eefli\u011fi\u2019ne ait kar k\u00fcreme arac\u0131, kontrolden \u00e7\u0131karak ref\u00fcje \u00e7arpt\u0131 ve devrildi.<\/p>\n<p><strong>2 K\u0130\u015e\u0130 HAYATINI KAYBETT\u0130<\/strong><\/p>\n<p>Kazan\u0131n ard\u0131ndan b\u00f6lgeye sa\u011fl\u0131k, jandarma, polis ve \u00c7ald\u0131ran \u0130tfaiye Grup Amirli\u011fi ekipleri sevk edildi. Olay yerine ula\u015fan ekiplerin yapt\u0131\u011f\u0131 ilk kontrollerde, arac\u0131 kullanan Erkan Uzun (44) ile ara\u00e7ta g\u00f6revli yard\u0131mc\u0131s\u0131 \u00d6zg\u00fcr Y\u0131ld\u0131z\u2019\u0131n (48) hayat\u0131n\u0131 kaybetti\u011fi tespit edildi.<\/p>\n<p>Ara\u00e7ta s\u0131k\u0131\u015fan iki g\u00f6revlinin cans\u0131z bedenleri ekiplerin \u00e7al\u0131\u015fmas\u0131yla bulunduklar\u0131 yerden \u00e7\u0131kar\u0131larak hastane morguna kald\u0131r\u0131ld\u0131.<\/p>\n<p>Kazan\u0131n kesin nedeninin belirlenmesi i\u00e7in olayla ilgili inceleme ve soru\u015fturma ba\u015flat\u0131ld\u0131\u011f\u0131 bildirildi.<\/p>\n<p><img decoding=\"async\" src=\"https:\/\/bihavadis.com\/wp-content\/uploads\/2026\/02\/tendurek-gecidinde-kar-kureme-araci-devrildi-2-olu-0-n2td6WFf.jpg\"\/><\/p>\n<p><img decoding=\"async\" src=\"https:\/\/bihavadis.com\/wp-content\/uploads\/2026\/02\/tendurek-gecidinde-kar-kureme-araci-devrildi-2-olu-1-taKcWxK5.jpg\"\/><\/p>\n<p><img decoding=\"async\" src=\"https:\/\/bihavadis.com\/wp-content\/uploads\/2026\/02\/tendurek-gecidinde-kar-kureme-araci-devrildi-2-olu-2-86NqzprA.jpg\"\/><\/p>\n","protected":false},"excerpt":{"rendered":"<p>Van\u2019\u0131n \u00c7ald\u0131ran il\u00e7esindeki 2 bin 644 rak\u0131ml\u0131 Tend\u00fcrek Ge\u00e7idi\u2019nde yol a\u00e7ma \u00e7al\u0131\u015fmas\u0131 yapan Karayollar\u0131\u2019na ait kar k\u00fcreme arac\u0131n\u0131n devrilmesi sonucu ara\u00e7ta bulunan 2 g\u00f6revli ya\u015fam\u0131n\u0131 yitirdi.<\/p>\n","protected":false},"author":1,"featured_media":17603,"comment_status":"open","ping_status":"open","sticky":false,"template":"","format":"standard","meta":{"footnotes":""},"categories":[4,13],"tags":[],"class_list":["post-17602","post","type-post","status-publish","format-standard","has-post-thumbnail","hentry","category-gundem","category-son-dakika"],"_links":{"self":[{"href":"https:\/\/bihavadis.com\/index.php\/wp-json\/wp\/v2\/posts\/17602","targetHints":{"allow":["GET"]}}],"collection":[{"href":"https:\/\/bihavadis.com\/index.php\/wp-json\/wp\/v2\/posts"}],"about":[{"href":"https:\/\/bihavadis.com\/index.php\/wp-json\/wp\/v2\/types\/post"}],"author":[{"embeddable":true,"href":"https:\/\/bihavadis.com\/index.php\/wp-json\/wp\/v2\/users\/1"}],"replies":[{"embeddable":true,"href":"https:\/\/bihavadis.com\/index.php\/wp-json\/wp\/v2\/comments?post=17602"}],"version-history":[{"count":1,"href":"https:\/\/bihavadis.com\/index.php\/wp-json\/wp\/v2\/posts\/17602\/revisions"}],"predecessor-version":[{"id":17607,"href":"https:\/\/bihavadis.com\/index.php\/wp-json\/wp\/v2\/posts\/17602\/revisions\/17607"}],"wp:featuredmedia":[{"embeddable":true,"href":"https:\/\/bihavadis.com\/index.php\/wp-json\/wp\/v2\/media\/17603"}],"wp:attachment":[{"href":"https:\/\/bihavadis.com\/index.php\/wp-json\/wp\/v2\/media?parent=17602"}],"wp:term":[{"taxonomy":"category","embeddable":true,"href":"https:\/\/bihavadis.com\/index.php\/wp-json\/wp\/v2\/categories?post=17602"},{"taxonomy":"post_tag","embeddable":true,"href":"https:\/\/bihavadis.com\/index.php\/wp-json\/wp\/v2\/tags?post=17602"}],"curies":[{"name":"wp","href":"https:\/\/api.w.org\/{rel}","templated":true}]}}