{"id":17623,"date":"2026-02-06T00:39:08","date_gmt":"2026-02-06T00:39:08","guid":{"rendered":"https:\/\/bihavadis.com\/?p=17623"},"modified":"2026-02-06T00:39:08","modified_gmt":"2026-02-06T00:39:08","slug":"ozlem-vural-gurzelden-chpli-meclis-uyesine-tokat-gibi-cevap","status":"publish","type":"post","link":"https:\/\/bihavadis.com\/index.php\/2026\/02\/06\/ozlem-vural-gurzelden-chpli-meclis-uyesine-tokat-gibi-cevap\/","title":{"rendered":"\u00d6zlem Vural G\u00fcrzel&#8217;den CHP&#8217;li meclis \u00fcyesine tokat gibi cevap"},"content":{"rendered":"<p>CHP&#8217;li belediyelere y\u00f6nelik yolsuzluk soru\u015fturmalar\u0131 devam ediyor.<\/p>\n<p>1 y\u0131l\u0131 a\u015fk\u0131n s\u00fcredir devam eden bu s\u00fcre\u00e7te en \u00e7arp\u0131c\u0131 ayr\u0131nt\u0131lardan biri de Beykoz Belediyesi&#8217;nde ya\u015fand\u0131.<\/p>\n<p>Beykoz Cumhuriyet Ba\u015fsavc\u0131l\u0131\u011f\u0131nca, Beykoz Belediye Ba\u015fkan\u0131 Alaattin K\u00f6seler&#8217;in de aralar\u0131nda bulundu\u011fu 12 \u015f\u00fcphelinin tutukland\u0131\u011f\u0131 &#8220;ihaleye fesat kar\u0131\u015ft\u0131rma&#8221; ile &#8220;su\u00e7 i\u015flemek amac\u0131yla \u00f6rg\u00fct kurma, \u00fcyelik ve yard\u0131m&#8221; su\u00e7lar\u0131na y\u00f6nelik soru\u015fturma kapsam\u0131nda Nisan 2025&#8217;te, d\u00f6nemin Ba\u015fkan Yard\u0131mc\u0131s\u0131 Fidan G\u00fcl de tutukland\u0131.<\/p>\n<p><strong>CHP SORU\u015eTURMALARINDA BEYKOZ SKANDALI<\/strong><\/p>\n<p>G\u00fcl&#8217;\u00fc g\u00f6zalt\u0131na almaya giden polislere kap\u0131y\u0131 ise gecenin ge\u00e7 saatleri olmas\u0131na ra\u011fmen bir di\u011fer Ba\u015fkan Yard\u0131mc\u0131s\u0131 Murat Mini\u00e7&#8217;in a\u00e7mas\u0131, bir skandal\u0131 daha ortaya \u00e7\u0131kard\u0131.<\/p>\n<p>\u0130kili aras\u0131nda yasak a\u015fk iddialar\u0131 adeta ispatlanm\u0131\u015f olurken Beykoz&#8217;da daha b\u00fcy\u00fck bir de\u011fi\u015fim ya\u015fand\u0131.<\/p>\n<p>K\u00f6seler&#8217;in yerine CHP&#8217;den ba\u015fkanvekili se\u00e7ilen\u00a0\u00d6zlem Vural G\u00fcrzel, <em><b>&#8220;As\u0131ls\u0131z su\u00e7lamalar, iftiralar, psikolojik \u015fiddete varan bask\u0131lar tahamm\u00fcl s\u0131n\u0131r\u0131m\u0131n \u00fcst\u00fcne \u00e7\u0131km\u0131\u015f durumdad\u0131r.&#8221; <\/b><\/em>diyerek AK Parti&#8217;ye ge\u00e7ti.\u00a0<\/p>\n<p>Bu hamle ile CHP&#8217;lilerin hedefi haline gelen G\u00fcrzel&#8217;in meclis toplant\u0131lar\u0131 olayl\u0131 ge\u00e7meye ba\u015flad\u0131.<\/p>\n<p><img decoding=\"async\" src=\"https:\/\/bihavadis.com\/wp-content\/uploads\/2026\/02\/ozlem-vural-gurzelden-chpli-meclis-uyesine-tokat-gibi-cevap-0-7N9XSawd.jpg\"\/><\/p>\n<p><strong>&#8220;PART\u0130 DE\u011e\u0130\u015e\u0130RKEN HELALL\u0130K ALDIN MI&#8221;<\/strong><\/p>\n<p>S\u00fcrekli sata\u015fmalarla hedef al\u0131nan G\u00fcrzel&#8217;i son olarak Mini\u00e7, hedef ald\u0131.<\/p>\n<p><b><em>&#8220;Parti de\u011fi\u015ftirirken helallik ald\u0131n\u0131z m\u0131, utanm\u0131yor musun?&#8221;<\/em><\/b> ifadeleri ile G\u00fcrzel&#8217;e y\u00fcklenen Mini\u00e7, s\u00f6yledi\u011fine pi\u015fman oldu.<\/p>\n<p><strong>&#8220;BEN K\u0130MSEN\u0130N EV\u0130NDE BASILMADIM&#8221;<\/strong><\/p>\n<p>Mini\u00e7&#8217;in Fidan G\u00fcl&#8217;\u00fcn evinin kap\u0131s\u0131n\u0131 polise a\u00e7t\u0131\u011f\u0131 anlar\u0131 hat\u0131rlatan G\u00fcrzel, <em><b>&#8220;Helallik al\u0131nmas\u0131 gerekiyorsa siz de e\u015finizden helallik ald\u0131n\u0131z m\u0131? Biz hepimiz sizin rezilli\u011finizi g\u00f6rd\u00fck.<\/b><\/em><\/p>\n<p><em><b>Ben utan\u0131lacak hi\u00e7bir \u015fey yapmad\u0131m, ben kimsenin evinde bas\u0131lmad\u0131m.&#8221;<\/b><\/em> ifadelerini kulland\u0131.<\/p>\n<p>Bu s\u00f6zlerin ard\u0131ndan gerginlik \u00e7\u0131k\u0131nca oturuma ara verildi.<\/p>\n<p><img decoding=\"async\" src=\"https:\/\/bihavadis.com\/wp-content\/uploads\/2026\/02\/ozlem-vural-gurzelden-chpli-meclis-uyesine-tokat-gibi-cevap-1-QH5y3AmE.jpg\"\/><\/p>\n<p><strong>CEZAEV\u0130NDE EVLEND\u0130LER<\/strong><\/p>\n<p>Tutuklanan eski Ba\u015fkan Yard\u0131mc\u0131lar\u0131 Fidan G\u00fcl ve Bilgehan Murat Mini\u00e7, cezaevinde evlendi.<\/p>\n<p><img decoding=\"async\" src=\"https:\/\/bihavadis.com\/wp-content\/uploads\/2026\/02\/ozlem-vural-gurzelden-chpli-meclis-uyesine-tokat-gibi-cevap-2-37kuAZSE.jpg\"\/><\/p>\n<p><strong>KAPIYI M\u0130N\u0130\u00c7 A\u00c7MI\u015eTI<\/strong><\/p>\n<p>Fidan G\u00fcl&#8217;\u00fcn evine g\u00f6zalt\u0131, arama ve el koyma i\u015flemleri i\u00e7in gelen polislere kap\u0131y\u0131 Bilgehan Murat Mini\u00e7 a\u00e7m\u0131\u015f; G\u00fcl&#8217;\u00fcn g\u00f6zalt\u0131na al\u0131nmas\u0131n\u0131n ard\u0131ndan evde arama ve el koyma i\u015flemi yapan polisler, bulduklar\u0131 1 milyon liraya el koymu\u015ftu.<\/p>\n<p>G\u00fcl, emniyetteki ifadesinde paralar\u0131n 59 bin lira, 20 bin 678 dolar ve 170 euroluk k\u0131sm\u0131n\u0131n Bilgehan Murat Mini\u00e7&#8217;e ait oldu\u011funu s\u00f6ylemi\u015fti.<\/p>\n","protected":false},"excerpt":{"rendered":"<p>Beykoz Belediye Ba\u015fkan\u0131 \u00d6zlem G\u00fcrzel, yolsuzluk soru\u015fturmas\u0131nda Ba\u015fkan Yard\u0131mc\u0131s\u0131 Fidan G\u00fcl&#8217;\u00fc evinde g\u00f6zalt\u0131na almaya gelen polislere kap\u0131y\u0131 a\u00e7an Murat Mini\u00e7&#8217;i, kendisini CHP&#8217;den AK Parti&#8217;ye ge\u00e7i\u015fini ele\u015ftirmesi \u00fczerine verdi\u011fi cevapla adeta yerin dibine soktu.<\/p>\n","protected":false},"author":1,"featured_media":17624,"comment_status":"open","ping_status":"open","sticky":false,"template":"","format":"standard","meta":{"footnotes":""},"categories":[9,13],"tags":[516,3346,1748],"class_list":["post-17623","post","type-post","status-publish","format-standard","has-post-thumbnail","hentry","category-genel","category-son-dakika","tag-baskan","tag-beykoz","tag-gul"],"_links":{"self":[{"href":"https:\/\/bihavadis.com\/index.php\/wp-json\/wp\/v2\/posts\/17623","targetHints":{"allow":["GET"]}}],"collection":[{"href":"https:\/\/bihavadis.com\/index.php\/wp-json\/wp\/v2\/posts"}],"about":[{"href":"https:\/\/bihavadis.com\/index.php\/wp-json\/wp\/v2\/types\/post"}],"author":[{"embeddable":true,"href":"https:\/\/bihavadis.com\/index.php\/wp-json\/wp\/v2\/users\/1"}],"replies":[{"embeddable":true,"href":"https:\/\/bihavadis.com\/index.php\/wp-json\/wp\/v2\/comments?post=17623"}],"version-history":[{"count":1,"href":"https:\/\/bihavadis.com\/index.php\/wp-json\/wp\/v2\/posts\/17623\/revisions"}],"predecessor-version":[{"id":17628,"href":"https:\/\/bihavadis.com\/index.php\/wp-json\/wp\/v2\/posts\/17623\/revisions\/17628"}],"wp:featuredmedia":[{"embeddable":true,"href":"https:\/\/bihavadis.com\/index.php\/wp-json\/wp\/v2\/media\/17624"}],"wp:attachment":[{"href":"https:\/\/bihavadis.com\/index.php\/wp-json\/wp\/v2\/media?parent=17623"}],"wp:term":[{"taxonomy":"category","embeddable":true,"href":"https:\/\/bihavadis.com\/index.php\/wp-json\/wp\/v2\/categories?post=17623"},{"taxonomy":"post_tag","embeddable":true,"href":"https:\/\/bihavadis.com\/index.php\/wp-json\/wp\/v2\/tags?post=17623"}],"curies":[{"name":"wp","href":"https:\/\/api.w.org\/{rel}","templated":true}]}}