{"id":17632,"date":"2026-02-06T00:45:05","date_gmt":"2026-02-06T00:45:05","guid":{"rendered":"https:\/\/bihavadis.com\/?p=17632"},"modified":"2026-02-06T00:45:05","modified_gmt":"2026-02-06T00:45:05","slug":"konaka-tarihi-mujde-arkeopark-projesine-kurul-onayi","status":"publish","type":"post","link":"https:\/\/bihavadis.com\/index.php\/2026\/02\/06\/konaka-tarihi-mujde-arkeopark-projesine-kurul-onayi\/","title":{"rendered":"Konak&#8217;a tarihi m\u00fcjde: Arkeopark projesine kurul onay\u0131"},"content":{"rendered":"<p><b>Konak Belediyesi\u2019nin Alt\u0131npark ve \u00e7evresini kapsayan \u00c7evre D\u00fczenleme Projesi, \u0130zmir 1 Numaral\u0131 K\u00fclt\u00fcr ve Tabiat Varl\u0131klar\u0131n\u0131 Koruma Kurulu taraf\u0131ndan onayland\u0131. Proje kapsam\u0131nda binlerce y\u0131ll\u0131k tarih, a\u00e7\u0131k hava m\u00fczesi niteli\u011findeki arkeoparkla g\u00fcn y\u00fcz\u00fcne \u00e7\u0131kacak, k\u00fclt\u00fcrel miras kamusal alanda sergilenerek g\u00fcndelik ya\u015famla b\u00fct\u00fcnle\u015fecek.<\/b><\/p>\n<p>Tarihi miras\u0131 koruyarak gelecek ku\u015faklarla bulu\u015fturma hedefiyle \u00e7al\u0131\u015fmalar\u0131n\u0131 s\u00fcrd\u00fcren Konak Belediyesi\u2019nin, kentin \u00f6nemli tarihi dokular\u0131ndan Alt\u0131npark ve \u00e7evresini \u201cArkeopark\u201d olarak d\u00fczenlemek i\u00e7in haz\u0131rlad\u0131\u011f\u0131 \u00c7evre D\u00fczenleme Projesi\u2019nde sevindiren bir geli\u015fme ya\u015fand\u0131. Proje, \u0130zmir 1 Numaral\u0131 K\u00fclt\u00fcr ve Tabiat Varl\u0131klar\u0131n\u0131 Koruma Kurulu taraf\u0131ndan onayland\u0131 ve Konak\u2019\u0131n binlerce y\u0131ll\u0131k tarihini g\u00f6r\u00fcn\u00fcr k\u0131lacak arkeolojik park\u0131n hayata ge\u00e7irilmesinin \u00f6n\u00fc a\u00e7\u0131ld\u0131. Al\u0131nan kurul karar\u0131yla birlikte, 1. Derece Arkeolojik Sit Alan\u0131 i\u00e7erisinde bulunan b\u00f6lgede bug\u00fcne kadar g\u00fcn y\u00fcz\u00fcne \u00e7\u0131kar\u0131lan kal\u0131nt\u0131lar\u0131n korunmas\u0131, sergilenmesi ve gelecek ku\u015faklara aktar\u0131lmas\u0131 amac\u0131yla kapsaml\u0131 bir \u00e7al\u0131\u015fma ba\u015flat\u0131lacak. T\u00fcm uygulamalar, ilgili mevzuat ve bilimsel y\u00f6ntemler do\u011frultusunda titizlikle y\u00fcr\u00fct\u00fclecek.<\/p>\n<p><b>Turizme ve kent k\u00fclt\u00fcr\u00fcne katk\u0131 sunacak<\/b><\/p>\n<p>\u0130lk etapta alandaki drenaj sorunlar\u0131 giderilecek, bitki temizli\u011fi yap\u0131larak kal\u0131nt\u0131lar\u0131n sa\u011fl\u0131kl\u0131 bi\u00e7imde ortaya \u00e7\u0131kar\u0131lmas\u0131 sa\u011flanacak. Ard\u0131ndan yap\u0131lara ili\u015fkin mimari uygulama projeleri, siluet \u00e7izimleri ve konservasyon \u00e7al\u0131\u015fmalar\u0131 ilgili y\u00f6nerge temelinde ger\u00e7ekle\u015ftirilecek. B\u00f6ylece hem tarihi dokunun korunmas\u0131 hem de ziyaret\u00e7ilerin alan\u0131 g\u00fcvenli ve nitelikli bi\u00e7imde deneyimlemesi hedefleniyor. Proje tamamland\u0131\u011f\u0131nda Konak, a\u00e7\u0131k hava m\u00fczesi niteli\u011finde bir arkeoparka kavu\u015facak. Kent sakinleri ve ziyaret\u00e7iler, \u0130zmir\u2019in \u00e7ok katmanl\u0131 tarihini yerinde g\u00f6rme f\u0131rsat\u0131 bulacak; k\u00fclt\u00fcrel miras kamusal alanda sergilenerek g\u00fcndelik ya\u015famla b\u00fct\u00fcnle\u015fecek. Arkeopark\u0131n, hem turizme hem de kent k\u00fclt\u00fcr\u00fcne \u00f6nemli katk\u0131 sunmas\u0131 bekleniyor.<\/p>\n<p><b>Ba\u015fkan Mutlu: Kentin k\u00f6kl\u00fc ge\u00e7mi\u015fi yerinde deneyimlenecek<\/b><\/p>\n<p>Kent haf\u0131zas\u0131na sahip \u00e7\u0131kma iradesi ta\u015f\u0131yan projenin \u00f6nemine dikkat \u00e7eken Konak Belediye Ba\u015fkan\u0131 Nil\u00fcfer \u00c7\u0131narl\u0131 Mutlu, \u201cKonak\u2019\u0131n tarihini g\u00f6r\u00fcn\u00fcr k\u0131lan, ge\u00e7mi\u015fle gelece\u011fi bulu\u015fturan bu k\u0131ymetli projenin kurul onay\u0131 alm\u0131\u015f olmas\u0131n\u0131n heyecan\u0131n\u0131 ve mutlulu\u011funu ya\u015f\u0131yoruz. Alt\u0131npark\u2019ta hayata ge\u00e7irece\u011fimiz Arkeopark ile yaln\u0131zca tarihimize sahip \u00e7\u0131kmakla kalmayacak; kom\u015fular\u0131m\u0131z\u0131n nefes alabilece\u011fi, \u00f6\u011frenebilece\u011fi ve bu kentin k\u00f6kl\u00fc ge\u00e7mi\u015fini yerinde deneyimleyebilece\u011fi \u00f6rnek bir ya\u015fam alan\u0131n\u0131 Konak\u2019a kazand\u0131raca\u011f\u0131z\u201d ifadelerini kulland\u0131.<\/p>\n<p>\u00a0<\/p>\n<p>\u00a0<\/p>\n<p>Kaynak: (BYZHA) Beyaz Haber Ajans\u0131<\/p>\n","protected":false},"excerpt":{"rendered":"<p>Konak Belediyesi\u2019nin Alt\u0131npark ve \u00e7evresini kapsayan \u00c7evre D\u00fczenleme Projesi, \u0130zmir 1 Numaral\u0131 K\u00fclt\u00fcr ve Tabiat Varl\u0131klar\u0131n\u0131 Koruma Kurulu taraf\u0131ndan onayland\u0131.<\/p>\n","protected":false},"author":1,"featured_media":17633,"comment_status":"open","ping_status":"open","sticky":false,"template":"","format":"standard","meta":{"footnotes":""},"categories":[4],"tags":[1380,2773,121,237,1029],"class_list":["post-17632","post","type-post","status-publish","format-standard","has-post-thumbnail","hentry","category-gundem","tag-kent","tag-konak","tag-kultur","tag-proje","tag-tarihi"],"_links":{"self":[{"href":"https:\/\/bihavadis.com\/index.php\/wp-json\/wp\/v2\/posts\/17632","targetHints":{"allow":["GET"]}}],"collection":[{"href":"https:\/\/bihavadis.com\/index.php\/wp-json\/wp\/v2\/posts"}],"about":[{"href":"https:\/\/bihavadis.com\/index.php\/wp-json\/wp\/v2\/types\/post"}],"author":[{"embeddable":true,"href":"https:\/\/bihavadis.com\/index.php\/wp-json\/wp\/v2\/users\/1"}],"replies":[{"embeddable":true,"href":"https:\/\/bihavadis.com\/index.php\/wp-json\/wp\/v2\/comments?post=17632"}],"version-history":[{"count":1,"href":"https:\/\/bihavadis.com\/index.php\/wp-json\/wp\/v2\/posts\/17632\/revisions"}],"predecessor-version":[{"id":17634,"href":"https:\/\/bihavadis.com\/index.php\/wp-json\/wp\/v2\/posts\/17632\/revisions\/17634"}],"wp:featuredmedia":[{"embeddable":true,"href":"https:\/\/bihavadis.com\/index.php\/wp-json\/wp\/v2\/media\/17633"}],"wp:attachment":[{"href":"https:\/\/bihavadis.com\/index.php\/wp-json\/wp\/v2\/media?parent=17632"}],"wp:term":[{"taxonomy":"category","embeddable":true,"href":"https:\/\/bihavadis.com\/index.php\/wp-json\/wp\/v2\/categories?post=17632"},{"taxonomy":"post_tag","embeddable":true,"href":"https:\/\/bihavadis.com\/index.php\/wp-json\/wp\/v2\/tags?post=17632"}],"curies":[{"name":"wp","href":"https:\/\/api.w.org\/{rel}","templated":true}]}}