{"id":17641,"date":"2026-02-06T00:54:09","date_gmt":"2026-02-06T00:54:09","guid":{"rendered":"https:\/\/bihavadis.com\/?p=17641"},"modified":"2026-02-06T00:54:09","modified_gmt":"2026-02-06T00:54:09","slug":"aile-ve-sosyal-hizmetler-bakan-yardimcisi-tarikdaroglu-kahramanmarasta-ziyaretlerde-bulundu","status":"publish","type":"post","link":"https:\/\/bihavadis.com\/index.php\/2026\/02\/06\/aile-ve-sosyal-hizmetler-bakan-yardimcisi-tarikdaroglu-kahramanmarasta-ziyaretlerde-bulundu\/","title":{"rendered":"Aile ve Sosyal Hizmetler Bakan Yard\u0131mc\u0131s\u0131 Tar\u0131kdaro\u011flu Kahramanmara\u015f&#8217;ta ziyaretlerde bulundu"},"content":{"rendered":"<p>Aile ve Sosyal Hizmetler Bakan Yard\u0131mc\u0131s\u0131 Zafer Tar\u0131kdaro\u011flu, Kahramanmara\u015f&#8217;ta \u00e7e\u015fitli ziyaretler ger\u00e7ekle\u015ftirdi.<\/p>\n<p>Vali M\u00fckerrem \u00dcnl\u00fcer&#8217;i makam\u0131nda ziyaret eden Tar\u0131kdaro\u011flu, 6 \u015eubat 2023&#8217;te meydana gelen depremlerin ard\u0131ndan kentte y\u00fcr\u00fct\u00fclen \u00e7al\u0131\u015fmalar hakk\u0131nda g\u00f6r\u00fc\u015f al\u0131\u015fveri\u015finde bulundu.<\/p>\n<p>Daha sonra AK Parti \u0130l Ba\u015fkan\u0131 Burak G\u00fcl ve partililerle bir araya gelen Tar\u0131kdaro\u011flu, Kahramanmara\u015f&#8217;ta bulunmaktan duydu\u011fu memnuniyeti dile getirdi.<\/p>\n<p>&#8220;Asr\u0131n felaketi&#8221; olarak nitelendirilen depremlerin merkez \u00fcss\u00fcn\u00fcn Kahramanmara\u015f&#8217;\u0131n Pazarc\u0131k il\u00e7esi oldu\u011funu hat\u0131rlatan Tar\u0131kdaro\u011flu, Cumhurba\u015fkan\u0131 Recep Tayyip Erdo\u011fan&#8217;\u0131n liderli\u011finde devletin depremden hemen sonra sahada yer ald\u0131\u011f\u0131n\u0131 ve Kahramanmara\u015f ba\u015fta olmak \u00fczere depremden etkilenen illerin hi\u00e7bir zaman yaln\u0131z b\u0131rak\u0131lmad\u0131\u011f\u0131n\u0131 belirtti.<\/p>\n<p>Depremin ilk an\u0131ndan itibaren Aile ve Sosyal Hizmetler Bakanl\u0131\u011f\u0131 olarak \u00f6zellikle psikososyal destek ekipleriyle sahada kesintisiz \u00e7al\u0131\u015fmalar y\u00fcr\u00fct\u00fcld\u00fc\u011f\u00fcn\u00fc ifade eden Tar\u0131kdaro\u011flu, bug\u00fcne kadar 1 milyonu a\u015fk\u0131n vatanda\u015fa sosyal \u00e7al\u0131\u015fmac\u0131lar, psikologlar ve sosyal destek ekipleri arac\u0131l\u0131\u011f\u0131yla birebir hizmet sunuldu\u011funu, bu \u00e7al\u0131\u015fmalar\u0131n halen devam etti\u011fini kaydetti.<\/p>\n<p>Kentte deprem d\u0131\u015f\u0131nda da bir\u00e7ok sosyal destek \u00e7al\u0131\u015fmas\u0131n\u0131n y\u00fcr\u00fct\u00fcld\u00fc\u011f\u00fcn\u00fc dile getiren Tar\u0131kdaro\u011flu, \u015f\u00f6yle konu\u015ftu: <\/p>\n<p>&#8220;Kahramanmara\u015f \u00f6zelinde bir\u00e7ok \u00e7al\u0131\u015fmam\u0131z var. \u00d6rne\u011fin Aile ve Gen\u00e7lik Fonu kapsam\u0131nda, evlenecek gen\u00e7ler i\u00e7in uygulanan evlilik kredisinde bug\u00fcne kadar 7 bin 944 ba\u015fvuru yap\u0131lm\u0131\u015f, 7 bin 334 ki\u015fi e\u011fitim alm\u0131\u015f ve 3 bin 259 \u00e7ifte de \u00f6demelerimiz ger\u00e7ekle\u015ftirilmi\u015ftir. Yine ocak ay\u0131ndan bu yana, biliyorsunuz bu y\u0131l 2025 Aile Y\u0131l\u0131 dolay\u0131s\u0131yla, yeni do\u011fum yapm\u0131\u015f annelere \u00f6dedi\u011fimiz bir te\u015fvikimiz vard\u0131. Kahramanmara\u015f&#8217;ta da kas\u0131m ay\u0131 itibar\u0131yla, ocaktan bug\u00fcne 11 bin 494 \u00e7ocu\u011fumuz i\u00e7in 11 bin 331 annemize 153,8 milyon lira yeni do\u011fum yard\u0131m\u0131 yap\u0131lm\u0131\u015f bulunuyor.&#8221;<\/p>\n<p>Bakan Yard\u0131mc\u0131s\u0131 Tar\u0131kdaro\u011flu, kentteki temaslar\u0131 kapsam\u0131nda B\u00fcy\u00fck\u015fehir Belediyesi ile Aile ve Sosyal Hizmetler Bakanl\u0131\u011f\u0131na ba\u011fl\u0131 merkezleri de ziyaret etti.???????<\/p>\n","protected":false},"excerpt":{"rendered":"<p>Aile ve Sosyal Hizmetler Bakan Yard\u0131mc\u0131s\u0131 Zafer Tar\u0131kdaro\u011flu, Kahramanmara\u015f&#8217;ta \u00e7e\u015fitli ziyaretler ger\u00e7ekle\u015ftirdi.<\/p>\n","protected":false},"author":1,"featured_media":17642,"comment_status":"open","ping_status":"open","sticky":false,"template":"","format":"standard","meta":{"footnotes":""},"categories":[12],"tags":[250,60,3347,172],"class_list":["post-17641","post","type-post","status-publish","format-standard","has-post-thumbnail","hentry","category-siyaset","tag-aile","tag-deprem","tag-kahramanmaras","tag-sosyal"],"_links":{"self":[{"href":"https:\/\/bihavadis.com\/index.php\/wp-json\/wp\/v2\/posts\/17641","targetHints":{"allow":["GET"]}}],"collection":[{"href":"https:\/\/bihavadis.com\/index.php\/wp-json\/wp\/v2\/posts"}],"about":[{"href":"https:\/\/bihavadis.com\/index.php\/wp-json\/wp\/v2\/types\/post"}],"author":[{"embeddable":true,"href":"https:\/\/bihavadis.com\/index.php\/wp-json\/wp\/v2\/users\/1"}],"replies":[{"embeddable":true,"href":"https:\/\/bihavadis.com\/index.php\/wp-json\/wp\/v2\/comments?post=17641"}],"version-history":[{"count":1,"href":"https:\/\/bihavadis.com\/index.php\/wp-json\/wp\/v2\/posts\/17641\/revisions"}],"predecessor-version":[{"id":17643,"href":"https:\/\/bihavadis.com\/index.php\/wp-json\/wp\/v2\/posts\/17641\/revisions\/17643"}],"wp:featuredmedia":[{"embeddable":true,"href":"https:\/\/bihavadis.com\/index.php\/wp-json\/wp\/v2\/media\/17642"}],"wp:attachment":[{"href":"https:\/\/bihavadis.com\/index.php\/wp-json\/wp\/v2\/media?parent=17641"}],"wp:term":[{"taxonomy":"category","embeddable":true,"href":"https:\/\/bihavadis.com\/index.php\/wp-json\/wp\/v2\/categories?post=17641"},{"taxonomy":"post_tag","embeddable":true,"href":"https:\/\/bihavadis.com\/index.php\/wp-json\/wp\/v2\/tags?post=17641"}],"curies":[{"name":"wp","href":"https:\/\/api.w.org\/{rel}","templated":true}]}}