{"id":17678,"date":"2026-02-06T01:24:12","date_gmt":"2026-02-06T01:24:12","guid":{"rendered":"https:\/\/bihavadis.com\/?p=17678"},"modified":"2026-02-06T01:24:12","modified_gmt":"2026-02-06T01:24:12","slug":"aydinda-sel-sularina-kapilan-minibuste-can-pazari","status":"publish","type":"post","link":"https:\/\/bihavadis.com\/index.php\/2026\/02\/06\/aydinda-sel-sularina-kapilan-minibuste-can-pazari\/","title":{"rendered":"Ayd\u0131n&#8217;da sel sular\u0131na kap\u0131lan minib\u00fcste can pazar\u0131"},"content":{"rendered":"<p>Ayd\u0131n genelinde son bir haftad\u0131r etkisini s\u00fcrd\u00fcren sa\u011fanak ya\u011f\u0131\u015f ve f\u0131rt\u0131na, Ku\u015fadas\u0131\u2019nda hayat\u0131 fel\u00e7 etti. \u0130l\u00e7ede metrekareye yakla\u015f\u0131k 100 kilogram ya\u011f\u0131\u015f d\u00fc\u015ferken, cadde ve sokaklar sular alt\u0131nda kald\u0131. Ku\u015fadas\u0131\u2013S\u00f6ke \u00c7evreyolu\u2019nun \u00fcst ge\u00e7ide ba\u011flanan b\u00f6l\u00fcm\u00fcnde biriken ya\u011fmur sular\u0131 yolu adeta dereye \u00e7evirdi.<\/p>\n<p><strong>M\u0130N\u0130B\u00dcS SEL SULARINDA MAHSUR KALDI<\/strong><\/p>\n<p>Yo\u011fun ya\u011f\u0131\u015f s\u0131ras\u0131nda seyir halinde olan ara\u00e7lardan baz\u0131lar\u0131 yollarda mahsur kal\u0131rken, 19 yolcusuyla ilerleyen bir minib\u00fcs \u00e7evreyolunun ba\u011flant\u0131 noktas\u0131nda sel sular\u0131na kap\u0131ld\u0131. K\u0131sa s\u00fcrede yar\u0131s\u0131na kadar suya g\u00f6m\u00fclen minib\u00fcs hareket edemez hale geldi. \u0130\u00e7erideki yolcular, h\u0131zla y\u00fckselen su seviyesi nedeniyle b\u00fcy\u00fck panik ya\u015fad\u0131.<\/p>\n<p><img decoding=\"async\" src=\"https:\/\/bihavadis.com\/wp-content\/uploads\/2026\/02\/aydinda-sel-sularina-kapilan-minibuste-can-pazari-0-ImY2N2E9.jpg\"\/><\/p>\n<p><strong>VATANDA\u015e VE EK\u0130PLER SEFERBER OLDU<\/strong><\/p>\n<p>Olay\u0131 g\u00f6ren \u00e7evredeki vatanda\u015flar, belediye ekipleri ve AKUT Ku\u015fadas\u0131 ekibi minib\u00fcsteki yolcular\u0131n kurtar\u0131lmas\u0131 i\u00e7in seferber oldu. Sel sular\u0131n\u0131n i\u00e7indeki yolcular, b\u00fcy\u00fck bir dikkatle minib\u00fcsten \u00e7\u0131kar\u0131larak g\u00fcvenli alana ta\u015f\u0131nd\u0131.<\/p>\n<p><img decoding=\"async\" src=\"https:\/\/bihavadis.com\/wp-content\/uploads\/2026\/02\/aydinda-sel-sularina-kapilan-minibuste-can-pazari-1-yEMBaJB7.jpg\"\/><\/p>\n<p><strong>FAC\u0130A UCUZ ATLATILDI<\/strong><\/p>\n<p>Adeta can pazar\u0131n\u0131n ya\u015fand\u0131\u011f\u0131 kurtarma operasyonunda minib\u00fcsteki yolcular tek tek tahliye edilirken, olayda yaralanan ya da hayat\u0131n\u0131 kaybeden olmamas\u0131 teselli kayna\u011f\u0131 oldu.<\/p>\n<p><img decoding=\"async\" src=\"https:\/\/bihavadis.com\/wp-content\/uploads\/2026\/02\/aydinda-sel-sularina-kapilan-minibuste-can-pazari-2-LhBkCUVg.jpg\"\/><\/p>\n<p><img decoding=\"async\" src=\"https:\/\/bihavadis.com\/wp-content\/uploads\/2026\/02\/aydinda-sel-sularina-kapilan-minibuste-can-pazari-3-sI7DS9bD.jpg\"\/><\/p>\n<p><img decoding=\"async\" src=\"https:\/\/bihavadis.com\/wp-content\/uploads\/2026\/02\/aydinda-sel-sularina-kapilan-minibuste-can-pazari-4-YdYp5pYS.jpg\"\/><\/p>\n<p><img decoding=\"async\" src=\"https:\/\/bihavadis.com\/wp-content\/uploads\/2026\/02\/aydinda-sel-sularina-kapilan-minibuste-can-pazari-5-OApFOml6.jpg\"\/><\/p>\n","protected":false},"excerpt":{"rendered":"<p>Ku\u015fadas\u0131 il\u00e7esinde etkili olan sa\u011fanak ya\u011f\u0131\u015f sonras\u0131 olu\u015fan sel sular\u0131na g\u00f6m\u00fclen minib\u00fcsteki 20 yolcu, ekiplerin ve vatanda\u015flar\u0131n zaman\u0131nda m\u00fcdahalesiyle kurtar\u0131ld\u0131.<\/p>\n","protected":false},"author":1,"featured_media":17679,"comment_status":"open","ping_status":"open","sticky":false,"template":"","format":"standard","meta":{"footnotes":""},"categories":[4,13],"tags":[284,1923],"class_list":["post-17678","post","type-post","status-publish","format-standard","has-post-thumbnail","hentry","category-gundem","category-son-dakika","tag-minibus","tag-sular"],"_links":{"self":[{"href":"https:\/\/bihavadis.com\/index.php\/wp-json\/wp\/v2\/posts\/17678","targetHints":{"allow":["GET"]}}],"collection":[{"href":"https:\/\/bihavadis.com\/index.php\/wp-json\/wp\/v2\/posts"}],"about":[{"href":"https:\/\/bihavadis.com\/index.php\/wp-json\/wp\/v2\/types\/post"}],"author":[{"embeddable":true,"href":"https:\/\/bihavadis.com\/index.php\/wp-json\/wp\/v2\/users\/1"}],"replies":[{"embeddable":true,"href":"https:\/\/bihavadis.com\/index.php\/wp-json\/wp\/v2\/comments?post=17678"}],"version-history":[{"count":1,"href":"https:\/\/bihavadis.com\/index.php\/wp-json\/wp\/v2\/posts\/17678\/revisions"}],"predecessor-version":[{"id":17686,"href":"https:\/\/bihavadis.com\/index.php\/wp-json\/wp\/v2\/posts\/17678\/revisions\/17686"}],"wp:featuredmedia":[{"embeddable":true,"href":"https:\/\/bihavadis.com\/index.php\/wp-json\/wp\/v2\/media\/17679"}],"wp:attachment":[{"href":"https:\/\/bihavadis.com\/index.php\/wp-json\/wp\/v2\/media?parent=17678"}],"wp:term":[{"taxonomy":"category","embeddable":true,"href":"https:\/\/bihavadis.com\/index.php\/wp-json\/wp\/v2\/categories?post=17678"},{"taxonomy":"post_tag","embeddable":true,"href":"https:\/\/bihavadis.com\/index.php\/wp-json\/wp\/v2\/tags?post=17678"}],"curies":[{"name":"wp","href":"https:\/\/api.w.org\/{rel}","templated":true}]}}