{"id":17692,"date":"2026-02-06T01:33:04","date_gmt":"2026-02-06T01:33:04","guid":{"rendered":"https:\/\/bihavadis.com\/?p=17692"},"modified":"2026-02-06T01:33:04","modified_gmt":"2026-02-06T01:33:04","slug":"aaron-opoku-eintracht-braunschweige-transfer-oldu","status":"publish","type":"post","link":"https:\/\/bihavadis.com\/index.php\/2026\/02\/06\/aaron-opoku-eintracht-braunschweige-transfer-oldu\/","title":{"rendered":"AAron Opoku, Eintracht Braunschweig&#8217;e transfer oldu"},"content":{"rendered":"<p>Kayserispor, futbolcular\u0131 Aaron Opoku&#8217;nun, Almanya 2. Futbol Ligi ekiplerinden Eintracht Braunschweig&#8217;e transfer oldu\u011funu a\u00e7\u0131klad\u0131.<\/p>\n<p>Sar\u0131-k\u0131rm\u0131z\u0131l\u0131 kul\u00fcp, sezon \u00f6ncesi Almanya&#8217;n\u0131n Kaiserslautern kul\u00fcb\u00fcnden kadrosuna katt\u0131\u011f\u0131 ve 1 y\u0131l\u0131 opsiyonlu 3 y\u0131ll\u0131k s\u00f6zle\u015fme imzalad\u0131\u011f\u0131 26 ya\u015f\u0131ndaki Opoku&#8217;nun tak\u0131mdan ayr\u0131ld\u0131\u011f\u0131n\u0131 duyurdu.<\/p>\n<p><strong>&#8220;KAR\u0130YER\u0130NDE BA\u015eARILAR D\u0130L\u0130YORUZ&#8221;<\/strong><\/p>\n<p>Kul\u00fcpten yap\u0131lan yaz\u0131l\u0131 a\u00e7\u0131klamada, <em><b>&#8220;Profesyonel futbolcumuz Aaron Opoku&#8217;nun transferi konusunda Eintracht Braunschweig kul\u00fcb\u00fc ile anla\u015fmaya var\u0131lm\u0131\u015ft\u0131r. Futbolcumuza verdi\u011fi emekler i\u00e7in te\u015fekk\u00fcr ediyor, bundan sonraki kariyerinde ba\u015far\u0131lar diliyoruz.&#8221;<\/b><\/em> ifadelerine yer verildi.<\/p>\n<p><strong>20 MA\u00c7A \u00c7IKTI<\/strong><\/p>\n<p>Kayserispor formas\u0131 alt\u0131nda 2025\/26 sezonunda 20 resmi ma\u00e7a \u00e7\u0131kan Aaron Opoku, bu kar\u015f\u0131la\u015fmalarda 2 asistlik katk\u0131 sundu.<\/p>\n<p><img decoding=\"async\" src=\"https:\/\/bihavadis.com\/wp-content\/uploads\/2026\/02\/aaron-opoku-eintracht-braunschweige-transfer-oldu-0-kPJlb34y.jpg\"\/><\/p>\n","protected":false},"excerpt":{"rendered":"<p>Kayserispor formas\u0131 giyen Aaron Opoku, Alman tak\u0131m\u0131 Eintracht Braunschweig&#8217;in yolunu tuttu.<\/p>\n","protected":false},"author":1,"featured_media":17693,"comment_status":"open","ping_status":"open","sticky":false,"template":"","format":"standard","meta":{"footnotes":""},"categories":[14],"tags":[],"class_list":["post-17692","post","type-post","status-publish","format-standard","has-post-thumbnail","hentry","category-spor"],"_links":{"self":[{"href":"https:\/\/bihavadis.com\/index.php\/wp-json\/wp\/v2\/posts\/17692","targetHints":{"allow":["GET"]}}],"collection":[{"href":"https:\/\/bihavadis.com\/index.php\/wp-json\/wp\/v2\/posts"}],"about":[{"href":"https:\/\/bihavadis.com\/index.php\/wp-json\/wp\/v2\/types\/post"}],"author":[{"embeddable":true,"href":"https:\/\/bihavadis.com\/index.php\/wp-json\/wp\/v2\/users\/1"}],"replies":[{"embeddable":true,"href":"https:\/\/bihavadis.com\/index.php\/wp-json\/wp\/v2\/comments?post=17692"}],"version-history":[{"count":1,"href":"https:\/\/bihavadis.com\/index.php\/wp-json\/wp\/v2\/posts\/17692\/revisions"}],"predecessor-version":[{"id":17695,"href":"https:\/\/bihavadis.com\/index.php\/wp-json\/wp\/v2\/posts\/17692\/revisions\/17695"}],"wp:featuredmedia":[{"embeddable":true,"href":"https:\/\/bihavadis.com\/index.php\/wp-json\/wp\/v2\/media\/17693"}],"wp:attachment":[{"href":"https:\/\/bihavadis.com\/index.php\/wp-json\/wp\/v2\/media?parent=17692"}],"wp:term":[{"taxonomy":"category","embeddable":true,"href":"https:\/\/bihavadis.com\/index.php\/wp-json\/wp\/v2\/categories?post=17692"},{"taxonomy":"post_tag","embeddable":true,"href":"https:\/\/bihavadis.com\/index.php\/wp-json\/wp\/v2\/tags?post=17692"}],"curies":[{"name":"wp","href":"https:\/\/api.w.org\/{rel}","templated":true}]}}