{"id":17702,"date":"2026-02-06T01:45:04","date_gmt":"2026-02-06T01:45:04","guid":{"rendered":"https:\/\/bihavadis.com\/?p=17702"},"modified":"2026-02-06T01:45:04","modified_gmt":"2026-02-06T01:45:04","slug":"karsiyakada-afetlere-karsi-ortak-akil-zirvesi","status":"publish","type":"post","link":"https:\/\/bihavadis.com\/index.php\/2026\/02\/06\/karsiyakada-afetlere-karsi-ortak-akil-zirvesi\/","title":{"rendered":"Kar\u015f\u0131yaka&#8217;da afetlere kar\u015f\u0131 ortak ak\u0131l zirvesi"},"content":{"rendered":"<p><b>Kar\u015f\u0131yaka Belediyesi\u2019nin de kat\u0131l\u0131mc\u0131s\u0131 oldu\u011fu \u0130l\u00e7e Afet M\u00fcdahale Plan\u0131 Toplant\u0131s\u0131, Mavi\u015fehir \u0130lkokulu\u2019nda ger\u00e7ekle\u015ftirildi. AFAD\u2019dan sorumlu Vali Yard\u0131mc\u0131s\u0131 \u0130smail \u00c7orumluo\u011flu ba\u015fkanl\u0131\u011f\u0131nda d\u00fczenlenen toplant\u0131da kurumlar aras\u0131 i\u015f birli\u011finin \u00f6nemine dikkat \u00e7ekilirken, Kar\u015f\u0131yaka Belediye Ba\u015fkan\u0131 Y\u0131ld\u0131z \u00dcnsal \u201cAfetlerle m\u00fccadele hem kurumsal hem de toplumsal dayan\u0131\u015fma gerektirir. Bu bilinci g\u00fc\u00e7lendirip birlikte \u00e7al\u0131\u015farak bu i\u015fin \u00fcstesinden gelebilece\u011fimize inan\u0131yoruz\u201d dedi.<\/b><\/p>\n<p>Kar\u015f\u0131yaka \u0130l\u00e7esi Afet M\u00fcdahale Plan\u0131\u2019n\u0131n haz\u0131rlanmas\u0131 ve uygulanmas\u0131na ili\u015fkin de\u011ferlendirme toplant\u0131s\u0131, Mavi\u015fehir \u0130lkokulu\u2019nda geni\u015f kat\u0131l\u0131mla ger\u00e7ekle\u015ftirildi. \u0130zmir Vali Yard\u0131mc\u0131s\u0131 \u0130smail \u00c7orumluo\u011flu, Kar\u015f\u0131yaka Kaymakam\u0131 \u00d6zkan Demir, Kar\u015f\u0131yaka Belediye Ba\u015fkan\u0131 Y\u0131ld\u0131z \u00dcnsal, AFAD M\u00fcd\u00fcr\u00fc Nazif Ekinci, Afet \u00c7al\u0131\u015fma Gruplar\u0131 ve ana \u00e7\u00f6z\u00fcm ortaklar\u0131 temsilcilerinin bir araya geldi\u011fi toplant\u0131da; il\u00e7edeki riskler, afetlere haz\u0131rl\u0131k ve m\u00fcdahale a\u015famalar\u0131 ele al\u0131nd\u0131. Kar\u015f\u0131yaka Belediyesi\u2019nin afet haz\u0131rl\u0131klar\u0131 kapsam\u0131nda ana \u00e7\u00f6z\u00fcm orta\u011f\u0131 oldu\u011fu 6 afet grubu planlamas\u0131, ilgili m\u00fcd\u00fcrler taraf\u0131ndan detayl\u0131 \u015fekilde aktar\u0131ld\u0131. Kar\u015f\u0131yaka Belediyesi Afet \u0130\u015fleri ve Risk Y\u00f6netimi M\u00fcd\u00fcrl\u00fc\u011f\u00fc b\u00fcnyesinde hayata ge\u00e7irilen \u2018Kar\u015f\u0131yaka Afet G\u00f6n\u00fcll\u00fcleri\u2019, \u2018Arama Kurtarma Ekibi\u2019 gibi projeler ve e\u011fitim \u00e7al\u0131\u015fmalar\u0131 anlat\u0131ld\u0131.<\/p>\n<p><b>\u201c\u0130Y\u0130 B\u0130R YOLDAYIZ\u201d<\/b><\/p>\n<p>Toplant\u0131n\u0131n ba\u015fkanl\u0131\u011f\u0131n\u0131 \u00fcstlenen \u0130zmir Vali Yard\u0131mc\u0131s\u0131 \u0130smail \u00c7orumluo\u011flu \u201cKaymakam\u0131m\u0131z\u0131 ve Belediye Ba\u015fkan\u0131m\u0131z\u0131 ziyaret ettik, afet konusundaki duyarl\u0131l\u0131klar\u0131n\u0131 bizimle payla\u015ft\u0131lar. Ger\u00e7ekten \u00e7ok memnun kald\u0131k \u00e7\u00fcnk\u00fc kurumlar\u0131n \u00e7al\u0131\u015fmalar\u0131n\u0131n ba\u015far\u0131l\u0131 olup olmamas\u0131nda \u00fcst y\u00f6neticilerin bu konuya bak\u0131\u015f a\u00e7\u0131s\u0131 son derece \u00f6nemli. \u0130yi yolday\u0131z, bu \u00e7er\u00e7evede bu i\u015fe \u00f6nem vermeye devam edelim. Kar\u015f\u0131yaka fark\u0131ndal\u0131\u011f\u0131 ve yakla\u015f\u0131m\u0131yla zaten farkl\u0131 bir il\u00e7e, daha fazla dikkat g\u00f6stererek ba\u015faraca\u011f\u0131m\u0131za inan\u0131yorum. Haz\u0131rl\u0131klar\u0131 i\u00e7in arkada\u015flar\u0131m\u0131za ve t\u00fcm kat\u0131l\u0131mc\u0131lar\u0131m\u0131za te\u015fekk\u00fcr ederim\u201d dedi.<\/p>\n<p><b>\u201cDERS\u0130M\u0130ZE \u0130Y\u0130 \u00c7ALI\u015eMALIYIZ\u201d<\/b><\/p>\n<p>Kar\u015f\u0131yaka Kaymakam\u0131 \u00d6zkan Demir de \u201cAfetler konusunda \u00e7ok hassas bir \u00fclkeyiz. \u0130zmir \u00f6zelinde son 5 y\u0131la bakt\u0131\u011f\u0131m\u0131zda b\u00fcy\u00fck bir deprem ya\u015fad\u0131k. Kar\u015f\u0131yaka\u2019da b\u00fcy\u00fck bir orman yang\u0131n\u0131 ya\u015fad\u0131k. Ta\u015fk\u0131n meselesiyle kar\u015f\u0131la\u015ft\u0131k. K\u00fcresel iklim de\u011fi\u015fikli\u011finin de getirdi\u011fi afetlerle kar\u015f\u0131 kar\u015f\u0131ya kalmak durumunday\u0131z. Bundan dolay\u0131 dersimize iyi \u00e7al\u0131\u015fmak, haz\u0131rl\u0131klar\u0131m\u0131z\u0131 iyi yapmak, yol haritam\u0131z\u0131 iyi bilmek ve takip etmek durumunday\u0131z. Bu noktada bu toplant\u0131y\u0131 \u00e7ok \u00f6nemsiyorum ve amac\u0131na ula\u015fmas\u0131n\u0131 diliyorum\u201d diye konu\u015ftu.<\/p>\n<p><b>\u0130\u015e B\u0130RL\u0130\u011e\u0130 VURGUSU<\/b><\/p>\n<p>Kar\u015f\u0131yaka Belediye Ba\u015fkan\u0131 Y\u0131ld\u0131z \u00dcnsal da \u201cCo\u011frafyam\u0131zla her zaman \u00e7ok \u00f6v\u00fcn\u00fcr\u00fcz; denizimiz, da\u011f\u0131m\u0131z, orman\u0131m\u0131z var deriz. Ama maalesef do\u011fal afetlerle bunlar\u0131 koruyamama \u00e7aresizli\u011fini ya\u015fayabiliyoruz. Ancak beraber, organize \u015fekilde \u00e7al\u0131\u015farak bu i\u015fin \u00fcstesinden gelebiliriz. Kar\u015f\u0131yaka Belediyesi olarak biz elimizden gelen katk\u0131y\u0131 koymaya \u00e7al\u0131\u015f\u0131yoruz. Bu anlay\u0131\u015fla belediyemiz b\u00fcnyesinde yeni bir Arama Kurtarma Ekibi olu\u015fturduk. Kar\u015f\u0131yaka Afet G\u00f6n\u00fcll\u00fcleri projemizi hayata ge\u00e7irdik. Afet E\u011fitim Merkezimiz var. Burada en \u00f6nemli konunun birlik i\u00e7inde, organize \u015fekilde \u00e7al\u0131\u015fmak oldu\u011funa inan\u0131yoruz. Biz buna her zaman haz\u0131r\u0131z ve elimizden geleni yapaca\u011f\u0131z\u201d dedi.<\/p>\n<p><b>\u201c\u00d6NLEM K\u00dcLT\u00dcR\u00dcN\u00dc GEL\u0130\u015eT\u0130RMEL\u0130Y\u0130Z\u201d<\/b><\/p>\n<p>AFAD M\u00fcd\u00fcr\u00fc Nazif Ekinci ise \u201cAfetlere m\u00fcdahale g\u00fcc\u00fcm\u00fcz\u00fcn olmas\u0131 \u00e7ok k\u0131ymetli, bu g\u00fcc\u00fcm\u00fcz\u00fc s\u00fcrekli artt\u0131rmam\u0131z da \u00e7ok \u00f6nemli. Ama as\u0131l yapmam\u0131z gereken afet \u00f6ncesinde risk odakl\u0131 d\u00fc\u015f\u00fcnerek, tehlikenin fark\u0131na vararak \u00f6nlem k\u00fclt\u00fcr\u00fcn\u00fc geli\u015ftirmektir. Sadece kurumlar\u0131n haz\u0131r olmas\u0131 yetmiyor. Toplum olarak da bireysel tedbirlerimizi almal\u0131, afetlerle i\u00e7 i\u00e7e ya\u015fama k\u00fclt\u00fcr\u00fcn\u00fc g\u00fc\u00e7lendirmeliyiz. Umar\u0131m hep birlikte ba\u015far\u0131r\u0131z ve toplumumuzu daha duyarl\u0131 ve bilin\u00e7li bir noktaya getirebiliriz\u201d ifadelerini kulland\u0131.<\/p>\n<p>\u00a0<\/p>\n<p>Kaynak: (BYZHA) Beyaz Haber Ajans\u0131<\/p>\n","protected":false},"excerpt":{"rendered":"<p>Kar\u015f\u0131yaka Belediyesi\u2019nin de kat\u0131l\u0131mc\u0131s\u0131 oldu\u011fu \u0130l\u00e7e Afet M\u00fcdahale Plan\u0131 Toplant\u0131s\u0131, Mavi\u015fehir \u0130lkokulu\u2019nda ger\u00e7ekle\u015ftirildi.<\/p>\n","protected":false},"author":1,"featured_media":17703,"comment_status":"open","ping_status":"open","sticky":false,"template":"","format":"standard","meta":{"footnotes":""},"categories":[4],"tags":[1194,378,1113,395,1664],"class_list":["post-17702","post","type-post","status-publish","format-standard","has-post-thumbnail","hentry","category-gundem","tag-afet","tag-calisma","tag-hazir","tag-is","tag-onem"],"_links":{"self":[{"href":"https:\/\/bihavadis.com\/index.php\/wp-json\/wp\/v2\/posts\/17702","targetHints":{"allow":["GET"]}}],"collection":[{"href":"https:\/\/bihavadis.com\/index.php\/wp-json\/wp\/v2\/posts"}],"about":[{"href":"https:\/\/bihavadis.com\/index.php\/wp-json\/wp\/v2\/types\/post"}],"author":[{"embeddable":true,"href":"https:\/\/bihavadis.com\/index.php\/wp-json\/wp\/v2\/users\/1"}],"replies":[{"embeddable":true,"href":"https:\/\/bihavadis.com\/index.php\/wp-json\/wp\/v2\/comments?post=17702"}],"version-history":[{"count":1,"href":"https:\/\/bihavadis.com\/index.php\/wp-json\/wp\/v2\/posts\/17702\/revisions"}],"predecessor-version":[{"id":17704,"href":"https:\/\/bihavadis.com\/index.php\/wp-json\/wp\/v2\/posts\/17702\/revisions\/17704"}],"wp:featuredmedia":[{"embeddable":true,"href":"https:\/\/bihavadis.com\/index.php\/wp-json\/wp\/v2\/media\/17703"}],"wp:attachment":[{"href":"https:\/\/bihavadis.com\/index.php\/wp-json\/wp\/v2\/media?parent=17702"}],"wp:term":[{"taxonomy":"category","embeddable":true,"href":"https:\/\/bihavadis.com\/index.php\/wp-json\/wp\/v2\/categories?post=17702"},{"taxonomy":"post_tag","embeddable":true,"href":"https:\/\/bihavadis.com\/index.php\/wp-json\/wp\/v2\/tags?post=17702"}],"curies":[{"name":"wp","href":"https:\/\/api.w.org\/{rel}","templated":true}]}}