{"id":17777,"date":"2026-02-06T02:45:10","date_gmt":"2026-02-06T02:45:10","guid":{"rendered":"https:\/\/bihavadis.com\/?p=17777"},"modified":"2026-02-06T02:45:10","modified_gmt":"2026-02-06T02:45:10","slug":"alassane-ndaonun-esi-kizim-ilk-yas-gunune-babasiz-girdi","status":"publish","type":"post","link":"https:\/\/bihavadis.com\/index.php\/2026\/02\/06\/alassane-ndaonun-esi-kizim-ilk-yas-gunune-babasiz-girdi\/","title":{"rendered":"Alassane Ndao&#8217;nun e\u015fi: K\u0131z\u0131m ilk ya\u015f g\u00fcn\u00fcne babas\u0131z girdi"},"content":{"rendered":"<p>\u0130stanbul Cumhuriyet Ba\u015fsavc\u0131l\u0131\u011f\u0131&#8217;nca y\u00fcr\u00fct\u00fclen futbolda bahis ve \u015fike soru\u015fturmas\u0131 kapsam\u0131nda g\u00f6zalt\u0131na al\u0131nan Konyasporlu futbolcu Alassane Ndao, 9 Aral\u0131k 2025 tarihinde \u00e7\u0131kar\u0131ld\u0131\u011f\u0131 mahkemece tutukland\u0131.<\/p>\n<p>Soru\u015fturma kapsam\u0131nda toplam 20 ki\u015fi cezaevine g\u00f6nderilirken, Ndao&#8217;nun e\u015fi Semiramis Ndao da ya\u015fad\u0131klar\u0131 zorlu s\u00fcreci ve aile olarak i\u00e7inde bulunduklar\u0131 durumu, \u0130hlas Haber Ajans\u0131&#8217;na anlatt\u0131.<\/p>\n<p><strong>&#8220;EN YAKIN ZAMANDA B\u0130ZE GELMES\u0130N\u0130 \u0130ST\u0130YORUZ&#8221;<\/strong><\/p>\n<p>E\u015finden yakla\u015f\u0131k 2 ayd\u0131r uzak olduklar\u0131n\u0131 s\u00f6yleyen Semiramis Ndao, k\u0131zlar\u0131n\u0131n birinci ya\u015f g\u00fcn\u00fcnde babas\u0131n\u0131n yan\u0131nda olamamas\u0131n\u0131n ailede derin bir \u00fcz\u00fcnt\u00fc olu\u015fturdu\u011funu aktararak,<em><b> &#8220;Bu s\u00fcre\u00e7te ger\u00e7ekten \u00e7ok zorland\u0131k. Bug\u00fcn k\u0131z\u0131m\u0131n birinci ya\u015f g\u00fcn\u00fc ve babas\u0131 yan\u0131nda de\u011fil. Bunun buruklu\u011funu ya\u015f\u0131yoruz. En yak\u0131n zamanda bize gelmesini istiyoruz.&#8221;<\/b><\/em> ifadelerini kulland\u0131.<\/p>\n<p><img decoding=\"async\" src=\"https:\/\/bihavadis.com\/wp-content\/uploads\/2026\/02\/alassane-ndaonun-esi-kizim-ilk-yas-gunune-babasiz-girdi-0-cQh3H7nf.jpg\"\/><\/p>\n<p><strong>&#8220;K\u00d6T\u00dc \u015eARTLAR ALTINDA KALIYOR&#8221;<\/strong><\/p>\n<p>E\u015finin T\u00fcrk vatanda\u015f\u0131 olmad\u0131\u011f\u0131 i\u00e7in farkl\u0131 bir cezaevine sevk edildi\u011fini dile getiren Ndao, <em><b>&#8220;Di\u011fer futbolcular\u0131 Silivri&#8217;ye g\u00f6t\u00fcr\u00fcrken, Alassane&#8217;yi Maltepe Cezaevi&#8217;ne g\u00f6t\u00fcrd\u00fcler. Orada 10 y\u0131l, 30 y\u0131l ceza alm\u0131\u015f ki\u015filerle birlikte, k\u00f6t\u00fc \u015fartlar alt\u0131nda kal\u0131yor. Can g\u00fcvenli\u011fi a\u00e7\u0131s\u0131ndan da kayg\u0131lar\u0131m\u0131z var.&#8221;<\/b><\/em> c\u00fcmlelerine yer verdi.<\/p>\n<p><strong>&#8220;ANTRENMAN PROGRAMI B\u0130R SPORCU \u0130\u00c7\u0130N \u00c7OK \u00d6NEML\u0130&#8221;<\/strong><\/p>\n<p>E\u015finin bir sporcu oldu\u011funu vurgulayan Semiramis Ndao, cezaevi \u015fartlar\u0131n\u0131n sporcu ya\u015fam\u0131na uygun olmad\u0131\u011f\u0131n\u0131 da vurgulayarak, <em><b>&#8220;Uyku d\u00fczeni, yemek d\u00fczeni, antrenman program\u0131 bir sporcu i\u00e7in \u00e7ok \u00f6nemli. Kendi imkanlar\u0131yla bir \u015fekilde antrenman yapmaya \u00e7al\u0131\u015f\u0131yor ama ne kadar verimli olabilir, bu tart\u0131\u015f\u0131l\u0131r. 60 ki\u015filik bir ko\u011fu\u015fta kal\u0131yor ve hepsi sigara i\u00e7iyor. Hayat\u0131nda hi\u00e7 sigara kullanmam\u0131\u015f biri olarak bundan \u00e7ok rahats\u0131z.&#8221;<\/b><\/em> diye konu\u015ftu.<\/p>\n<p><img decoding=\"async\" src=\"https:\/\/bihavadis.com\/wp-content\/uploads\/2026\/02\/alassane-ndaonun-esi-kizim-ilk-yas-gunune-babasiz-girdi-1-aRvxDLEK.jpg\"\/><\/p>\n<p><strong>&#8220;G\u00dcN\u00dcB\u0130RL\u0130K G\u0130D\u0130P GELMEK A\u015eIRI YORUCU OLUYOR&#8221;<\/strong><\/p>\n<p>Ya\u015fad\u0131klar\u0131 s\u00fcrecin hem fiziksel hem de psikolojik olarak \u00e7ok y\u0131prat\u0131c\u0131 oldu\u011funu s\u00f6zlerine ekleyen Ndao, <em><b>&#8220;Konya&#8217;dayd\u0131k, Antalya&#8217;ya d\u00f6nmeye karar verdik. Konya&#8217;da zaten 12 ay ceza alm\u0131\u015ft\u0131, orada i\u015fimiz kalmam\u0131\u015ft\u0131. Antalyal\u0131y\u0131m, buraya gelirken d\u00fczenlenen operasyonla e\u015fimi ald\u0131lar. \u0130ki g\u00fcn neye u\u011frad\u0131\u011f\u0131m\u0131 \u015fa\u015f\u0131rd\u0131m. Antalya&#8217;ya geldim ve her hafta Maltepe Cezaevi&#8217;ne ziyarete gidiyorum. K\u0131z\u0131m\u0131 burada b\u0131rakmak zorunda kal\u0131yorum. G\u00fcn\u00fcbirlik gidip gelmek a\u015f\u0131r\u0131 yorucu oluyor.&#8221;<\/b><\/em> a\u00e7\u0131klamas\u0131n\u0131 yapt\u0131.<\/p>\n<p><strong>&#8220;MA\u00c7LARI TAK\u0130P ED\u0130YOR&#8221;<\/strong><\/p>\n<p>E\u015finin cezaevinde olmas\u0131na ra\u011fmen futbol kariyerini d\u00fc\u015f\u00fcnmeye devam etti\u011fini dile getiren Semiramis Ndao, \u015funlar\u0131 s\u00f6yledi:<\/p>\n<p>Bana \u2018\u00c7ok s\u0131k\u0131ld\u0131m, bir an \u00f6nce \u00e7\u0131kmam laz\u0131m, antrenman yapmam laz\u0131m&#8217; diyor. Orada bile kendi kariyerini d\u00fc\u015f\u00fcn\u00fcyor. Ma\u00e7lar\u0131 takip ediyor.<\/p>\n<p><img decoding=\"async\" src=\"https:\/\/bihavadis.com\/wp-content\/uploads\/2026\/02\/alassane-ndaonun-esi-kizim-ilk-yas-gunune-babasiz-girdi-2-Jb9hlBSe.jpg\"\/><\/p>\n<p><strong>&#8220;BU S\u00dcREC\u0130N B\u0130R AN \u00d6NCE SON BULMASINI \u0130ST\u0130YORUZ&#8221;<\/strong><\/p>\n<p>Ndao&#8217;nun ailesinin Senegal&#8217;de ya\u015fad\u0131\u011f\u0131n\u0131 ve s\u00fcreci endi\u015feyle takip etti\u011fini belirten e\u015fi, <em><b>&#8220;Ailesi Senegal&#8217;de, buradaki hukuki s\u00fcreci merakla izliyorlar. Avukat\u0131m\u0131z ve menajeriyle birlikte haber g\u00f6nderiyoruz, orada da Alassane&#8217;nin \u00f6zg\u00fcr b\u0131rak\u0131lmas\u0131 i\u00e7in bir kampanya ba\u015flat\u0131ld\u0131. \u00d6n\u00fcm\u00fcz\u00fc g\u00f6rebilmek, gelece\u011fimizi planlayabilmek i\u00e7in bu s\u00fcrecin bir an \u00f6nce son bulmas\u0131n\u0131 istiyoruz&#8221; <\/b><\/em>de\u011ferlendirmesinde bulundu.<\/p>\n<p><strong>&#8220;\u0130LK DO\u011eUM G\u00dcN\u00dcNDE YANINDA OLAMADI&#8221;<\/strong><\/p>\n<p>K\u0131zlar\u0131n\u0131n ilk do\u011fum g\u00fcn\u00fcnde babas\u0131n\u0131n yan\u0131nda olamamas\u0131n\u0131n kendilerini derinden yaralad\u0131\u011f\u0131n\u0131 hat\u0131rlatan Semiramis Ndao, <em><b>&#8220;K\u0131z\u0131m\u0131n babas\u0131yla birlikte vakit ge\u00e7irmesi gereken bir d\u00f6nemde babas\u0131n\u0131n yan\u0131m\u0131zda olmamas\u0131 \u00e7ok \u00fcz\u00fcc\u00fc. \u0130lk do\u011fum g\u00fcn\u00fcnde yan\u0131nda olamad\u0131. Alassane \u00e7ok \u00fczg\u00fcn ama en yak\u0131n zamanda gelece\u011fine inan\u0131yor&#8221;<\/b><\/em> diye konu\u015ftu.<\/p>\n<p><img decoding=\"async\" src=\"https:\/\/bihavadis.com\/wp-content\/uploads\/2026\/02\/alassane-ndaonun-esi-kizim-ilk-yas-gunune-babasiz-girdi-3-IJ2Q1Mxv.jpg\"\/><\/p>\n","protected":false},"excerpt":{"rendered":"<p>\u0130stanbul Cumhuriyet Ba\u015fsavc\u0131l\u0131\u011f\u0131&#8217;n\u0131n y\u00fcr\u00fctt\u00fc\u011f\u00fc futbolda bahis ve \u015fike soru\u015fturmas\u0131 kapsam\u0131nda 20 \u015f\u00fcpheli ile birlikte tutuklanan Konyasporlu futbolcu Alassane Ndao&#8217;nun e\u015fi Semiramis Ndao, k\u0131zlar\u0131n\u0131n ilk ya\u015f g\u00fcn\u00fcne babas\u0131z girmesinin ailede b\u00fcy\u00fck \u00fcz\u00fcnt\u00fcye sebep oldu\u011funu belirtti.<\/p>\n","protected":false},"author":1,"featured_media":17778,"comment_status":"open","ping_status":"open","sticky":false,"template":"","format":"standard","meta":{"footnotes":""},"categories":[14],"tags":[2161,258,2036,1187,379],"class_list":["post-17777","post","type-post","status-publish","format-standard","has-post-thumbnail","hentry","category-spor","tag-babasi","tag-ceza","tag-sureci","tag-yaninda","tag-yas"],"_links":{"self":[{"href":"https:\/\/bihavadis.com\/index.php\/wp-json\/wp\/v2\/posts\/17777","targetHints":{"allow":["GET"]}}],"collection":[{"href":"https:\/\/bihavadis.com\/index.php\/wp-json\/wp\/v2\/posts"}],"about":[{"href":"https:\/\/bihavadis.com\/index.php\/wp-json\/wp\/v2\/types\/post"}],"author":[{"embeddable":true,"href":"https:\/\/bihavadis.com\/index.php\/wp-json\/wp\/v2\/users\/1"}],"replies":[{"embeddable":true,"href":"https:\/\/bihavadis.com\/index.php\/wp-json\/wp\/v2\/comments?post=17777"}],"version-history":[{"count":1,"href":"https:\/\/bihavadis.com\/index.php\/wp-json\/wp\/v2\/posts\/17777\/revisions"}],"predecessor-version":[{"id":17783,"href":"https:\/\/bihavadis.com\/index.php\/wp-json\/wp\/v2\/posts\/17777\/revisions\/17783"}],"wp:featuredmedia":[{"embeddable":true,"href":"https:\/\/bihavadis.com\/index.php\/wp-json\/wp\/v2\/media\/17778"}],"wp:attachment":[{"href":"https:\/\/bihavadis.com\/index.php\/wp-json\/wp\/v2\/media?parent=17777"}],"wp:term":[{"taxonomy":"category","embeddable":true,"href":"https:\/\/bihavadis.com\/index.php\/wp-json\/wp\/v2\/categories?post=17777"},{"taxonomy":"post_tag","embeddable":true,"href":"https:\/\/bihavadis.com\/index.php\/wp-json\/wp\/v2\/tags?post=17777"}],"curies":[{"name":"wp","href":"https:\/\/api.w.org\/{rel}","templated":true}]}}