{"id":17818,"date":"2026-02-06T03:21:06","date_gmt":"2026-02-06T03:21:06","guid":{"rendered":"https:\/\/bihavadis.com\/?p=17818"},"modified":"2026-02-06T03:21:06","modified_gmt":"2026-02-06T03:21:06","slug":"baskan-altay-177-milyon-lira-bedelle-koski-arac-filosuna-kazandirilan-19-yeni-araci-tanitti","status":"publish","type":"post","link":"https:\/\/bihavadis.com\/index.php\/2026\/02\/06\/baskan-altay-177-milyon-lira-bedelle-koski-arac-filosuna-kazandirilan-19-yeni-araci-tanitti\/","title":{"rendered":"Ba\u015fkan Altay 177 Milyon Lira Bedelle KOSK\u0130 Ara\u00e7 Filosuna Kazand\u0131r\u0131lan 19 Yeni Arac\u0131 Tan\u0131tt\u0131"},"content":{"rendered":"<p><strong>Konya B\u00fcy\u00fck\u015fehir Belediye Ba\u015fkan\u0131 U\u011fur \u0130brahim Altay, 177 milyon lira bedelle KOSK\u0130 Genel M\u00fcd\u00fcrl\u00fc\u011f\u00fc ara\u00e7 filosuna kazand\u0131r\u0131lan 19 yeni arac\u0131n tan\u0131t\u0131m program\u0131na kat\u0131ld\u0131. Konya B\u00fcy\u00fck\u015fehir Belediyesi ve KOSK\u0130\u2019nin sadece Konya\u2019da de\u011fil, afetlerde de \u00e7ok \u00f6nemli i\u015fler yapt\u0131\u011f\u0131n\u0131 kaydeden Ba\u015fkan Altay, \u201c\u00d6zellikle Hatay&#8217;da yapm\u0131\u015f oldu\u011funuz i\u015flerden dolay\u0131 bizim g\u00f6z\u00fcm\u00fczde KOSK\u0130 \u00e7al\u0131\u015fanlar\u0131m\u0131z\u0131n hepsi birer kahraman. Orada kimi g\u00f6rsek Konya&#8217;ya, Konyal\u0131lara dua ediyor. Bunda hepinizin eme\u011fi \u00e7ok. Tekrar hepinize te\u015fekk\u00fcr ediyorum\u201d dedi. 2018 y\u0131l\u0131nda g\u00f6reve geldikleri g\u00fcnden itibaren KOSK\u0130\u2019nin ara\u00e7 filosunu g\u00fc\u00e7lendirmek ad\u0131na \u00f6nemli i\u015fler yapt\u0131klar\u0131n\u0131 dile getiren Ba\u015fkan Altay, \u201cBug\u00fcne kadar toplam 417 milyon bedelle 104 arac\u0131m\u0131z\u0131 KOSK\u0130\u2019ye kazand\u0131rd\u0131k. Bug\u00fcn kazand\u0131rd\u0131\u011f\u0131m\u0131z ara\u00e7lar i\u00e7erisinde \u00f6zellikle kombine, makineler sadece \u015fehrimizde de\u011fil, \u00f6zellikle Karadeniz b\u00f6lgesindeki afetlerde AFAD taraf\u0131ndan ilk talep edilen ara\u00e7 olma \u00f6zelli\u011fini ta\u015f\u0131yor. Bununla birlikte damperli kamyonlar\u0131m\u0131z, kaz\u0131c\u0131 y\u00fckleyicilerimiz, vidanj\u00f6r\u00fcm\u00fcz ve su tankerlerimizle birlikte 19 arac\u0131m\u0131z in\u015fallah \u015fehrimizin sokaklar\u0131nda vatanda\u015flar\u0131m\u0131za hizmet edecek\u201d dedi.<\/strong><\/p>\n<hr\/>\n<p>Konya B\u00fcy\u00fck\u015fehir Belediyesi KOSK\u0130 Genel M\u00fcd\u00fcrl\u00fc\u011f\u00fc b\u00fcnyesine dahil edilen yeni ara\u00e7lar\u0131n tan\u0131t\u0131m program\u0131 ger\u00e7ekle\u015ftirildi.<\/p>\n<p>Konya B\u00fcy\u00fck\u015fehir Belediyesi KOSK\u0130 Arif Bilge Tesisleri\u2019nde d\u00fczenlenen programda konu\u015fan KOSK\u0130 Genel M\u00fcd\u00fcr\u00fc Ahmet Demir, ara\u00e7-gere\u00e7 ve ekipman altyap\u0131lar\u0131n\u0131 her y\u0131l d\u00fczenli olarak yenilediklerini ifade ederek, \u201cBu kapsamda 2025 y\u0131l\u0131nda 24 yeni arac\u0131 filomuza takviye etmi\u015ftik. 2026 y\u0131l\u0131nda ise 177 milyon liral\u0131k 19 ilave ara\u00e7 daha eklemi\u015f oluyoruz. Filomuza kazand\u0131rd\u0131\u011f\u0131m\u0131z bu i\u015f makineleri ar\u0131zlara daha h\u0131zl\u0131 m\u00fcdahale edilmesini, sahadaki i\u015f y\u00fck\u00fcn\u00fcn etkin \u015fekilde y\u00fcr\u00fct\u00fclmesini ve hizmet kalitesini daha da art\u0131r\u0131lmas\u0131n\u0131 sa\u011flayacakt\u0131r\u201d diye konu\u015ftu.<\/p>\n<p><strong>\u201cKES\u0130NT\u0130S\u0130Z VE SA\u011eLIKLI SUYU ULA\u015eTIRMAK \u0130\u00c7\u0130N KAHRAMANCA M\u00dcCADELE ED\u0130YORSUNUZ\u201d<\/strong><\/p>\n<p>AK Parti Konya \u0130l Ba\u015fkan Yard\u0131mc\u0131s\u0131 Osman Ar\u0131\u2019n\u0131n kat\u0131ld\u0131\u011f\u0131 programda konu\u015fan Konya B\u00fcy\u00fck\u015fehir Belediye Ba\u015fkan\u0131 U\u011fur \u0130brahim Altay da, \u201cKonya Modeli Belediyecilik\u201d anlay\u0131\u015f\u0131yla 42 bin kilometrekarelik alanda 1.138 mahallede hizmet y\u00fcr\u00fctmek i\u00e7in yo\u011fun bir gayret sarf ettiklerini belirterek, KOSK\u0130 ekiplerinin \u00f6zellikle yo\u011fun kurakl\u0131\u011f\u0131n ya\u015fand\u0131\u011f\u0131 ge\u00e7ti\u011fimiz y\u0131l Konyal\u0131lara kesintisiz ve sa\u011fl\u0131kl\u0131 suyu ula\u015ft\u0131rmak i\u00e7in kahramanca m\u00fccadele etti\u011fini s\u00f6yledi.<\/p>\n<p><strong>\u201cATIK SU ARITMA KAPAS\u0130TEM\u0130Z\u0130 \u0130K\u0130 KATINA \u00c7IKARACAK S\u00dcREC\u0130 Y\u00dcR\u00dcT\u00dcYORUZ\u201d<\/strong><\/p>\n<p>Co\u011frafi olarak T\u00fcrkiye&#8217;nin en b\u00fcy\u00fck ili olan Konya\u2019n\u0131n iklim de\u011fi\u015fikli\u011finden en \u00e7ok etkilenen \u015fehirlerden biri oldu\u011funu an\u0131msatan Ba\u015fkan Altay, \u201cAma \u00e7evremizde ya\u015fanan illerdeki su kesintisini insan\u0131m\u0131za ya\u015fatmamak ad\u0131na gayret ediyoruz. Bundan sonra da gayret etmeye devam edece\u011fiz. KOSK\u0130\u2019nin en \u00f6nemli \u00f6nceli\u011fi insanlara i\u00e7me suyu sa\u011flamak. Sonra ya\u011fmur suyuyla ilgili, afetlerden korumak ve \u00e7evreye duyarl\u0131 yakla\u015f\u0131mlarla insan kaynakl\u0131 at\u0131klar\u0131n \u00e7evreye zarar vermeden ar\u0131t\u0131larak do\u011faya ula\u015fmas\u0131n\u0131 sa\u011flamak. Konya B\u00fcy\u00fck\u015fehir ve KOSK\u0130 olarak son d\u00f6nemdeki en \u00f6nemli yat\u0131r\u0131m\u0131m\u0131z\u0131 ger\u00e7ekle\u015ftirerek at\u0131k su ar\u0131tma kapasitemizi iki kat\u0131na \u00e7\u0131karacak s\u00fcreci y\u00fcr\u00fct\u00fcyoruz. Bahar ay\u0131nda in\u015fallah bununla ilgili temel atma t\u00f6renimizi de ger\u00e7ekle\u015ftirmi\u015f olaca\u011f\u0131z\u201d ifadelerini kulland\u0131.<\/p>\n<p><strong>\u201cBARAJLARIMIZIN DOLULUK ORANLARI SEV\u0130ND\u0130RMEYE BA\u015eLADI\u201d<\/strong><\/p>\n<p>Sadece merkezde de\u011fil, merkezin d\u0131\u015f\u0131ndaki il\u00e7elerin tamam\u0131nda at\u0131k su ar\u0131tma tesisleri yaparak insan kaynakl\u0131 sular\u0131n ar\u0131t\u0131larak do\u011faya verilmesi ile ilgili de \u00e7al\u0131\u015fmalar y\u00fcr\u00fctt\u00fcklerini kaydeden Ba\u015fkan Altay, \u201cB\u00f6lgemizde bulunan Bey\u015fehir G\u00f6l\u00fc, Tuz G\u00f6l\u00fc ve Mekke G\u00f6l\u00fc ile ilgili \u00f6rnek \u00e7al\u0131\u015fmalar y\u00fcr\u00fct\u00fcyoruz. Ama t\u00fcm bunlar\u0131n yan\u0131nda en \u00f6nemlisi i\u00e7me suyunu kesintisiz olarak \u015fehre sa\u011flayabilmek. \u0130n\u015fallah bu y\u0131l ya\u011f\u0131\u015flar iyi gidiyor. Barajlar\u0131m\u0131z\u0131n doluluk oranlar\u0131 sevindirmeye ba\u015flad\u0131. \u00a0Sorun ya\u015famayaca\u011f\u0131m\u0131z bir y\u0131l olmas\u0131n\u0131 temenni ediyorum. Rabbimden rahmet ve bereketin devam etmesi i\u00e7in dua ediyoruz\u201d diye konu\u015ftu.<\/p>\n<p><strong>\u201c2025\u2019TE B\u0130R \u00d6NCEK\u0130 YILA G\u00d6RE Y\u00dcZDE 7\u2019L\u0130K TASARRUF SA\u011eLAMAYI BA\u015eARAB\u0130LD\u0130K\u201d<\/strong><\/p>\n<p>Ba\u015fkan Altay, bir taraftan da tasarruf konusunda gayret g\u00f6sterilmesi gerekti\u011fine dikkat \u00e7ekerek, \u201cKOSK\u0130 olarak son d\u00f6nemde yapm\u0131\u015f oldu\u011fumuz \u00e7al\u0131\u015fmalarla 2025 y\u0131l\u0131nda ge\u00e7en y\u0131la g\u00f6re 2024 y\u0131l\u0131na g\u00f6re y\u00fczde 7&#8217;lik bir tasarruf sa\u011flamay\u0131 ba\u015farabildik. Bir taraftan biz yat\u0131r\u0131mlar\u0131m\u0131za devam edece\u011fiz ama bir taraftan da her ya\u015ftan vatanda\u015f\u0131m\u0131z\u0131n suyu tasarruflu kullanmas\u0131 i\u00e7in bilin\u00e7lendirme \u00e7al\u0131\u015fmalar\u0131na da kesintisiz bir \u015fekilde devam edece\u011fiz\u201d de\u011ferlendirmesini yapt\u0131.<\/p>\n<p><strong>\u201cKONYA B\u00dcY\u00dcK\u015eEH\u0130R BELED\u0130YES\u0130 VE KOSK\u0130 SADECE KONYA\u2019DA DE\u011e\u0130L, AFETLERDE DE \u00c7OK \u00d6NEML\u0130 \u0130\u015eLER YAPIYOR\u201d<\/strong><\/p>\n<p>Konya B\u00fcy\u00fck\u015fehir Belediyesi ve KOSK\u0130 olarak sadece Konya\u2019da de\u011fil, afetlerde de \u00e7ok \u00f6nemli i\u015fler yapt\u0131klar\u0131n\u0131 belirterek konu\u015fmas\u0131n\u0131 s\u00fcrd\u00fcren Ba\u015fkan Altay \u015funlar\u0131 kaydetti:<\/p>\n<p>\u201cBizim g\u00f6z\u00fcm\u00fczde KOSK\u0130 \u00e7al\u0131\u015fanlar\u0131m\u0131z\u0131n hepsi birer kahraman. \u00d6zellikle Hatay&#8217;da yapm\u0131\u015f oldu\u011funuz i\u015fler. \u0130\u015fte ge\u00e7ti\u011fimiz g\u00fcnlerde Cumhurba\u015fkan\u0131m\u0131z Say\u0131n Recep Tayyip Erdo\u011fan\u2019\u0131n kat\u0131l\u0131m\u0131yla Hatay&#8217;daki son i\u015fimiz olan Habib-i Neccar Camisinin a\u00e7\u0131l\u0131\u015f\u0131n\u0131 ger\u00e7ekle\u015ftirdik. Orada yolda, sokakta kimi g\u00f6rsek Konya&#8217;ya, Konyal\u0131lara dua ediyor. Bunda hepinizin eme\u011fi \u00e7ok. Tekrar t\u00fcm Konyal\u0131lar ad\u0131na afet b\u00f6lgelerinde yapt\u0131\u011f\u0131n\u0131z \u00e7al\u0131\u015fmalardan dolay\u0131 te\u015fekk\u00fcr ediyorum. Allah sizlerden raz\u0131 olsun. Tabii bu i\u015fleri yaparken en \u00f6nemli farkl\u0131l\u0131\u011f\u0131m\u0131z, en \u00f6nemli g\u00fcc\u00fcm\u00fcz yeti\u015fmi\u015f insan kayna\u011f\u0131m\u0131z. KOSK\u0130\u2019nin adeta bir okul gibi e\u011fitimden ge\u00e7irerek i\u015f\u00e7isinden m\u00fchendisine t\u00fcm T\u00fcrkiye&#8217;ye \u00f6rnek insan kayna\u011f\u0131 modeli bizim en \u00f6nemli g\u00fcc\u00fcm\u00fcz. Ama kabul ediyoruz ki \u2018alet i\u015fler el \u00f6v\u00fcn\u00fcr.\u2019 E\u011fer makine ekipman\u0131n\u0131z\u0131 yeteri kadar g\u00fc\u00e7lendiremezseniz sahada, hele b\u00f6yle b\u00fcy\u00fck bir co\u011frafyada g\u00fc\u00e7l\u00fc bir ad\u0131m atamazs\u0131n\u0131z. Ar\u0131zalara m\u00fcdahale edemezsiniz. Su kaynaklar\u0131ndaki suyu \u015fehre getirmek i\u00e7in yeterince \u00e7al\u0131\u015fma yapamazs\u0131n\u0131z.\u201d<\/p>\n<p><strong>2018\u2019DEN BER\u0130 417 M\u0130LYON BEDELLE 104 YEN\u0130 ARA\u00c7 F\u0130LOYA DAH\u0130L ED\u0130LD\u0130<\/strong><\/p>\n<p>2018 y\u0131l\u0131nda g\u00f6reve geldikleri g\u00fcnden itibaren KOSK\u0130\u2019nin ara\u00e7 filosunu g\u00fc\u00e7lendirmek ad\u0131na \u00f6nemli i\u015fler yapt\u0131klar\u0131n\u0131 dile getiren Ba\u015fkan Altay, \u201cBug\u00fcne kadar toplam 417 milyon bedelle 104 arac\u0131m\u0131z\u0131 KOSK\u0130\u2019ye kazand\u0131rd\u0131k. 2025 y\u0131l\u0131 Nisan ay\u0131nda 100 milyon bedelle 24 arac\u0131 hizmete alm\u0131\u015ft\u0131k. \u015eimdi bug\u00fcn in\u015fallah 177 milyon bedelle 19 arac\u0131m\u0131z\u0131 da hizmete alm\u0131\u015f olaca\u011f\u0131z. B\u00f6ylece toplam 417 milyonluk g\u00fcncel bedelle ara\u00e7 filomuzu g\u00fc\u00e7lendirmi\u015f oluyoruz. Kazand\u0131rd\u0131\u011f\u0131m\u0131z ara\u00e7lar i\u00e7erisinde \u00f6zellikle kombine, makineler sadece \u015fehrimizde de\u011fil, \u00f6zellikle Karadeniz b\u00f6lgesindeki afetlerde AFAD taraf\u0131ndan ilk talep edilen ara\u00e7 olma \u00f6zelli\u011fini ta\u015f\u0131yor. Bununla birlikte damperli kamyonlar\u0131m\u0131z, kaz\u0131c\u0131 y\u00fckleyicilerimiz, vidanj\u00f6r\u00fcm\u00fcz ve su tankerlerimizle birlikte 19 arac\u0131m\u0131z in\u015fallah \u015fehrimizin sokaklar\u0131nda vatanda\u015flar\u0131m\u0131za hizmet edecek. Ben eme\u011fi ge\u00e7en t\u00fcm arkada\u015flar\u0131ma te\u015fekk\u00fcr ediyorum\u201d s\u00f6zlerini sarf etti.<\/p>\n<p><strong>\u201cG\u00dcC\u00dcM\u00dcZ ARTARAK DEVAM EDECEK\u201d<\/strong><\/p>\n<p>2026 y\u0131l\u0131n\u0131n bol ya\u011f\u0131\u015fl\u0131, bereketli, barajlar\u0131n doldu\u011fu, insanlar\u0131n su kesintisi ya\u015famad\u0131\u011f\u0131, \u00e7evreye duyarl\u0131 projelerin artarak devam etti\u011fi, ba\u015far\u0131l\u0131 bir y\u0131l olmas\u0131n\u0131 temennisinde bulunan Ba\u015fkan Altay, \u201cEme\u011finizden dolay\u0131 t\u00fcm \u00e7al\u0131\u015fma arkada\u015flar\u0131m\u0131za, Genel M\u00fcd\u00fcr\u00fcm\u00fcz\u00fcn \u015fahs\u0131nda Genel M\u00fcd\u00fcr Yard\u0131mc\u0131lar\u0131m\u0131za, Daire Ba\u015fkanlar\u0131m\u0131za, m\u00fcd\u00fcrlerimize, \u015feflerimize ve \u00e7al\u0131\u015fan i\u015f\u00e7i karde\u015flerimize ayr\u0131 ayr\u0131 te\u015fekk\u00fcr ediyorum. \u0130yi ki vars\u0131n\u0131z. Birlikte bu m\u00fcbarek \u015fehre hizmet etmek bizlere nasip oldu. G\u00fcc\u00fcm\u00fcz artarak devam edecek. Ara\u00e7lar\u0131m\u0131z Konya&#8217;m\u0131za hay\u0131rl\u0131, m\u00fcbarek olsun\u201d s\u00f6zleriyle konu\u015fmas\u0131n\u0131 tamamlad\u0131.<\/p>\n<p>\u00a0<\/p>\n<p>\u00a0<\/p>\n<p>Kaynak: (BYZHA) Beyaz Haber Ajans\u0131<\/p>\n","protected":false},"excerpt":{"rendered":"<p>Konya B\u00fcy\u00fck\u015fehir Belediye Ba\u015fkan\u0131 U\u011fur \u0130brahim Altay, 177 milyon lira bedelle KOSK\u0130 Genel M\u00fcd\u00fcrl\u00fc\u011f\u00fc ara\u00e7 filosuna kazand\u0131r\u0131lan 19 yeni arac\u0131n tan\u0131t\u0131m program\u0131na kat\u0131ld\u0131.<\/p>\n","protected":false},"author":1,"featured_media":17819,"comment_status":"open","ping_status":"open","sticky":false,"template":"","format":"standard","meta":{"footnotes":""},"categories":[4],"tags":[581,3376,395,426,3375],"class_list":["post-17818","post","type-post","status-publish","format-standard","has-post-thumbnail","hentry","category-gundem","tag-arac","tag-baskan-altay","tag-is","tag-konya","tag-koski"],"_links":{"self":[{"href":"https:\/\/bihavadis.com\/index.php\/wp-json\/wp\/v2\/posts\/17818","targetHints":{"allow":["GET"]}}],"collection":[{"href":"https:\/\/bihavadis.com\/index.php\/wp-json\/wp\/v2\/posts"}],"about":[{"href":"https:\/\/bihavadis.com\/index.php\/wp-json\/wp\/v2\/types\/post"}],"author":[{"embeddable":true,"href":"https:\/\/bihavadis.com\/index.php\/wp-json\/wp\/v2\/users\/1"}],"replies":[{"embeddable":true,"href":"https:\/\/bihavadis.com\/index.php\/wp-json\/wp\/v2\/comments?post=17818"}],"version-history":[{"count":1,"href":"https:\/\/bihavadis.com\/index.php\/wp-json\/wp\/v2\/posts\/17818\/revisions"}],"predecessor-version":[{"id":17820,"href":"https:\/\/bihavadis.com\/index.php\/wp-json\/wp\/v2\/posts\/17818\/revisions\/17820"}],"wp:featuredmedia":[{"embeddable":true,"href":"https:\/\/bihavadis.com\/index.php\/wp-json\/wp\/v2\/media\/17819"}],"wp:attachment":[{"href":"https:\/\/bihavadis.com\/index.php\/wp-json\/wp\/v2\/media?parent=17818"}],"wp:term":[{"taxonomy":"category","embeddable":true,"href":"https:\/\/bihavadis.com\/index.php\/wp-json\/wp\/v2\/categories?post=17818"},{"taxonomy":"post_tag","embeddable":true,"href":"https:\/\/bihavadis.com\/index.php\/wp-json\/wp\/v2\/tags?post=17818"}],"curies":[{"name":"wp","href":"https:\/\/api.w.org\/{rel}","templated":true}]}}